{"id":1149,"date":"2018-03-02T16:15:03","date_gmt":"2018-03-02T15:15:03","guid":{"rendered":"http:\/\/agora.xtec.cat\/ceipcansalvi\/?p=1149"},"modified":"2018-03-02T16:15:03","modified_gmt":"2018-03-02T15:15:03","slug":"sortida-2n-ferrocarrils","status":"publish","type":"post","link":"https:\/\/agora.xtec.cat\/ceipcansalvi\/general\/sortida-2n-ferrocarrils\/","title":{"rendered":"SORTIDA 2n FERROCARRILS"},"content":{"rendered":"<p>La sortida de 2n, als Ferrocarrils de la Generalitat, apla\u00e7ada per les inclem\u00e8ncies meteorol\u00f2giques d&#8217;aquesta setmana, tindr\u00e0 lloc el dimarts,15 de maig. M\u00e9s endavant ja us tornarem a donar m\u00e9s informaci\u00f3.<\/p>\n<p><img loading=\"lazy\" decoding=\"async\" class=\"irc_mi aligncenter\" src=\"http:\/\/web.gencat.cat\/web\/.content\/Imatge\/noticies\/2015\/20150409_fgc.jpg\" alt=\"Resultat d'imatges de ferrrocarrils generalitat sab\" width=\"750\" height=\"308\" \/><\/p>\n","protected":false},"excerpt":{"rendered":"<p>La sortida de 2n, als Ferrocarrils de la Generalitat, apla\u00e7ada per les inclem\u00e8ncies meteorol\u00f2giques d&#8217;aquesta setmana, tindr\u00e0 lloc el dimarts,15 de maig&hellip;  <a href=\"https:\/\/agora.xtec.cat\/ceipcansalvi\/general\/sortida-2n-ferrocarrils\/\" title=\"Read SORTIDA 2n FERROCARRILS\">Llegeix m\u00e9s\u00bb<\/a><\/p>\n","protected":false},"author":1,"featured_media":1150,"comment_status":"closed","ping_status":"closed","sticky":false,"template":"","format":"standard","meta":{"_bbp_topic_count":0,"_bbp_reply_count":0,"_bbp_total_topic_count":0,"_bbp_total_reply_count":0,"_bbp_voice_count":0,"_bbp_anonymous_reply_count":0,"_bbp_topic_count_hidden":0,"_bbp_reply_count_hidden":0,"_bbp_forum_subforum_count":0,"footnotes":""},"categories":[1,4],"tags":[],"class_list":["post-1149","post","type-post","status-publish","format-standard","has-post-thumbnail","hentry","category-general","category-portada"],"post_mailing_queue_ids":[],"_links":{"self":[{"href":"https:\/\/agora.xtec.cat\/ceipcansalvi\/wp-json\/wp\/v2\/posts\/1149","targetHints":{"allow":["GET"]}}],"collection":[{"href":"https:\/\/agora.xtec.cat\/ceipcansalvi\/wp-json\/wp\/v2\/posts"}],"about":[{"href":"https:\/\/agora.xtec.cat\/ceipcansalvi\/wp-json\/wp\/v2\/types\/post"}],"author":[{"embeddable":true,"href":"https:\/\/agora.xtec.cat\/ceipcansalvi\/wp-json\/wp\/v2\/users\/1"}],"replies":[{"embeddable":true,"href":"https:\/\/agora.xtec.cat\/ceipcansalvi\/wp-json\/wp\/v2\/comments?post=1149"}],"version-history":[{"count":1,"href":"https:\/\/agora.xtec.cat\/ceipcansalvi\/wp-json\/wp\/v2\/posts\/1149\/revisions"}],"predecessor-version":[{"id":1151,"href":"https:\/\/agora.xtec.cat\/ceipcansalvi\/wp-json\/wp\/v2\/posts\/1149\/revisions\/1151"}],"wp:featuredmedia":[{"embeddable":true,"href":"https:\/\/agora.xtec.cat\/ceipcansalvi\/wp-json\/wp\/v2\/media\/1150"}],"wp:attachment":[{"href":"https:\/\/agora.xtec.cat\/ceipcansalvi\/wp-json\/wp\/v2\/media?parent=1149"}],"wp:term":[{"taxonomy":"category","embeddable":true,"href":"https:\/\/agora.xtec.cat\/ceipcansalvi\/wp-json\/wp\/v2\/categories?post=1149"},{"taxonomy":"post_tag","embeddable":true,"href":"https:\/\/agora.xtec.cat\/ceipcansalvi\/wp-json\/wp\/v2\/tags?post=1149"}],"curies":[{"name":"wp","href":"https:\/\/api.w.org\/{rel}","templated":true}]}}