{"id":1108,"date":"2018-02-27T11:34:07","date_gmt":"2018-02-27T10:34:07","guid":{"rendered":"http:\/\/agora.xtec.cat\/ceipcansalvi\/?p=1108"},"modified":"2018-02-27T16:34:07","modified_gmt":"2018-02-27T15:34:07","slug":"educacio-vial-6e","status":"publish","type":"post","link":"https:\/\/agora.xtec.cat\/ceipcansalvi\/general\/educacio-vial-6e\/","title":{"rendered":"EDUCACI\u00d3 VIAL 6\u00e8"},"content":{"rendered":"<p>Avui els nostres alumnes de 6\u00e8 C i A, han fet un taller d&#8217;educaci\u00f3 vial.<\/p>\n<p style=\"text-align: justify;\">Han parlat amb l&#8217;Agent\u00a0 de les proteccions, inclu\u00e8ncies dels amics,\u00a0 i les normes de seguretat a l&#8217;hora d&#8217;anar en bicicleta. Mitjan\u00e7ant un video,\u00a0 els alumnes havien de posar-se en situaci\u00f3, i comentar si preferien la seva seguretat o si els preocupava m\u00e9s el que els seus amics els puguessin dir.<\/p>\n<p>Ha estat un taller molt interessant i han apr\u00e8s moltes coses.<\/p>\n<p><img loading=\"lazy\" decoding=\"async\" class=\"attachment-266x266 alignright\" src=\"http:\/\/agora.xtec.cat\/ceipcansalvi\/wp-content\/uploads\/usu1749\/2018\/02\/bici.jpg\" sizes=\"auto, (max-width: 266px) 100vw, 266px\" srcset=\"https:\/\/agora.xtec.cat\/ceipcansalvi\/wp-content\/uploads\/usu1749\/2018\/02\/bici.jpg 1200w, https:\/\/agora.xtec.cat\/ceipcansalvi\/wp-content\/uploads\/usu1749\/2018\/02\/bici-300x172.jpg 300w, https:\/\/agora.xtec.cat\/ceipcansalvi\/wp-content\/uploads\/usu1749\/2018\/02\/bici-768x440.jpg 768w, https:\/\/agora.xtec.cat\/ceipcansalvi\/wp-content\/uploads\/usu1749\/2018\/02\/bici-1024x587.jpg 1024w\" alt=\"\" width=\"300\" height=\"172\" \/><\/p>\n<p>El proper dijous, 1 de mar\u00e7 faran el taller els alumnes de 6\u00e8B.<\/p>\n<p>&nbsp;<\/p>\n","protected":false},"excerpt":{"rendered":"<p>Avui els nostres alumnes de 6\u00e8 C i A, han fet un taller d&#8217;educaci\u00f3 vial. &hellip;  <a href=\"https:\/\/agora.xtec.cat\/ceipcansalvi\/general\/educacio-vial-6e\/\" title=\"Read EDUCACI\u00d3 VIAL 6\u00e8\">Llegeix m\u00e9s\u00bb<\/a><\/p>\n","protected":false},"author":1,"featured_media":1111,"comment_status":"closed","ping_status":"closed","sticky":false,"template":"","format":"standard","meta":{"_bbp_topic_count":0,"_bbp_reply_count":0,"_bbp_total_topic_count":0,"_bbp_total_reply_count":0,"_bbp_voice_count":0,"_bbp_anonymous_reply_count":0,"_bbp_topic_count_hidden":0,"_bbp_reply_count_hidden":0,"_bbp_forum_subforum_count":0,"footnotes":""},"categories":[1,4],"tags":[],"class_list":["post-1108","post","type-post","status-publish","format-standard","has-post-thumbnail","hentry","category-general","category-portada"],"post_mailing_queue_ids":[],"_links":{"self":[{"href":"https:\/\/agora.xtec.cat\/ceipcansalvi\/wp-json\/wp\/v2\/posts\/1108","targetHints":{"allow":["GET"]}}],"collection":[{"href":"https:\/\/agora.xtec.cat\/ceipcansalvi\/wp-json\/wp\/v2\/posts"}],"about":[{"href":"https:\/\/agora.xtec.cat\/ceipcansalvi\/wp-json\/wp\/v2\/types\/post"}],"author":[{"embeddable":true,"href":"https:\/\/agora.xtec.cat\/ceipcansalvi\/wp-json\/wp\/v2\/users\/1"}],"replies":[{"embeddable":true,"href":"https:\/\/agora.xtec.cat\/ceipcansalvi\/wp-json\/wp\/v2\/comments?post=1108"}],"version-history":[{"count":3,"href":"https:\/\/agora.xtec.cat\/ceipcansalvi\/wp-json\/wp\/v2\/posts\/1108\/revisions"}],"predecessor-version":[{"id":1114,"href":"https:\/\/agora.xtec.cat\/ceipcansalvi\/wp-json\/wp\/v2\/posts\/1108\/revisions\/1114"}],"wp:featuredmedia":[{"embeddable":true,"href":"https:\/\/agora.xtec.cat\/ceipcansalvi\/wp-json\/wp\/v2\/media\/1111"}],"wp:attachment":[{"href":"https:\/\/agora.xtec.cat\/ceipcansalvi\/wp-json\/wp\/v2\/media?parent=1108"}],"wp:term":[{"taxonomy":"category","embeddable":true,"href":"https:\/\/agora.xtec.cat\/ceipcansalvi\/wp-json\/wp\/v2\/categories?post=1108"},{"taxonomy":"post_tag","embeddable":true,"href":"https:\/\/agora.xtec.cat\/ceipcansalvi\/wp-json\/wp\/v2\/tags?post=1108"}],"curies":[{"name":"wp","href":"https:\/\/api.w.org\/{rel}","templated":true}]}}