{"id":1099,"date":"2018-02-27T12:11:11","date_gmt":"2018-02-27T11:11:11","guid":{"rendered":"http:\/\/agora.xtec.cat\/ceipcansalvi\/?p=1099"},"modified":"2018-03-01T12:30:19","modified_gmt":"2018-03-01T11:30:19","slug":"pla-neucat","status":"publish","type":"post","link":"https:\/\/agora.xtec.cat\/ceipcansalvi\/general\/pla-neucat\/","title":{"rendered":"PREALERTA PLA NEUCAT"},"content":{"rendered":"<div>\n<p style=\"text-align: justify;\">Des de la direcci\u00f3 dels Serveis Territorials d&#8217;Ensenyament ens fan arribar l&#8217;activaci\u00f3 de la prealerta del pla NEUCAT pel risc de nevades previstes, per avui dimarts 27 i per dem\u00e0 dimecres 28 de febrer.<\/p>\n<p style=\"text-align: justify;\">Des de l&#8217;escola intentarem garantir la m\u00e0xima normalitat possible, tenint en compte que la major part del claustre de mestres ha d&#8217;accedir a la poblaci\u00f3 per carreteres que poden veure&#8217;s afectades pel temporal.<\/p>\n<\/div>\n<p style=\"text-align: justify;\">Restem a la vostra disposici\u00f3 per dubtes o aclariments.<\/p>\n<p><img loading=\"lazy\" decoding=\"async\" class=\"irc_mi aligncenter\" src=\"https:\/\/www.eixdiari.cat\/resources\/2018\/eix-activada-lalerta-del-pla-neucat-davant-lepisodi-de-nevades-que-sinicia-aquest-migdia-101217.JPG\" alt=\"Resultat d'imatges de alerta neucat\" width=\"539\" height=\"303\" \/><\/p>\n<p>Per m\u00e9s informaci\u00f3 clica <a href=\"https:\/\/www.dropbox.com\/s\/8oono7qkekaqdrw\/fase%20alerta%20neucat%2027%20i%2028%20febrer.pdf?dl=0\">aqu\u00ed. <\/a><\/p>\n","protected":false},"excerpt":{"rendered":"<p>Des de la direcci\u00f3 dels Serveis Territorials d&#8217;Ensenyament ens fan arribar l&#8217;activaci\u00f3 de la prealerta del pla NEUCAT pel risc de nevades previstes, per avui dimarts 27 i per dem\u00e0 dimecres 28 de febrer.&hellip;  <a href=\"https:\/\/agora.xtec.cat\/ceipcansalvi\/general\/pla-neucat\/\" title=\"Read PREALERTA PLA NEUCAT\">Llegeix m\u00e9s\u00bb<\/a><\/p>\n","protected":false},"author":1,"featured_media":1104,"comment_status":"closed","ping_status":"closed","sticky":false,"template":"","format":"standard","meta":{"_bbp_topic_count":0,"_bbp_reply_count":0,"_bbp_total_topic_count":0,"_bbp_total_reply_count":0,"_bbp_voice_count":0,"_bbp_anonymous_reply_count":0,"_bbp_topic_count_hidden":0,"_bbp_reply_count_hidden":0,"_bbp_forum_subforum_count":0,"footnotes":""},"categories":[1,4],"tags":[],"class_list":["post-1099","post","type-post","status-publish","format-standard","has-post-thumbnail","hentry","category-general","category-portada"],"post_mailing_queue_ids":[],"_links":{"self":[{"href":"https:\/\/agora.xtec.cat\/ceipcansalvi\/wp-json\/wp\/v2\/posts\/1099","targetHints":{"allow":["GET"]}}],"collection":[{"href":"https:\/\/agora.xtec.cat\/ceipcansalvi\/wp-json\/wp\/v2\/posts"}],"about":[{"href":"https:\/\/agora.xtec.cat\/ceipcansalvi\/wp-json\/wp\/v2\/types\/post"}],"author":[{"embeddable":true,"href":"https:\/\/agora.xtec.cat\/ceipcansalvi\/wp-json\/wp\/v2\/users\/1"}],"replies":[{"embeddable":true,"href":"https:\/\/agora.xtec.cat\/ceipcansalvi\/wp-json\/wp\/v2\/comments?post=1099"}],"version-history":[{"count":4,"href":"https:\/\/agora.xtec.cat\/ceipcansalvi\/wp-json\/wp\/v2\/posts\/1099\/revisions"}],"predecessor-version":[{"id":1135,"href":"https:\/\/agora.xtec.cat\/ceipcansalvi\/wp-json\/wp\/v2\/posts\/1099\/revisions\/1135"}],"wp:featuredmedia":[{"embeddable":true,"href":"https:\/\/agora.xtec.cat\/ceipcansalvi\/wp-json\/wp\/v2\/media\/1104"}],"wp:attachment":[{"href":"https:\/\/agora.xtec.cat\/ceipcansalvi\/wp-json\/wp\/v2\/media?parent=1099"}],"wp:term":[{"taxonomy":"category","embeddable":true,"href":"https:\/\/agora.xtec.cat\/ceipcansalvi\/wp-json\/wp\/v2\/categories?post=1099"},{"taxonomy":"post_tag","embeddable":true,"href":"https:\/\/agora.xtec.cat\/ceipcansalvi\/wp-json\/wp\/v2\/tags?post=1099"}],"curies":[{"name":"wp","href":"https:\/\/api.w.org\/{rel}","templated":true}]}}