{"id":9615,"date":"2024-02-09T14:14:57","date_gmt":"2024-02-09T13:14:57","guid":{"rendered":"https:\/\/agora.xtec.cat\/ceipcanmanent\/?p=9615"},"modified":"2024-02-09T15:26:09","modified_gmt":"2024-02-09T14:26:09","slug":"carnestoltes","status":"publish","type":"post","link":"https:\/\/agora.xtec.cat\/ceipcanmanent\/general\/carnestoltes\/","title":{"rendered":"Carnestoltes"},"content":{"rendered":"<p><a href=\"https:\/\/agora.xtec.cat\/ceipcanmanent\/wp-content\/uploads\/usu153\/2024\/02\/WhatsApp-Image-2024-02-09-at-14.59.22.jpeg\"><img loading=\"lazy\" decoding=\"async\" class=\"aligncenter size-large wp-image-9619\" src=\"https:\/\/agora.xtec.cat\/ceipcanmanent\/wp-content\/uploads\/usu153\/2024\/02\/WhatsApp-Image-2024-02-09-at-14.59.22-1024x537.jpeg\" alt=\"\" width=\"1024\" height=\"537\" srcset=\"https:\/\/agora.xtec.cat\/ceipcanmanent\/wp-content\/uploads\/usu153\/2024\/02\/WhatsApp-Image-2024-02-09-at-14.59.22-1024x537.jpeg 1024w, https:\/\/agora.xtec.cat\/ceipcanmanent\/wp-content\/uploads\/usu153\/2024\/02\/WhatsApp-Image-2024-02-09-at-14.59.22-300x157.jpeg 300w, https:\/\/agora.xtec.cat\/ceipcanmanent\/wp-content\/uploads\/usu153\/2024\/02\/WhatsApp-Image-2024-02-09-at-14.59.22-768x403.jpeg 768w, https:\/\/agora.xtec.cat\/ceipcanmanent\/wp-content\/uploads\/usu153\/2024\/02\/WhatsApp-Image-2024-02-09-at-14.59.22-1536x806.jpeg 1536w, https:\/\/agora.xtec.cat\/ceipcanmanent\/wp-content\/uploads\/usu153\/2024\/02\/WhatsApp-Image-2024-02-09-at-14.59.22.jpeg 2048w\" sizes=\"auto, (max-width: 1024px) 100vw, 1024px\" \/><\/a><\/p>\n<p>Carnestoltes \u00e9s temps de disbauxa, per\u00f2 tamb\u00e9 de protesta. Des del claustre de l&#8217;escola ens solidaritzem i mostrem el nostre suport a les treballadores del CAP de Cardedeu.<\/p>\n<p><strong>Per una sanitat i una educaci\u00f3 p\u00fablica de qualitat.<\/strong><\/p>\n<p><strong>Per un CAP digne a Cardedeu!<\/strong><\/p>\n","protected":false},"excerpt":{"rendered":"<p>Carnestoltes \u00e9s temps de disbauxa, per\u00f2 tamb\u00e9 de protesta. Des del claustre de l&#8217;escola ens solidaritzem i mostrem el nostre suport a les treballadores del CAP de Cardedeu. Per una sanitat i una educaci\u00f3 p\u00fablica de qualitat. Per un CAP digne a Cardedeu!<\/p>\n","protected":false},"author":1,"featured_media":9616,"comment_status":"open","ping_status":"closed","sticky":false,"template":"","format":"standard","meta":{"_bbp_topic_count":0,"_bbp_reply_count":0,"_bbp_total_topic_count":0,"_bbp_total_reply_count":0,"_bbp_voice_count":0,"_bbp_anonymous_reply_count":0,"_bbp_topic_count_hidden":0,"_bbp_reply_count_hidden":0,"_bbp_forum_subforum_count":0,"site-sidebar-layout":"default","site-content-layout":"","ast-site-content-layout":"","site-content-style":"default","site-sidebar-style":"default","ast-global-header-display":"","ast-banner-title-visibility":"","ast-main-header-display":"","ast-hfb-above-header-display":"","ast-hfb-below-header-display":"","ast-hfb-mobile-header-display":"","site-post-title":"","ast-breadcrumbs-content":"","ast-featured-img":"","footer-sml-layout":"","theme-transparent-header-meta":"","adv-header-id-meta":"","stick-header-meta":"","header-above-stick-meta":"","header-main-stick-meta":"","header-below-stick-meta":"","astra-migrate-meta-layouts":"default","ast-page-background-enabled":"default","ast-page-background-meta":{"desktop":{"background-color":"var(--ast-global-color-4)","background-image":"","background-repeat":"repeat","background-position":"center center","background-size":"auto","background-attachment":"scroll","background-type":"","background-media":"","overlay-type":"","overlay-color":"","overlay-opacity":"","overlay-gradient":""},"tablet":{"background-color":"","background-image":"","background-repeat":"repeat","background-position":"center center","background-size":"auto","background-attachment":"scroll","background-type":"","background-media":"","overlay-type":"","overlay-color":"","overlay-opacity":"","overlay-gradient":""},"mobile":{"background-color":"","background-image":"","background-repeat":"repeat","background-position":"center center","background-size":"auto","background-attachment":"scroll","background-type":"","background-media":"","overlay-type":"","overlay-color":"","overlay-opacity":"","overlay-gradient":""}},"ast-content-background-meta":{"desktop":{"background-color":"var(--ast-global-color-5)","background-image":"","background-repeat":"repeat","background-position":"center center","background-size":"auto","background-attachment":"scroll","background-type":"","background-media":"","overlay-type":"","overlay-color":"","overlay-opacity":"","overlay-gradient":""},"tablet":{"background-color":"var(--ast-global-color-5)","background-image":"","background-repeat":"repeat","background-position":"center center","background-size":"auto","background-attachment":"scroll","background-type":"","background-media":"","overlay-type":"","overlay-color":"","overlay-opacity":"","overlay-gradient":""},"mobile":{"background-color":"var(--ast-global-color-5)","background-image":"","background-repeat":"repeat","background-position":"center center","background-size":"auto","background-attachment":"scroll","background-type":"","background-media":"","overlay-type":"","overlay-color":"","overlay-opacity":"","overlay-gradient":""}},"footnotes":""},"categories":[10,224,26,13,14,15,82,81,54,2,1,3,8,9,4],"tags":[],"class_list":["post-9615","post","type-post","status-publish","format-standard","has-post-thumbnail","hentry","category-1r","category-224","category-2n","category-4t","category-5e","category-6e","category-grans","category-mitjans","category-petits","category-activitats","category-general","category-p3","category-p4","category-p5","category-portada"],"post_mailing_queue_ids":[],"_links":{"self":[{"href":"https:\/\/agora.xtec.cat\/ceipcanmanent\/wp-json\/wp\/v2\/posts\/9615","targetHints":{"allow":["GET"]}}],"collection":[{"href":"https:\/\/agora.xtec.cat\/ceipcanmanent\/wp-json\/wp\/v2\/posts"}],"about":[{"href":"https:\/\/agora.xtec.cat\/ceipcanmanent\/wp-json\/wp\/v2\/types\/post"}],"author":[{"embeddable":true,"href":"https:\/\/agora.xtec.cat\/ceipcanmanent\/wp-json\/wp\/v2\/users\/1"}],"replies":[{"embeddable":true,"href":"https:\/\/agora.xtec.cat\/ceipcanmanent\/wp-json\/wp\/v2\/comments?post=9615"}],"version-history":[{"count":3,"href":"https:\/\/agora.xtec.cat\/ceipcanmanent\/wp-json\/wp\/v2\/posts\/9615\/revisions"}],"predecessor-version":[{"id":9620,"href":"https:\/\/agora.xtec.cat\/ceipcanmanent\/wp-json\/wp\/v2\/posts\/9615\/revisions\/9620"}],"wp:featuredmedia":[{"embeddable":true,"href":"https:\/\/agora.xtec.cat\/ceipcanmanent\/wp-json\/wp\/v2\/media\/9616"}],"wp:attachment":[{"href":"https:\/\/agora.xtec.cat\/ceipcanmanent\/wp-json\/wp\/v2\/media?parent=9615"}],"wp:term":[{"taxonomy":"category","embeddable":true,"href":"https:\/\/agora.xtec.cat\/ceipcanmanent\/wp-json\/wp\/v2\/categories?post=9615"},{"taxonomy":"post_tag","embeddable":true,"href":"https:\/\/agora.xtec.cat\/ceipcanmanent\/wp-json\/wp\/v2\/tags?post=9615"}],"curies":[{"name":"wp","href":"https:\/\/api.w.org\/{rel}","templated":true}]}}