{"id":9022,"date":"2023-01-26T16:13:31","date_gmt":"2023-01-26T15:13:31","guid":{"rendered":"https:\/\/agora.xtec.cat\/ceipcanmanent\/?p=9022"},"modified":"2023-01-26T16:18:15","modified_gmt":"2023-01-26T15:18:15","slug":"pobles-nomades","status":"publish","type":"post","link":"https:\/\/agora.xtec.cat\/ceipcanmanent\/general\/pobles-nomades\/","title":{"rendered":"Pobles n\u00f2mades"},"content":{"rendered":"<p>L&#8217;alumnat de 2n, 4t i 6\u00e8 de l&#8217;escola hem anat a visitar l&#8217;exposici\u00f3 &#8220;Pobles n\u00f2mades&#8221; de l&#8217;artista <a href=\"https:\/\/nuriaduran.com\/\">N\u00faria Duran<\/a> al Museu Arxiu Tom\u00e0s Balvey de Cardedeu. Ens ha agradat molt i us convidem a tots i totes a anar-la a visitar-la que es pot visitar fins al 21 de maig de 2023.<\/p>\n<p><a href=\"https:\/\/agora.xtec.cat\/ceipcanmanent\/wp-content\/uploads\/usu153\/2023\/01\/Pobles-nomades.png\"><img loading=\"lazy\" decoding=\"async\" class=\"aligncenter wp-image-9027\" src=\"https:\/\/agora.xtec.cat\/ceipcanmanent\/wp-content\/uploads\/usu153\/2023\/01\/Pobles-nomades-300x169.png\" alt=\"\" width=\"601\" height=\"338\" srcset=\"https:\/\/agora.xtec.cat\/ceipcanmanent\/wp-content\/uploads\/usu153\/2023\/01\/Pobles-nomades-300x169.png 300w, https:\/\/agora.xtec.cat\/ceipcanmanent\/wp-content\/uploads\/usu153\/2023\/01\/Pobles-nomades-1024x576.png 1024w, https:\/\/agora.xtec.cat\/ceipcanmanent\/wp-content\/uploads\/usu153\/2023\/01\/Pobles-nomades-768x432.png 768w, https:\/\/agora.xtec.cat\/ceipcanmanent\/wp-content\/uploads\/usu153\/2023\/01\/Pobles-nomades-1536x864.png 1536w, https:\/\/agora.xtec.cat\/ceipcanmanent\/wp-content\/uploads\/usu153\/2023\/01\/Pobles-nomades.png 1920w\" sizes=\"auto, (max-width: 601px) 100vw, 601px\" \/><\/a><\/p>\n<p style=\"text-align: center;\">\n<p style=\"text-align: right;\"><span style=\"color: #ff0000;\"><em>&#8220;Les obres es converteixen en \u00e9ssers i cossos que omplen les sales del museu convertint-se en el que N\u00faria Duran anomena pobles n\u00f2mades constru\u00efts amb trav\u00e9s de capes de teixit i colors que ens conviden a reflexionar entre el cos-paisatge, entre all\u00f2 intern i all\u00f2 extern.<\/em><\/span><br \/>\n<span style=\"color: #ff0000;\"><em>En el meu taller, de manera inconscient, l\u2019horitzontalitat del paisatge es va anar transformant en verticalitat, poc a poc vaig anar comprenent que havia comen\u00e7at a parlar sobre el meu propi cos, el cos f\u00edsic, l\u2019emocional, mental i subtil. En aquell moment prenc consci\u00e8ncia de que en incloure\u2019m a mi mateixa en el paisatge tamb\u00e9 estic incloent als altres.\u201d<\/em><\/span><\/p>\n","protected":false},"excerpt":{"rendered":"<p>L&#8217;alumnat de 2n, 4t i 6\u00e8 de l&#8217;escola hem anat a visitar l&#8217;exposici\u00f3 &#8220;Pobles n\u00f2mades&#8221; de l&#8217;artista N\u00faria Duran al Museu Arxiu Tom\u00e0s Balvey de Cardedeu. Ens ha agradat molt i us convidem a tots i totes a anar-la a visitar-la que es pot visitar fins al 21 de maig de 2023. &#8220;Les obres es [&hellip;]<\/p>\n","protected":false},"author":1,"featured_media":9024,"comment_status":"open","ping_status":"closed","sticky":false,"template":"","format":"standard","meta":{"_bbp_topic_count":0,"_bbp_reply_count":0,"_bbp_total_topic_count":0,"_bbp_total_reply_count":0,"_bbp_voice_count":0,"_bbp_anonymous_reply_count":0,"_bbp_topic_count_hidden":0,"_bbp_reply_count_hidden":0,"_bbp_forum_subforum_count":0,"site-sidebar-layout":"default","site-content-layout":"","ast-site-content-layout":"","site-content-style":"default","site-sidebar-style":"default","ast-global-header-display":"","ast-banner-title-visibility":"","ast-main-header-display":"","ast-hfb-above-header-display":"","ast-hfb-below-header-display":"","ast-hfb-mobile-header-display":"","site-post-title":"","ast-breadcrumbs-content":"","ast-featured-img":"","footer-sml-layout":"","theme-transparent-header-meta":"","adv-header-id-meta":"","stick-header-meta":"","header-above-stick-meta":"","header-main-stick-meta":"","header-below-stick-meta":"","astra-migrate-meta-layouts":"default","ast-page-background-enabled":"default","ast-page-background-meta":{"desktop":{"background-color":"var(--ast-global-color-4)","background-image":"","background-repeat":"repeat","background-position":"center center","background-size":"auto","background-attachment":"scroll","background-type":"","background-media":"","overlay-type":"","overlay-color":"","overlay-opacity":"","overlay-gradient":""},"tablet":{"background-color":"","background-image":"","background-repeat":"repeat","background-position":"center center","background-size":"auto","background-attachment":"scroll","background-type":"","background-media":"","overlay-type":"","overlay-color":"","overlay-opacity":"","overlay-gradient":""},"mobile":{"background-color":"","background-image":"","background-repeat":"repeat","background-position":"center center","background-size":"auto","background-attachment":"scroll","background-type":"","background-media":"","overlay-type":"","overlay-color":"","overlay-opacity":"","overlay-gradient":""}},"ast-content-background-meta":{"desktop":{"background-color":"var(--ast-global-color-5)","background-image":"","background-repeat":"repeat","background-position":"center center","background-size":"auto","background-attachment":"scroll","background-type":"","background-media":"","overlay-type":"","overlay-color":"","overlay-opacity":"","overlay-gradient":""},"tablet":{"background-color":"var(--ast-global-color-5)","background-image":"","background-repeat":"repeat","background-position":"center center","background-size":"auto","background-attachment":"scroll","background-type":"","background-media":"","overlay-type":"","overlay-color":"","overlay-opacity":"","overlay-gradient":""},"mobile":{"background-color":"var(--ast-global-color-5)","background-image":"","background-repeat":"repeat","background-position":"center center","background-size":"auto","background-attachment":"scroll","background-type":"","background-media":"","overlay-type":"","overlay-color":"","overlay-opacity":"","overlay-gradient":""}},"footnotes":""},"categories":[26,13,15,82,81,2,1,4],"tags":[],"class_list":["post-9022","post","type-post","status-publish","format-standard","has-post-thumbnail","hentry","category-2n","category-4t","category-6e","category-grans","category-mitjans","category-activitats","category-general","category-portada"],"post_mailing_queue_ids":[],"_links":{"self":[{"href":"https:\/\/agora.xtec.cat\/ceipcanmanent\/wp-json\/wp\/v2\/posts\/9022","targetHints":{"allow":["GET"]}}],"collection":[{"href":"https:\/\/agora.xtec.cat\/ceipcanmanent\/wp-json\/wp\/v2\/posts"}],"about":[{"href":"https:\/\/agora.xtec.cat\/ceipcanmanent\/wp-json\/wp\/v2\/types\/post"}],"author":[{"embeddable":true,"href":"https:\/\/agora.xtec.cat\/ceipcanmanent\/wp-json\/wp\/v2\/users\/1"}],"replies":[{"embeddable":true,"href":"https:\/\/agora.xtec.cat\/ceipcanmanent\/wp-json\/wp\/v2\/comments?post=9022"}],"version-history":[{"count":2,"href":"https:\/\/agora.xtec.cat\/ceipcanmanent\/wp-json\/wp\/v2\/posts\/9022\/revisions"}],"predecessor-version":[{"id":9028,"href":"https:\/\/agora.xtec.cat\/ceipcanmanent\/wp-json\/wp\/v2\/posts\/9022\/revisions\/9028"}],"wp:featuredmedia":[{"embeddable":true,"href":"https:\/\/agora.xtec.cat\/ceipcanmanent\/wp-json\/wp\/v2\/media\/9024"}],"wp:attachment":[{"href":"https:\/\/agora.xtec.cat\/ceipcanmanent\/wp-json\/wp\/v2\/media?parent=9022"}],"wp:term":[{"taxonomy":"category","embeddable":true,"href":"https:\/\/agora.xtec.cat\/ceipcanmanent\/wp-json\/wp\/v2\/categories?post=9022"},{"taxonomy":"post_tag","embeddable":true,"href":"https:\/\/agora.xtec.cat\/ceipcanmanent\/wp-json\/wp\/v2\/tags?post=9022"}],"curies":[{"name":"wp","href":"https:\/\/api.w.org\/{rel}","templated":true}]}}