{"id":8990,"date":"2022-11-19T09:43:15","date_gmt":"2022-11-19T08:43:15","guid":{"rendered":"https:\/\/agora.xtec.cat\/ceipcanmanent\/?p=8990"},"modified":"2022-11-19T09:43:15","modified_gmt":"2022-11-19T08:43:15","slug":"sortida-dentorn-6e-el-marital-gran-de-cardedeu","status":"publish","type":"post","link":"https:\/\/agora.xtec.cat\/ceipcanmanent\/general\/sortida-dentorn-6e-el-marital-gran-de-cardedeu\/","title":{"rendered":"Sortida d&#8217;entorn 6\u00e8 &#8211; El marital gran de Cardedeu"},"content":{"rendered":"<p>Hola!<br \/>\nl&#8217;alumnat de sis\u00e8 de l&#8217;escola tamb\u00e9 surt a estirar les cames per gaudir del meravell\u00f3s entorn que tenim a Cardedeu. \u00c9s per aix\u00f2 que el passat dimecres 16 de novembre vam cal\u00e7ar-nos les bambes, carregar d&#8217;aigua la motxilla i va, sortir de l&#8217;escola disposats a passar tot el dia fora.<\/p>\n<p>Primer de tot ens vam dirigir cap a l&#8217;ajuntament de Cardedeu, tot analitzant els elements caracter\u00edstics del paisatge urb\u00e0. Pas a pas ens vam anar allunyant del centre i vam anar trobant un paisatge m\u00e9s verd. Un cop all\u00ed vam endinsar-nos al Bosc Negre de Can Pelegr\u00ed per veure el Roure Gros, un arbre monumental caigut recentment.<\/p>\n<p><a href=\"https:\/\/agora.xtec.cat\/ceipcanmanent\/wp-content\/uploads\/usu153\/2022\/11\/WhatsApp-Image-2022-11-16-at-16.20.15-1.jpeg\"><img loading=\"lazy\" decoding=\"async\" class=\"aligncenter size-medium wp-image-8991\" src=\"https:\/\/agora.xtec.cat\/ceipcanmanent\/wp-content\/uploads\/usu153\/2022\/11\/WhatsApp-Image-2022-11-16-at-16.20.15-1-300x225.jpeg\" alt=\"\" width=\"300\" height=\"225\" srcset=\"https:\/\/agora.xtec.cat\/ceipcanmanent\/wp-content\/uploads\/usu153\/2022\/11\/WhatsApp-Image-2022-11-16-at-16.20.15-1-300x225.jpeg 300w, https:\/\/agora.xtec.cat\/ceipcanmanent\/wp-content\/uploads\/usu153\/2022\/11\/WhatsApp-Image-2022-11-16-at-16.20.15-1-1024x768.jpeg 1024w, https:\/\/agora.xtec.cat\/ceipcanmanent\/wp-content\/uploads\/usu153\/2022\/11\/WhatsApp-Image-2022-11-16-at-16.20.15-1-768x576.jpeg 768w, https:\/\/agora.xtec.cat\/ceipcanmanent\/wp-content\/uploads\/usu153\/2022\/11\/WhatsApp-Image-2022-11-16-at-16.20.15-1-1536x1152.jpeg 1536w, https:\/\/agora.xtec.cat\/ceipcanmanent\/wp-content\/uploads\/usu153\/2022\/11\/WhatsApp-Image-2022-11-16-at-16.20.15-1-200x150.jpeg 200w, https:\/\/agora.xtec.cat\/ceipcanmanent\/wp-content\/uploads\/usu153\/2022\/11\/WhatsApp-Image-2022-11-16-at-16.20.15-1.jpeg 2048w\" sizes=\"auto, (max-width: 300px) 100vw, 300px\" \/><\/a><\/p>\n<p>Tot seguit vam continuar la nostra ruta, fruint d&#8217;un dia de sol i passant per entorns conreats de cereals, vinyes i oliveres. Vam fer parada per esmorzar i ens vam posar de nou a caminar fins arribar al punt m\u00e9s alt del nostre recorregut. Un cop all\u00e0 el cam\u00ed va ser ja tot de baixada i vam seguir les roderes de bicicletes que hi ha per dins del Bosc d&#8217;en Turon fins recuperar de nou la pista que ens va portar a Can Montells i al Parc del Pompeu Fabra.<\/p>\n<p>De cam\u00ed vam poder parar atenci\u00f3 als diferents arbres caracter\u00edstics del paisatge mediterrani que ens envolta; roures, alzines, pins i lledoners. Tamb\u00e9 arbusts, falgueres i plantes com les estepes, la farigola, l&#8217;esbarzer o el boix. La fauna se&#8217;ns va fer m\u00e9s escapadissa i, a part de rastres de senglar i algunes merles i pardals, vam quedar-nos amb ganes de parar m\u00e9s atenci\u00f3 a la propera sortida.<\/p>\n<p>Aqu\u00ed teniu l&#8217;<a href=\"https:\/\/drive.google.com\/file\/d\/1CgKgMwOsOqfGqkWwnVecJkIramQuHJXl\/view?usp=share_link\">enlla\u00e7 per veure el dossier<\/a> i el <a href=\"https:\/\/ca.wikiloc.com\/rutes-senderisme\/sortida-entorn-1-marital-gran-119452891\">track de l&#8217;excursi\u00f3<\/a> per si us animeu a repetir-la.<\/p>\n<p><iframe loading=\"lazy\" src=\"https:\/\/ca.wikiloc.com\/wikiloc\/spatialArtifacts.do?event=view&amp;id=119452891&amp;measures=on&amp;title=on&amp;near=on&amp;images=off&amp;maptype=H\" width=\"500\" height=\"400\" frameborder=\"0\" scrolling=\"no\"><\/iframe><\/p>\n<div style=\"color: #777; font-size: 11px; line-height: 16px;\">Powered by <a style=\"color: #06d; font-size: 11px; line-height: 16px;\" href=\"https:\/\/ca.wikiloc.com\" target=\"_blank\" rel=\"noopener\">Wikiloc<\/a><\/div>\n","protected":false},"excerpt":{"rendered":"<p>Hola! l&#8217;alumnat de sis\u00e8 de l&#8217;escola tamb\u00e9 surt a estirar les cames per gaudir del meravell\u00f3s entorn que tenim a Cardedeu. \u00c9s per aix\u00f2 que el passat dimecres 16 de novembre vam cal\u00e7ar-nos les bambes, carregar d&#8217;aigua la motxilla i va, sortir de l&#8217;escola disposats a passar tot el dia fora. Primer de tot ens [&hellip;]<\/p>\n","protected":false},"author":1,"featured_media":8992,"comment_status":"open","ping_status":"closed","sticky":false,"template":"","format":"standard","meta":{"_bbp_topic_count":0,"_bbp_reply_count":0,"_bbp_total_topic_count":0,"_bbp_total_reply_count":0,"_bbp_voice_count":0,"_bbp_anonymous_reply_count":0,"_bbp_topic_count_hidden":0,"_bbp_reply_count_hidden":0,"_bbp_forum_subforum_count":0,"site-sidebar-layout":"default","site-content-layout":"","ast-site-content-layout":"","site-content-style":"default","site-sidebar-style":"default","ast-global-header-display":"","ast-banner-title-visibility":"","ast-main-header-display":"","ast-hfb-above-header-display":"","ast-hfb-below-header-display":"","ast-hfb-mobile-header-display":"","site-post-title":"","ast-breadcrumbs-content":"","ast-featured-img":"","footer-sml-layout":"","theme-transparent-header-meta":"","adv-header-id-meta":"","stick-header-meta":"","header-above-stick-meta":"","header-main-stick-meta":"","header-below-stick-meta":"","astra-migrate-meta-layouts":"default","ast-page-background-enabled":"default","ast-page-background-meta":{"desktop":{"background-color":"var(--ast-global-color-4)","background-image":"","background-repeat":"repeat","background-position":"center center","background-size":"auto","background-attachment":"scroll","background-type":"","background-media":"","overlay-type":"","overlay-color":"","overlay-opacity":"","overlay-gradient":""},"tablet":{"background-color":"","background-image":"","background-repeat":"repeat","background-position":"center center","background-size":"auto","background-attachment":"scroll","background-type":"","background-media":"","overlay-type":"","overlay-color":"","overlay-opacity":"","overlay-gradient":""},"mobile":{"background-color":"","background-image":"","background-repeat":"repeat","background-position":"center center","background-size":"auto","background-attachment":"scroll","background-type":"","background-media":"","overlay-type":"","overlay-color":"","overlay-opacity":"","overlay-gradient":""}},"ast-content-background-meta":{"desktop":{"background-color":"var(--ast-global-color-5)","background-image":"","background-repeat":"repeat","background-position":"center center","background-size":"auto","background-attachment":"scroll","background-type":"","background-media":"","overlay-type":"","overlay-color":"","overlay-opacity":"","overlay-gradient":""},"tablet":{"background-color":"var(--ast-global-color-5)","background-image":"","background-repeat":"repeat","background-position":"center center","background-size":"auto","background-attachment":"scroll","background-type":"","background-media":"","overlay-type":"","overlay-color":"","overlay-opacity":"","overlay-gradient":""},"mobile":{"background-color":"var(--ast-global-color-5)","background-image":"","background-repeat":"repeat","background-position":"center center","background-size":"auto","background-attachment":"scroll","background-type":"","background-media":"","overlay-type":"","overlay-color":"","overlay-opacity":"","overlay-gradient":""}},"footnotes":""},"categories":[15,82,2,1,4],"tags":[],"class_list":["post-8990","post","type-post","status-publish","format-standard","has-post-thumbnail","hentry","category-6e","category-grans","category-activitats","category-general","category-portada"],"post_mailing_queue_ids":[],"_links":{"self":[{"href":"https:\/\/agora.xtec.cat\/ceipcanmanent\/wp-json\/wp\/v2\/posts\/8990","targetHints":{"allow":["GET"]}}],"collection":[{"href":"https:\/\/agora.xtec.cat\/ceipcanmanent\/wp-json\/wp\/v2\/posts"}],"about":[{"href":"https:\/\/agora.xtec.cat\/ceipcanmanent\/wp-json\/wp\/v2\/types\/post"}],"author":[{"embeddable":true,"href":"https:\/\/agora.xtec.cat\/ceipcanmanent\/wp-json\/wp\/v2\/users\/1"}],"replies":[{"embeddable":true,"href":"https:\/\/agora.xtec.cat\/ceipcanmanent\/wp-json\/wp\/v2\/comments?post=8990"}],"version-history":[{"count":1,"href":"https:\/\/agora.xtec.cat\/ceipcanmanent\/wp-json\/wp\/v2\/posts\/8990\/revisions"}],"predecessor-version":[{"id":8993,"href":"https:\/\/agora.xtec.cat\/ceipcanmanent\/wp-json\/wp\/v2\/posts\/8990\/revisions\/8993"}],"wp:featuredmedia":[{"embeddable":true,"href":"https:\/\/agora.xtec.cat\/ceipcanmanent\/wp-json\/wp\/v2\/media\/8992"}],"wp:attachment":[{"href":"https:\/\/agora.xtec.cat\/ceipcanmanent\/wp-json\/wp\/v2\/media?parent=8990"}],"wp:term":[{"taxonomy":"category","embeddable":true,"href":"https:\/\/agora.xtec.cat\/ceipcanmanent\/wp-json\/wp\/v2\/categories?post=8990"},{"taxonomy":"post_tag","embeddable":true,"href":"https:\/\/agora.xtec.cat\/ceipcanmanent\/wp-json\/wp\/v2\/tags?post=8990"}],"curies":[{"name":"wp","href":"https:\/\/api.w.org\/{rel}","templated":true}]}}