{"id":8584,"date":"2022-05-04T11:22:20","date_gmt":"2022-05-04T09:22:20","guid":{"rendered":"https:\/\/agora.xtec.cat\/ceipcanmanent\/?p=8584"},"modified":"2022-05-04T15:13:53","modified_gmt":"2022-05-04T13:13:53","slug":"5e-nous-podcasts","status":"publish","type":"post","link":"https:\/\/agora.xtec.cat\/ceipcanmanent\/general\/5e-nous-podcasts\/","title":{"rendered":"5\u00e8 | Nous podcasts"},"content":{"rendered":"<p>A continuaci\u00f3 teniu els nous podcasts que hem gravat i <strong>editat<\/strong> nosaltres mateixes i mateixos: esperem que us agradin!<\/p>\n<p><strong>Entrevista a Freddy Mercury &#8211; Marcel Tom\u00e0s<\/strong><\/p>\n<!--[if lt IE 9]><script>document.createElement('audio');<\/script><![endif]-->\n<audio class=\"wp-audio-shortcode\" id=\"audio-8584-1\" preload=\"none\" style=\"width: 100%;\" controls=\"controls\"><source type=\"audio\/mpeg\" src=\"https:\/\/agora.xtec.cat\/ceipcanmanent\/wp-content\/uploads\/usu153\/2022\/03\/Entrevista-Freddy-Mercury.mp3?_=1\" \/><a href=\"https:\/\/agora.xtec.cat\/ceipcanmanent\/wp-content\/uploads\/usu153\/2022\/03\/Entrevista-Freddy-Mercury.mp3\">https:\/\/agora.xtec.cat\/ceipcanmanent\/wp-content\/uploads\/usu153\/2022\/03\/Entrevista-Freddy-Mercury.mp3<\/a><\/audio>\n<p><a href=\"https:\/\/agora.xtec.cat\/ceipcanmanent\/wp-content\/uploads\/usu153\/2022\/03\/IMG-3548-2-scaled.jpg\"><img loading=\"lazy\" decoding=\"async\" class=\"wp-image-8595 alignleft\" src=\"https:\/\/agora.xtec.cat\/ceipcanmanent\/wp-content\/uploads\/usu153\/2022\/03\/IMG-3548-2-scaled.jpg\" alt=\"\" width=\"354\" height=\"266\" srcset=\"https:\/\/agora.xtec.cat\/ceipcanmanent\/wp-content\/uploads\/usu153\/2022\/03\/IMG-3548-2-scaled.jpg 2560w, https:\/\/agora.xtec.cat\/ceipcanmanent\/wp-content\/uploads\/usu153\/2022\/03\/IMG-3548-2-300x225.jpg 300w, https:\/\/agora.xtec.cat\/ceipcanmanent\/wp-content\/uploads\/usu153\/2022\/03\/IMG-3548-2-1024x768.jpg 1024w, https:\/\/agora.xtec.cat\/ceipcanmanent\/wp-content\/uploads\/usu153\/2022\/03\/IMG-3548-2-768x576.jpg 768w, https:\/\/agora.xtec.cat\/ceipcanmanent\/wp-content\/uploads\/usu153\/2022\/03\/IMG-3548-2-1536x1152.jpg 1536w, https:\/\/agora.xtec.cat\/ceipcanmanent\/wp-content\/uploads\/usu153\/2022\/03\/IMG-3548-2-2048x1536.jpg 2048w, https:\/\/agora.xtec.cat\/ceipcanmanent\/wp-content\/uploads\/usu153\/2022\/03\/IMG-3548-2-200x150.jpg 200w\" sizes=\"auto, (max-width: 354px) 100vw, 354px\" \/><\/a><\/p>\n<p>&nbsp;<\/p>\n<p>&nbsp;<\/p>\n<p>&nbsp;<\/p>\n<p>&nbsp;<\/p>\n<p>&nbsp;<\/p>\n<p>&nbsp;<\/p>\n<p>&nbsp;<\/p>\n<p><strong>Reportatge tennis &#8211; Agn\u00e8s, Bernat, Guim i Aleix<\/strong><\/p>\n<audio class=\"wp-audio-shortcode\" id=\"audio-8584-2\" preload=\"none\" style=\"width: 100%;\" controls=\"controls\"><source type=\"audio\/mpeg\" src=\"https:\/\/agora.xtec.cat\/ceipcanmanent\/wp-content\/uploads\/usu153\/2022\/03\/Reportatge-Tennis.mp3?_=2\" \/><a href=\"https:\/\/agora.xtec.cat\/ceipcanmanent\/wp-content\/uploads\/usu153\/2022\/03\/Reportatge-Tennis.mp3\">https:\/\/agora.xtec.cat\/ceipcanmanent\/wp-content\/uploads\/usu153\/2022\/03\/Reportatge-Tennis.mp3<\/a><\/audio>\n<p><strong>Debat sobre els zool\u00f2gics<\/strong> <strong>&#8211; Agn\u00e8s, Bernat, Guim i Aleix<\/strong><\/p>\n<audio class=\"wp-audio-shortcode\" id=\"audio-8584-3\" preload=\"none\" style=\"width: 100%;\" controls=\"controls\"><source type=\"audio\/mpeg\" src=\"https:\/\/agora.xtec.cat\/ceipcanmanent\/wp-content\/uploads\/usu153\/2022\/03\/Debat-zoo.mp3?_=3\" \/><a href=\"https:\/\/agora.xtec.cat\/ceipcanmanent\/wp-content\/uploads\/usu153\/2022\/03\/Debat-zoo.mp3\">https:\/\/agora.xtec.cat\/ceipcanmanent\/wp-content\/uploads\/usu153\/2022\/03\/Debat-zoo.mp3<\/a><\/audio>\n<p><a href=\"https:\/\/agora.xtec.cat\/ceipcanmanent\/wp-content\/uploads\/usu153\/2022\/04\/IMG-3870-scaled.jpg\"><img loading=\"lazy\" decoding=\"async\" class=\"wp-image-8630 alignleft\" src=\"https:\/\/agora.xtec.cat\/ceipcanmanent\/wp-content\/uploads\/usu153\/2022\/04\/IMG-3870-scaled.jpg\" alt=\"\" width=\"486\" height=\"365\" srcset=\"https:\/\/agora.xtec.cat\/ceipcanmanent\/wp-content\/uploads\/usu153\/2022\/04\/IMG-3870-scaled.jpg 2560w, https:\/\/agora.xtec.cat\/ceipcanmanent\/wp-content\/uploads\/usu153\/2022\/04\/IMG-3870-300x225.jpg 300w, https:\/\/agora.xtec.cat\/ceipcanmanent\/wp-content\/uploads\/usu153\/2022\/04\/IMG-3870-1024x768.jpg 1024w, https:\/\/agora.xtec.cat\/ceipcanmanent\/wp-content\/uploads\/usu153\/2022\/04\/IMG-3870-768x576.jpg 768w, https:\/\/agora.xtec.cat\/ceipcanmanent\/wp-content\/uploads\/usu153\/2022\/04\/IMG-3870-1536x1152.jpg 1536w, https:\/\/agora.xtec.cat\/ceipcanmanent\/wp-content\/uploads\/usu153\/2022\/04\/IMG-3870-2048x1536.jpg 2048w, https:\/\/agora.xtec.cat\/ceipcanmanent\/wp-content\/uploads\/usu153\/2022\/04\/IMG-3870-200x150.jpg 200w\" sizes=\"auto, (max-width: 486px) 100vw, 486px\" \/><\/a><\/p>\n<p>&nbsp;<\/p>\n<p>&nbsp;<\/p>\n<p>&nbsp;<\/p>\n<p>&nbsp;<\/p>\n<p>&nbsp;<\/p>\n<p>&nbsp;<\/p>\n<p>&nbsp;<\/p>\n<p>&nbsp;<\/p>\n<p>&nbsp;<\/p>\n<p><strong>Concurs Passaparaula &#8211; Berta, Jana, Juna i Ainhoa<\/strong><\/p>\n<audio class=\"wp-audio-shortcode\" id=\"audio-8584-4\" preload=\"none\" style=\"width: 100%;\" controls=\"controls\"><source type=\"audio\/mpeg\" src=\"https:\/\/agora.xtec.cat\/ceipcanmanent\/wp-content\/uploads\/usu153\/2022\/03\/Passaparaula.mp3?_=4\" \/><a href=\"https:\/\/agora.xtec.cat\/ceipcanmanent\/wp-content\/uploads\/usu153\/2022\/03\/Passaparaula.mp3\">https:\/\/agora.xtec.cat\/ceipcanmanent\/wp-content\/uploads\/usu153\/2022\/03\/Passaparaula.mp3<\/a><\/audio>\n<p><a href=\"https:\/\/agora.xtec.cat\/ceipcanmanent\/wp-content\/uploads\/usu153\/2022\/03\/IMG-3546-3-scaled.jpg\"><img loading=\"lazy\" decoding=\"async\" class=\"wp-image-8600 alignleft\" src=\"https:\/\/agora.xtec.cat\/ceipcanmanent\/wp-content\/uploads\/usu153\/2022\/03\/IMG-3546-3-scaled.jpg\" alt=\"\" width=\"507\" height=\"380\" srcset=\"https:\/\/agora.xtec.cat\/ceipcanmanent\/wp-content\/uploads\/usu153\/2022\/03\/IMG-3546-3-scaled.jpg 2560w, https:\/\/agora.xtec.cat\/ceipcanmanent\/wp-content\/uploads\/usu153\/2022\/03\/IMG-3546-3-300x225.jpg 300w, https:\/\/agora.xtec.cat\/ceipcanmanent\/wp-content\/uploads\/usu153\/2022\/03\/IMG-3546-3-1024x768.jpg 1024w, https:\/\/agora.xtec.cat\/ceipcanmanent\/wp-content\/uploads\/usu153\/2022\/03\/IMG-3546-3-768x576.jpg 768w, https:\/\/agora.xtec.cat\/ceipcanmanent\/wp-content\/uploads\/usu153\/2022\/03\/IMG-3546-3-1536x1152.jpg 1536w, https:\/\/agora.xtec.cat\/ceipcanmanent\/wp-content\/uploads\/usu153\/2022\/03\/IMG-3546-3-2048x1536.jpg 2048w, https:\/\/agora.xtec.cat\/ceipcanmanent\/wp-content\/uploads\/usu153\/2022\/03\/IMG-3546-3-200x150.jpg 200w\" sizes=\"auto, (max-width: 507px) 100vw, 507px\" \/><\/a><\/p>\n<p>&nbsp;<\/p>\n<p>&nbsp;<\/p>\n<p>&nbsp;<\/p>\n<p>&nbsp;<\/p>\n<p>&nbsp;<\/p>\n<p>&nbsp;<\/p>\n<p>&nbsp;<\/p>\n<p>&nbsp;<\/p>\n<p>&nbsp;<\/p>\n<p>&nbsp;<\/p>\n<p><strong>Reportatge sobre el b\u00e0squet &#8211; Pau, Eidan i Eloi<\/strong><\/p>\n<audio class=\"wp-audio-shortcode\" id=\"audio-8584-5\" preload=\"none\" style=\"width: 100%;\" controls=\"controls\"><source type=\"audio\/mpeg\" src=\"https:\/\/agora.xtec.cat\/ceipcanmanent\/wp-content\/uploads\/usu153\/2022\/03\/Reportatge-Basquet.mp3?_=5\" \/><a href=\"https:\/\/agora.xtec.cat\/ceipcanmanent\/wp-content\/uploads\/usu153\/2022\/03\/Reportatge-Basquet.mp3\">https:\/\/agora.xtec.cat\/ceipcanmanent\/wp-content\/uploads\/usu153\/2022\/03\/Reportatge-Basquet.mp3<\/a><\/audio>\n<p><a href=\"https:\/\/agora.xtec.cat\/ceipcanmanent\/wp-content\/uploads\/usu153\/2022\/03\/IMG-3553-2-scaled.jpg\"><img loading=\"lazy\" decoding=\"async\" class=\"wp-image-8607 alignleft\" src=\"https:\/\/agora.xtec.cat\/ceipcanmanent\/wp-content\/uploads\/usu153\/2022\/03\/IMG-3553-2-scaled.jpg\" alt=\"\" width=\"505\" height=\"379\" srcset=\"https:\/\/agora.xtec.cat\/ceipcanmanent\/wp-content\/uploads\/usu153\/2022\/03\/IMG-3553-2-scaled.jpg 2560w, https:\/\/agora.xtec.cat\/ceipcanmanent\/wp-content\/uploads\/usu153\/2022\/03\/IMG-3553-2-300x225.jpg 300w, https:\/\/agora.xtec.cat\/ceipcanmanent\/wp-content\/uploads\/usu153\/2022\/03\/IMG-3553-2-1024x768.jpg 1024w, https:\/\/agora.xtec.cat\/ceipcanmanent\/wp-content\/uploads\/usu153\/2022\/03\/IMG-3553-2-768x576.jpg 768w, https:\/\/agora.xtec.cat\/ceipcanmanent\/wp-content\/uploads\/usu153\/2022\/03\/IMG-3553-2-1536x1152.jpg 1536w, https:\/\/agora.xtec.cat\/ceipcanmanent\/wp-content\/uploads\/usu153\/2022\/03\/IMG-3553-2-2048x1536.jpg 2048w, https:\/\/agora.xtec.cat\/ceipcanmanent\/wp-content\/uploads\/usu153\/2022\/03\/IMG-3553-2-200x150.jpg 200w\" sizes=\"auto, (max-width: 505px) 100vw, 505px\" \/><\/a><\/p>\n<p>&nbsp;<\/p>\n<p>&nbsp;<\/p>\n<p>&nbsp;<\/p>\n<p>&nbsp;<\/p>\n<p>&nbsp;<\/p>\n<p>&nbsp;<\/p>\n<p>&nbsp;<\/p>\n<p>&nbsp;<\/p>\n<p>&nbsp;<\/p>\n<p>&nbsp;<\/p>\n<p><strong>Reportatge sobre el Carnestoltes &#8211; N\u00faria, Mar i Arlet<\/strong><\/p>\n<audio class=\"wp-audio-shortcode\" id=\"audio-8584-6\" preload=\"none\" style=\"width: 100%;\" controls=\"controls\"><source type=\"audio\/mpeg\" src=\"https:\/\/agora.xtec.cat\/ceipcanmanent\/wp-content\/uploads\/usu153\/2022\/04\/Carnestoltes.mp3?_=6\" \/><a href=\"https:\/\/agora.xtec.cat\/ceipcanmanent\/wp-content\/uploads\/usu153\/2022\/04\/Carnestoltes.mp3\">https:\/\/agora.xtec.cat\/ceipcanmanent\/wp-content\/uploads\/usu153\/2022\/04\/Carnestoltes.mp3<\/a><\/audio>\n<p><a href=\"https:\/\/agora.xtec.cat\/ceipcanmanent\/wp-content\/uploads\/usu153\/2022\/03\/IMG-3549-2-scaled.jpg\"><img loading=\"lazy\" decoding=\"async\" class=\"wp-image-8605 alignleft\" src=\"https:\/\/agora.xtec.cat\/ceipcanmanent\/wp-content\/uploads\/usu153\/2022\/03\/IMG-3549-2-scaled.jpg\" alt=\"\" width=\"563\" height=\"423\" srcset=\"https:\/\/agora.xtec.cat\/ceipcanmanent\/wp-content\/uploads\/usu153\/2022\/03\/IMG-3549-2-scaled.jpg 2560w, https:\/\/agora.xtec.cat\/ceipcanmanent\/wp-content\/uploads\/usu153\/2022\/03\/IMG-3549-2-300x225.jpg 300w, https:\/\/agora.xtec.cat\/ceipcanmanent\/wp-content\/uploads\/usu153\/2022\/03\/IMG-3549-2-1024x768.jpg 1024w, https:\/\/agora.xtec.cat\/ceipcanmanent\/wp-content\/uploads\/usu153\/2022\/03\/IMG-3549-2-768x576.jpg 768w, https:\/\/agora.xtec.cat\/ceipcanmanent\/wp-content\/uploads\/usu153\/2022\/03\/IMG-3549-2-1536x1152.jpg 1536w, https:\/\/agora.xtec.cat\/ceipcanmanent\/wp-content\/uploads\/usu153\/2022\/03\/IMG-3549-2-2048x1536.jpg 2048w, https:\/\/agora.xtec.cat\/ceipcanmanent\/wp-content\/uploads\/usu153\/2022\/03\/IMG-3549-2-200x150.jpg 200w\" sizes=\"auto, (max-width: 563px) 100vw, 563px\" \/><\/a><\/p>\n<p>&nbsp;<\/p>\n<p>&nbsp;<\/p>\n<p>&nbsp;<\/p>\n<p>&nbsp;<\/p>\n<p>&nbsp;<\/p>\n<p>&nbsp;<\/p>\n<p>&nbsp;<\/p>\n<p>&nbsp;<\/p>\n<p>&nbsp;<\/p>\n<p>&nbsp;<\/p>\n<p>&nbsp;<\/p>\n<p><strong>Recomanacions llibres, m\u00fasiques, pel\u00b7l\u00edcules i excursions &#8211; Arlett, Clara, Valentina i Nixe<\/strong><\/p>\n<audio class=\"wp-audio-shortcode\" id=\"audio-8584-7\" preload=\"none\" style=\"width: 100%;\" controls=\"controls\"><source type=\"audio\/mpeg\" src=\"https:\/\/agora.xtec.cat\/ceipcanmanent\/wp-content\/uploads\/usu153\/2022\/04\/Recomanacions-CVNA.mp3?_=7\" \/><a href=\"https:\/\/agora.xtec.cat\/ceipcanmanent\/wp-content\/uploads\/usu153\/2022\/04\/Recomanacions-CVNA.mp3\">https:\/\/agora.xtec.cat\/ceipcanmanent\/wp-content\/uploads\/usu153\/2022\/04\/Recomanacions-CVNA.mp3<\/a><\/audio>\n<p><a href=\"https:\/\/agora.xtec.cat\/ceipcanmanent\/wp-content\/uploads\/usu153\/2022\/03\/IMG-3551-2-scaled.jpg\"><img loading=\"lazy\" decoding=\"async\" class=\"wp-image-8606 alignleft\" src=\"https:\/\/agora.xtec.cat\/ceipcanmanent\/wp-content\/uploads\/usu153\/2022\/03\/IMG-3551-2-scaled.jpg\" alt=\"\" width=\"562\" height=\"422\" srcset=\"https:\/\/agora.xtec.cat\/ceipcanmanent\/wp-content\/uploads\/usu153\/2022\/03\/IMG-3551-2-scaled.jpg 2560w, https:\/\/agora.xtec.cat\/ceipcanmanent\/wp-content\/uploads\/usu153\/2022\/03\/IMG-3551-2-300x225.jpg 300w, https:\/\/agora.xtec.cat\/ceipcanmanent\/wp-content\/uploads\/usu153\/2022\/03\/IMG-3551-2-1024x768.jpg 1024w, https:\/\/agora.xtec.cat\/ceipcanmanent\/wp-content\/uploads\/usu153\/2022\/03\/IMG-3551-2-768x576.jpg 768w, https:\/\/agora.xtec.cat\/ceipcanmanent\/wp-content\/uploads\/usu153\/2022\/03\/IMG-3551-2-1536x1152.jpg 1536w, https:\/\/agora.xtec.cat\/ceipcanmanent\/wp-content\/uploads\/usu153\/2022\/03\/IMG-3551-2-2048x1536.jpg 2048w, https:\/\/agora.xtec.cat\/ceipcanmanent\/wp-content\/uploads\/usu153\/2022\/03\/IMG-3551-2-200x150.jpg 200w\" sizes=\"auto, (max-width: 562px) 100vw, 562px\" \/><\/a><\/p>\n<p>&nbsp;<\/p>\n<p>&nbsp;<\/p>\n<p>&nbsp;<\/p>\n<p>&nbsp;<\/p>\n<p>&nbsp;<\/p>\n<p>&nbsp;<\/p>\n<p>&nbsp;<\/p>\n<p>&nbsp;<\/p>\n<p>&nbsp;<\/p>\n<p>&nbsp;<\/p>\n<p>&nbsp;<\/p>\n<p><strong>Conversa amb experts sobre contaminaci\u00f3 &#8211; Oriol, Max i Roger<\/strong><\/p>\n<audio class=\"wp-audio-shortcode\" id=\"audio-8584-8\" preload=\"none\" style=\"width: 100%;\" controls=\"controls\"><source type=\"audio\/mpeg\" src=\"https:\/\/agora.xtec.cat\/ceipcanmanent\/wp-content\/uploads\/usu153\/2022\/05\/Contaminacio.mp3?_=8\" \/><a href=\"https:\/\/agora.xtec.cat\/ceipcanmanent\/wp-content\/uploads\/usu153\/2022\/05\/Contaminacio.mp3\">https:\/\/agora.xtec.cat\/ceipcanmanent\/wp-content\/uploads\/usu153\/2022\/05\/Contaminacio.mp3<\/a><\/audio>\n<p><a href=\"https:\/\/agora.xtec.cat\/ceipcanmanent\/wp-content\/uploads\/usu153\/2022\/03\/IMG-3550-2-scaled.jpg\"><img loading=\"lazy\" decoding=\"async\" class=\"wp-image-8604 alignleft\" src=\"https:\/\/agora.xtec.cat\/ceipcanmanent\/wp-content\/uploads\/usu153\/2022\/03\/IMG-3550-2-scaled.jpg\" alt=\"\" width=\"559\" height=\"420\" srcset=\"https:\/\/agora.xtec.cat\/ceipcanmanent\/wp-content\/uploads\/usu153\/2022\/03\/IMG-3550-2-scaled.jpg 2560w, https:\/\/agora.xtec.cat\/ceipcanmanent\/wp-content\/uploads\/usu153\/2022\/03\/IMG-3550-2-300x225.jpg 300w, https:\/\/agora.xtec.cat\/ceipcanmanent\/wp-content\/uploads\/usu153\/2022\/03\/IMG-3550-2-1024x768.jpg 1024w, https:\/\/agora.xtec.cat\/ceipcanmanent\/wp-content\/uploads\/usu153\/2022\/03\/IMG-3550-2-768x576.jpg 768w, https:\/\/agora.xtec.cat\/ceipcanmanent\/wp-content\/uploads\/usu153\/2022\/03\/IMG-3550-2-1536x1152.jpg 1536w, https:\/\/agora.xtec.cat\/ceipcanmanent\/wp-content\/uploads\/usu153\/2022\/03\/IMG-3550-2-2048x1536.jpg 2048w, https:\/\/agora.xtec.cat\/ceipcanmanent\/wp-content\/uploads\/usu153\/2022\/03\/IMG-3550-2-200x150.jpg 200w\" sizes=\"auto, (max-width: 559px) 100vw, 559px\" \/><\/a><\/p>\n<p>&nbsp;<\/p>\n<p>&nbsp;<\/p>\n<p>&nbsp;<\/p>\n<p>&nbsp;<\/p>\n<p>&nbsp;<\/p>\n<p>&nbsp;<\/p>\n<p>&nbsp;<\/p>\n<p>&nbsp;<\/p>\n<p>&nbsp;<\/p>\n<p>&nbsp;<\/p>\n<p><strong>Not\u00edcies sobre diferents dies mundials &#8211; Laia, Ester i Nadia<\/strong><\/p>\n<audio class=\"wp-audio-shortcode\" id=\"audio-8584-9\" preload=\"none\" style=\"width: 100%;\" controls=\"controls\"><source type=\"audio\/mpeg\" src=\"https:\/\/agora.xtec.cat\/ceipcanmanent\/wp-content\/uploads\/usu153\/2022\/04\/Dies-mundials.mp3?_=9\" \/><a href=\"https:\/\/agora.xtec.cat\/ceipcanmanent\/wp-content\/uploads\/usu153\/2022\/04\/Dies-mundials.mp3\">https:\/\/agora.xtec.cat\/ceipcanmanent\/wp-content\/uploads\/usu153\/2022\/04\/Dies-mundials.mp3<\/a><\/audio>\n<p><a href=\"https:\/\/agora.xtec.cat\/ceipcanmanent\/wp-content\/uploads\/usu153\/2022\/04\/IMG-3872-scaled.jpg\"><img loading=\"lazy\" decoding=\"async\" class=\"wp-image-8632 alignleft\" src=\"https:\/\/agora.xtec.cat\/ceipcanmanent\/wp-content\/uploads\/usu153\/2022\/04\/IMG-3872-scaled.jpg\" alt=\"\" width=\"538\" height=\"404\" srcset=\"https:\/\/agora.xtec.cat\/ceipcanmanent\/wp-content\/uploads\/usu153\/2022\/04\/IMG-3872-scaled.jpg 2560w, https:\/\/agora.xtec.cat\/ceipcanmanent\/wp-content\/uploads\/usu153\/2022\/04\/IMG-3872-300x225.jpg 300w, https:\/\/agora.xtec.cat\/ceipcanmanent\/wp-content\/uploads\/usu153\/2022\/04\/IMG-3872-1024x768.jpg 1024w, https:\/\/agora.xtec.cat\/ceipcanmanent\/wp-content\/uploads\/usu153\/2022\/04\/IMG-3872-768x576.jpg 768w, https:\/\/agora.xtec.cat\/ceipcanmanent\/wp-content\/uploads\/usu153\/2022\/04\/IMG-3872-1536x1152.jpg 1536w, https:\/\/agora.xtec.cat\/ceipcanmanent\/wp-content\/uploads\/usu153\/2022\/04\/IMG-3872-2048x1536.jpg 2048w, https:\/\/agora.xtec.cat\/ceipcanmanent\/wp-content\/uploads\/usu153\/2022\/04\/IMG-3872-200x150.jpg 200w\" sizes=\"auto, (max-width: 538px) 100vw, 538px\" \/><\/a><\/p>\n<p>&nbsp;<\/p>\n<p>&nbsp;<\/p>\n<p>&nbsp;<\/p>\n<p>&nbsp;<\/p>\n<p>&nbsp;<\/p>\n<p>&nbsp;<\/p>\n<p>&nbsp;<\/p>\n<p>&nbsp;<\/p>\n<p>&nbsp;<\/p>\n<p>&nbsp;<\/p>\n<p><strong>Radiotakis &#8211; Ainhoa, Aran, Aleix i Biel\u00a0<\/strong><\/p>\n<audio class=\"wp-audio-shortcode\" id=\"audio-8584-10\" preload=\"none\" style=\"width: 100%;\" controls=\"controls\"><source type=\"audio\/mpeg\" src=\"https:\/\/agora.xtec.cat\/ceipcanmanent\/wp-content\/uploads\/usu153\/2022\/05\/Ainhoa-Aran-Aleix-i-Biel-radiotakis-editat.mp3?_=10\" \/><a href=\"https:\/\/agora.xtec.cat\/ceipcanmanent\/wp-content\/uploads\/usu153\/2022\/05\/Ainhoa-Aran-Aleix-i-Biel-radiotakis-editat.mp3\">https:\/\/agora.xtec.cat\/ceipcanmanent\/wp-content\/uploads\/usu153\/2022\/05\/Ainhoa-Aran-Aleix-i-Biel-radiotakis-editat.mp3<\/a><\/audio>\n<p><strong>Debat musical &#8211; Cayetana, Elsa, Brisa i Sofia<\/strong><\/p>\n<audio class=\"wp-audio-shortcode\" id=\"audio-8584-11\" preload=\"none\" style=\"width: 100%;\" controls=\"controls\"><source type=\"audio\/mpeg\" src=\"https:\/\/agora.xtec.cat\/ceipcanmanent\/wp-content\/uploads\/usu153\/2022\/05\/Debat-musical-Aitana-vs-Rosalia.mp3?_=11\" \/><a href=\"https:\/\/agora.xtec.cat\/ceipcanmanent\/wp-content\/uploads\/usu153\/2022\/05\/Debat-musical-Aitana-vs-Rosalia.mp3\">https:\/\/agora.xtec.cat\/ceipcanmanent\/wp-content\/uploads\/usu153\/2022\/05\/Debat-musical-Aitana-vs-Rosalia.mp3<\/a><\/audio>\n<p><strong>Like a bosch &#8211; Iu,\u00a0<\/strong><strong>Roc A<\/strong><strong style=\"font-family: inherit;font-size: 1em\">, Ayla i Nil<\/strong><\/p>\n<audio class=\"wp-audio-shortcode\" id=\"audio-8584-12\" preload=\"none\" style=\"width: 100%;\" controls=\"controls\"><source type=\"audio\/mpeg\" src=\"https:\/\/agora.xtec.cat\/ceipcanmanent\/wp-content\/uploads\/usu153\/2022\/05\/Like-and-bosh-ok-mp3.mp3?_=12\" \/><a href=\"https:\/\/agora.xtec.cat\/ceipcanmanent\/wp-content\/uploads\/usu153\/2022\/05\/Like-and-bosh-ok-mp3.mp3\">https:\/\/agora.xtec.cat\/ceipcanmanent\/wp-content\/uploads\/usu153\/2022\/05\/Like-and-bosh-ok-mp3.mp3<\/a><\/audio>\n<p>&nbsp;<\/p>\n<p>&nbsp;<\/p>\n","protected":false},"excerpt":{"rendered":"<p>A continuaci\u00f3 teniu els nous podcasts que hem gravat i editat nosaltres mateixes i mateixos: esperem que us agradin! Entrevista a Freddy Mercury &#8211; Marcel Tom\u00e0s &nbsp; &nbsp; &nbsp; &nbsp; &nbsp; &nbsp; &nbsp; Reportatge tennis &#8211; Agn\u00e8s, Bernat, Guim i Aleix Debat sobre els zool\u00f2gics &#8211; Agn\u00e8s, Bernat, Guim i Aleix &nbsp; &nbsp; &nbsp; &nbsp; [&hellip;]<\/p>\n","protected":false},"author":7,"featured_media":8594,"comment_status":"open","ping_status":"closed","sticky":false,"template":"","format":"standard","meta":{"_bbp_topic_count":0,"_bbp_reply_count":0,"_bbp_total_topic_count":0,"_bbp_total_reply_count":0,"_bbp_voice_count":0,"_bbp_anonymous_reply_count":0,"_bbp_topic_count_hidden":0,"_bbp_reply_count_hidden":0,"_bbp_forum_subforum_count":0,"site-sidebar-layout":"default","site-content-layout":"","ast-site-content-layout":"","site-content-style":"default","site-sidebar-style":"default","ast-global-header-display":"","ast-banner-title-visibility":"","ast-main-header-display":"","ast-hfb-above-header-display":"","ast-hfb-below-header-display":"","ast-hfb-mobile-header-display":"","site-post-title":"","ast-breadcrumbs-content":"","ast-featured-img":"","footer-sml-layout":"","theme-transparent-header-meta":"","adv-header-id-meta":"","stick-header-meta":"","header-above-stick-meta":"","header-main-stick-meta":"","header-below-stick-meta":"","astra-migrate-meta-layouts":"default","ast-page-background-enabled":"default","ast-page-background-meta":{"desktop":{"background-color":"var(--ast-global-color-4)","background-image":"","background-repeat":"repeat","background-position":"center center","background-size":"auto","background-attachment":"scroll","background-type":"","background-media":"","overlay-type":"","overlay-color":"","overlay-opacity":"","overlay-gradient":""},"tablet":{"background-color":"","background-image":"","background-repeat":"repeat","background-position":"center center","background-size":"auto","background-attachment":"scroll","background-type":"","background-media":"","overlay-type":"","overlay-color":"","overlay-opacity":"","overlay-gradient":""},"mobile":{"background-color":"","background-image":"","background-repeat":"repeat","background-position":"center center","background-size":"auto","background-attachment":"scroll","background-type":"","background-media":"","overlay-type":"","overlay-color":"","overlay-opacity":"","overlay-gradient":""}},"ast-content-background-meta":{"desktop":{"background-color":"var(--ast-global-color-5)","background-image":"","background-repeat":"repeat","background-position":"center center","background-size":"auto","background-attachment":"scroll","background-type":"","background-media":"","overlay-type":"","overlay-color":"","overlay-opacity":"","overlay-gradient":""},"tablet":{"background-color":"var(--ast-global-color-5)","background-image":"","background-repeat":"repeat","background-position":"center center","background-size":"auto","background-attachment":"scroll","background-type":"","background-media":"","overlay-type":"","overlay-color":"","overlay-opacity":"","overlay-gradient":""},"mobile":{"background-color":"var(--ast-global-color-5)","background-image":"","background-repeat":"repeat","background-position":"center center","background-size":"auto","background-attachment":"scroll","background-type":"","background-media":"","overlay-type":"","overlay-color":"","overlay-opacity":"","overlay-gradient":""}},"footnotes":""},"categories":[14,82,1,4],"tags":[],"class_list":["post-8584","post","type-post","status-publish","format-standard","has-post-thumbnail","hentry","category-5e","category-grans","category-general","category-portada"],"post_mailing_queue_ids":[],"_links":{"self":[{"href":"https:\/\/agora.xtec.cat\/ceipcanmanent\/wp-json\/wp\/v2\/posts\/8584","targetHints":{"allow":["GET"]}}],"collection":[{"href":"https:\/\/agora.xtec.cat\/ceipcanmanent\/wp-json\/wp\/v2\/posts"}],"about":[{"href":"https:\/\/agora.xtec.cat\/ceipcanmanent\/wp-json\/wp\/v2\/types\/post"}],"author":[{"embeddable":true,"href":"https:\/\/agora.xtec.cat\/ceipcanmanent\/wp-json\/wp\/v2\/users\/7"}],"replies":[{"embeddable":true,"href":"https:\/\/agora.xtec.cat\/ceipcanmanent\/wp-json\/wp\/v2\/comments?post=8584"}],"version-history":[{"count":3,"href":"https:\/\/agora.xtec.cat\/ceipcanmanent\/wp-json\/wp\/v2\/posts\/8584\/revisions"}],"predecessor-version":[{"id":8700,"href":"https:\/\/agora.xtec.cat\/ceipcanmanent\/wp-json\/wp\/v2\/posts\/8584\/revisions\/8700"}],"wp:featuredmedia":[{"embeddable":true,"href":"https:\/\/agora.xtec.cat\/ceipcanmanent\/wp-json\/wp\/v2\/media\/8594"}],"wp:attachment":[{"href":"https:\/\/agora.xtec.cat\/ceipcanmanent\/wp-json\/wp\/v2\/media?parent=8584"}],"wp:term":[{"taxonomy":"category","embeddable":true,"href":"https:\/\/agora.xtec.cat\/ceipcanmanent\/wp-json\/wp\/v2\/categories?post=8584"},{"taxonomy":"post_tag","embeddable":true,"href":"https:\/\/agora.xtec.cat\/ceipcanmanent\/wp-json\/wp\/v2\/tags?post=8584"}],"curies":[{"name":"wp","href":"https:\/\/api.w.org\/{rel}","templated":true}]}}