{"id":8192,"date":"2021-11-18T16:42:00","date_gmt":"2021-11-18T15:42:00","guid":{"rendered":"https:\/\/agora.xtec.cat\/ceipcanmanent\/?p=8192"},"modified":"2021-11-18T17:36:20","modified_gmt":"2021-11-18T16:36:20","slug":"2n-assisteix-a-la-inauguracio-del-carrer-lluisa-oller","status":"publish","type":"post","link":"https:\/\/agora.xtec.cat\/ceipcanmanent\/portada\/2n-assisteix-a-la-inauguracio-del-carrer-lluisa-oller\/","title":{"rendered":"2n assisteix a la inauguraci\u00f3 del carrer Llu\u00efsa Oller"},"content":{"rendered":"<p><a href=\"https:\/\/agora.xtec.cat\/ceipcanmanent\/wp-content\/uploads\/usu153\/2021\/11\/IMG_20211118_100832-1si.jpg\"><img loading=\"lazy\" decoding=\"async\" class=\"wp-image-8199 alignleft\" src=\"https:\/\/agora.xtec.cat\/ceipcanmanent\/wp-content\/uploads\/usu153\/2021\/11\/IMG_20211118_100832-1si.jpg\" alt=\"\" width=\"236\" height=\"263\" srcset=\"https:\/\/agora.xtec.cat\/ceipcanmanent\/wp-content\/uploads\/usu153\/2021\/11\/IMG_20211118_100832-1si.jpg 737w, https:\/\/agora.xtec.cat\/ceipcanmanent\/wp-content\/uploads\/usu153\/2021\/11\/IMG_20211118_100832-1si-269x300.jpg 269w\" sizes=\"auto, (max-width: 236px) 100vw, 236px\" \/><\/a>Avui els nens i nenes de 2n hem assistit a l&#8217;acte d&#8217;inauguraci\u00f3 del carrer Llu\u00efsa Oller.<\/p>\n<p><a href=\"https:\/\/agora.xtec.cat\/ceipcanmanent\/wp-content\/uploads\/usu153\/2021\/11\/IMG_20211118_100658.jpg\"><img loading=\"lazy\" decoding=\"async\" class=\"wp-image-8193 alignright\" src=\"https:\/\/agora.xtec.cat\/ceipcanmanent\/wp-content\/uploads\/usu153\/2021\/11\/IMG_20211118_100658-472x1024.jpg\" alt=\"\" width=\"188\" height=\"407\" srcset=\"https:\/\/agora.xtec.cat\/ceipcanmanent\/wp-content\/uploads\/usu153\/2021\/11\/IMG_20211118_100658-472x1024.jpg 472w, https:\/\/agora.xtec.cat\/ceipcanmanent\/wp-content\/uploads\/usu153\/2021\/11\/IMG_20211118_100658-138x300.jpg 138w, https:\/\/agora.xtec.cat\/ceipcanmanent\/wp-content\/uploads\/usu153\/2021\/11\/IMG_20211118_100658-708x1536.jpg 708w, https:\/\/agora.xtec.cat\/ceipcanmanent\/wp-content\/uploads\/usu153\/2021\/11\/IMG_20211118_100658.jpg 738w\" sizes=\"auto, (max-width: 188px) 100vw, 188px\" \/><\/a><\/p>\n<p data-wp-editing=\"1\">L&#8217;any passat, a primer, a partir del projecte &#8220;Itineraris&#8221;, vam descobrir que nom\u00e9s existien quatre carrers amb nom de dona a Cardedeu. Aix\u00ed, vam decidir entregar una inst\u00e0ncia a l&#8217;Ajuntament amb aquesta observaci\u00f3, demanant tamb\u00e9 que es tingu\u00e9s en compte cara un futur.<\/p>\n<p data-wp-editing=\"1\">Avui hem tingut la gran sort d&#8217;assistir a la inauguraci\u00f3 d&#8217;un nou nom de carrer: la tasca de la Llu\u00efsa Oller ha estat reconeguda, i el carrer Pere Mercader ha passat a tenir el seu nom.<\/p>\n<p><a href=\"https:\/\/agora.xtec.cat\/ceipcanmanent\/wp-content\/uploads\/usu153\/2021\/11\/IMG_20211118_100718-2.jpg\"><img loading=\"lazy\" decoding=\"async\" class=\"wp-image-8194 alignleft\" src=\"https:\/\/agora.xtec.cat\/ceipcanmanent\/wp-content\/uploads\/usu153\/2021\/11\/IMG_20211118_100718-2-388x1024.jpg\" alt=\"\" width=\"127\" height=\"335\" srcset=\"https:\/\/agora.xtec.cat\/ceipcanmanent\/wp-content\/uploads\/usu153\/2021\/11\/IMG_20211118_100718-2-388x1024.jpg 388w, https:\/\/agora.xtec.cat\/ceipcanmanent\/wp-content\/uploads\/usu153\/2021\/11\/IMG_20211118_100718-2-114x300.jpg 114w, https:\/\/agora.xtec.cat\/ceipcanmanent\/wp-content\/uploads\/usu153\/2021\/11\/IMG_20211118_100718-2.jpg 476w\" sizes=\"auto, (max-width: 127px) 100vw, 127px\" \/><\/a><\/p>\n<p>&nbsp;<\/p>\n<p>&nbsp;<\/p>\n<p>Gr\u00e0cies a aquest acte hem apr\u00e8s que la Llu\u00efsa va ser la fundadora del Viver de Bell-lloc, que dona feina i llar a moltes persones amb discapacitat intel\u00b7lectual. La seva traject\u00f2ria d&#8217;estima, cura i empatia \u00e9s un molt bon model per a tots nosaltres i pel poble de Cardedeu.<\/p>\n<p>&nbsp;<\/p>\n<p>&nbsp;<\/p>\n<p>L&#8217;Ajuntament ens ha demanat una participaci\u00f3 en aquest acte, i aix\u00f2 \u00e9s el que hem acordat mencionar entre tots els nens i nenes:<\/p>\n<p><strong>2nA Bru Dinar\u00e8s<a href=\"https:\/\/agora.xtec.cat\/ceipcanmanent\/wp-content\/uploads\/usu153\/2021\/11\/1637237199815.jpg\"><img loading=\"lazy\" decoding=\"async\" class=\"wp-image-8196 alignright\" src=\"https:\/\/agora.xtec.cat\/ceipcanmanent\/wp-content\/uploads\/usu153\/2021\/11\/1637237199815-653x1024.jpg\" alt=\"\" width=\"184\" height=\"289\" srcset=\"https:\/\/agora.xtec.cat\/ceipcanmanent\/wp-content\/uploads\/usu153\/2021\/11\/1637237199815-653x1024.jpg 653w, https:\/\/agora.xtec.cat\/ceipcanmanent\/wp-content\/uploads\/usu153\/2021\/11\/1637237199815-191x300.jpg 191w, https:\/\/agora.xtec.cat\/ceipcanmanent\/wp-content\/uploads\/usu153\/2021\/11\/1637237199815-768x1204.jpg 768w, https:\/\/agora.xtec.cat\/ceipcanmanent\/wp-content\/uploads\/usu153\/2021\/11\/1637237199815.jpg 954w\" sizes=\"auto, (max-width: 184px) 100vw, 184px\" \/><\/a><\/strong><\/p>\n<p>&#8220;Estem contents i contentes perqu\u00e8 les dones tenen el mateix dret que els homes a tenir el nom d&#8217;un carrer. Tamb\u00e9 ens agrada que hagin canviat el nom d&#8217;un carrer.&#8221;<\/p>\n<p><strong>2nB Oleguer Geron\u00e8s<a href=\"https:\/\/agora.xtec.cat\/ceipcanmanent\/wp-content\/uploads\/usu153\/2021\/11\/IMG_20211118_101043-1.jpg\"><img loading=\"lazy\" decoding=\"async\" class=\"wp-image-8197 alignright\" src=\"https:\/\/agora.xtec.cat\/ceipcanmanent\/wp-content\/uploads\/usu153\/2021\/11\/IMG_20211118_101043-1-472x1024.jpg\" alt=\"\" width=\"177\" height=\"384\" srcset=\"https:\/\/agora.xtec.cat\/ceipcanmanent\/wp-content\/uploads\/usu153\/2021\/11\/IMG_20211118_101043-1-472x1024.jpg 472w, https:\/\/agora.xtec.cat\/ceipcanmanent\/wp-content\/uploads\/usu153\/2021\/11\/IMG_20211118_101043-1-138x300.jpg 138w, https:\/\/agora.xtec.cat\/ceipcanmanent\/wp-content\/uploads\/usu153\/2021\/11\/IMG_20211118_101043-1-708x1536.jpg 708w, https:\/\/agora.xtec.cat\/ceipcanmanent\/wp-content\/uploads\/usu153\/2021\/11\/IMG_20211118_101043-1.jpg 738w\" sizes=\"auto, (max-width: 177px) 100vw, 177px\" \/><\/a><\/strong><\/p>\n<p>&#8220;Estem molt contents i contentes de ser avui aqu\u00ed perqu\u00e8 l&#8217;Ajuntament ha escoltat la nostra inst\u00e0ncia i ha fet un pas important per recon\u00e8ixer el paper de la dona a Cardedeu.&#8221;<\/p>\n<p><strong>2nC Emma Garrido<\/strong><\/p>\n<p>&#8220;Ens agrada el canvi de nom pel d&#8217;una dona de Cardedeu i perqu\u00e8 la Llu\u00efsa Oller ha ajudat a moltes persones que ho necessitaven.&#8221;<\/p>\n<div><a href=\"https:\/\/agora.xtec.cat\/ceipcanmanent\/wp-content\/uploads\/usu153\/2021\/11\/1637237039514.jpg\"><img loading=\"lazy\" decoding=\"async\" class=\"wp-image-8195 alignleft\" src=\"https:\/\/agora.xtec.cat\/ceipcanmanent\/wp-content\/uploads\/usu153\/2021\/11\/1637237039514.jpg\" alt=\"\" width=\"276\" height=\"182\" srcset=\"https:\/\/agora.xtec.cat\/ceipcanmanent\/wp-content\/uploads\/usu153\/2021\/11\/1637237039514.jpg 888w, https:\/\/agora.xtec.cat\/ceipcanmanent\/wp-content\/uploads\/usu153\/2021\/11\/1637237039514-300x197.jpg 300w, https:\/\/agora.xtec.cat\/ceipcanmanent\/wp-content\/uploads\/usu153\/2021\/11\/1637237039514-768x504.jpg 768w\" sizes=\"auto, (max-width: 276px) 100vw, 276px\" \/><\/a><\/div>\n<div><\/div>\n<p>&nbsp;<\/p>\n<p>&nbsp;<\/p>\n<p>Un dia molt emotiu i ben especial que, de ben segur, recordarem per sempre, en especial quan caminem pel carrer LLU\u00cfSA OLLER.<\/p>\n<div><\/div>\n<div><\/div>\n","protected":false},"excerpt":{"rendered":"<p>Avui els nens i nenes de 2n hem assistit a l&#8217;acte d&#8217;inauguraci\u00f3 del carrer Llu\u00efsa Oller. L&#8217;any passat, a primer, a partir del projecte &#8220;Itineraris&#8221;, vam descobrir que nom\u00e9s existien quatre carrers amb nom de dona a Cardedeu. Aix\u00ed, vam decidir entregar una inst\u00e0ncia a l&#8217;Ajuntament amb aquesta observaci\u00f3, demanant tamb\u00e9 que es tingu\u00e9s en [&hellip;]<\/p>\n","protected":false},"author":17,"featured_media":0,"comment_status":"open","ping_status":"closed","sticky":false,"template":"","format":"standard","meta":{"_bbp_topic_count":0,"_bbp_reply_count":0,"_bbp_total_topic_count":0,"_bbp_total_reply_count":0,"_bbp_voice_count":0,"_bbp_anonymous_reply_count":0,"_bbp_topic_count_hidden":0,"_bbp_reply_count_hidden":0,"_bbp_forum_subforum_count":0,"site-sidebar-layout":"default","site-content-layout":"","ast-site-content-layout":"","site-content-style":"default","site-sidebar-style":"default","ast-global-header-display":"","ast-banner-title-visibility":"","ast-main-header-display":"","ast-hfb-above-header-display":"","ast-hfb-below-header-display":"","ast-hfb-mobile-header-display":"","site-post-title":"","ast-breadcrumbs-content":"","ast-featured-img":"","footer-sml-layout":"","theme-transparent-header-meta":"","adv-header-id-meta":"","stick-header-meta":"","header-above-stick-meta":"","header-main-stick-meta":"","header-below-stick-meta":"","astra-migrate-meta-layouts":"default","ast-page-background-enabled":"default","ast-page-background-meta":{"desktop":{"background-color":"var(--ast-global-color-4)","background-image":"","background-repeat":"repeat","background-position":"center center","background-size":"auto","background-attachment":"scroll","background-type":"","background-media":"","overlay-type":"","overlay-color":"","overlay-opacity":"","overlay-gradient":""},"tablet":{"background-color":"","background-image":"","background-repeat":"repeat","background-position":"center center","background-size":"auto","background-attachment":"scroll","background-type":"","background-media":"","overlay-type":"","overlay-color":"","overlay-opacity":"","overlay-gradient":""},"mobile":{"background-color":"","background-image":"","background-repeat":"repeat","background-position":"center center","background-size":"auto","background-attachment":"scroll","background-type":"","background-media":"","overlay-type":"","overlay-color":"","overlay-opacity":"","overlay-gradient":""}},"ast-content-background-meta":{"desktop":{"background-color":"var(--ast-global-color-5)","background-image":"","background-repeat":"repeat","background-position":"center center","background-size":"auto","background-attachment":"scroll","background-type":"","background-media":"","overlay-type":"","overlay-color":"","overlay-opacity":"","overlay-gradient":""},"tablet":{"background-color":"var(--ast-global-color-5)","background-image":"","background-repeat":"repeat","background-position":"center center","background-size":"auto","background-attachment":"scroll","background-type":"","background-media":"","overlay-type":"","overlay-color":"","overlay-opacity":"","overlay-gradient":""},"mobile":{"background-color":"var(--ast-global-color-5)","background-image":"","background-repeat":"repeat","background-position":"center center","background-size":"auto","background-attachment":"scroll","background-type":"","background-media":"","overlay-type":"","overlay-color":"","overlay-opacity":"","overlay-gradient":""}},"footnotes":""},"categories":[26,4],"tags":[],"class_list":["post-8192","post","type-post","status-publish","format-standard","hentry","category-2n","category-portada"],"post_mailing_queue_ids":[],"_links":{"self":[{"href":"https:\/\/agora.xtec.cat\/ceipcanmanent\/wp-json\/wp\/v2\/posts\/8192","targetHints":{"allow":["GET"]}}],"collection":[{"href":"https:\/\/agora.xtec.cat\/ceipcanmanent\/wp-json\/wp\/v2\/posts"}],"about":[{"href":"https:\/\/agora.xtec.cat\/ceipcanmanent\/wp-json\/wp\/v2\/types\/post"}],"author":[{"embeddable":true,"href":"https:\/\/agora.xtec.cat\/ceipcanmanent\/wp-json\/wp\/v2\/users\/17"}],"replies":[{"embeddable":true,"href":"https:\/\/agora.xtec.cat\/ceipcanmanent\/wp-json\/wp\/v2\/comments?post=8192"}],"version-history":[{"count":3,"href":"https:\/\/agora.xtec.cat\/ceipcanmanent\/wp-json\/wp\/v2\/posts\/8192\/revisions"}],"predecessor-version":[{"id":8204,"href":"https:\/\/agora.xtec.cat\/ceipcanmanent\/wp-json\/wp\/v2\/posts\/8192\/revisions\/8204"}],"wp:attachment":[{"href":"https:\/\/agora.xtec.cat\/ceipcanmanent\/wp-json\/wp\/v2\/media?parent=8192"}],"wp:term":[{"taxonomy":"category","embeddable":true,"href":"https:\/\/agora.xtec.cat\/ceipcanmanent\/wp-json\/wp\/v2\/categories?post=8192"},{"taxonomy":"post_tag","embeddable":true,"href":"https:\/\/agora.xtec.cat\/ceipcanmanent\/wp-json\/wp\/v2\/tags?post=8192"}],"curies":[{"name":"wp","href":"https:\/\/api.w.org\/{rel}","templated":true}]}}