{"id":7228,"date":"2020-07-07T11:57:47","date_gmt":"2020-07-07T09:57:47","guid":{"rendered":"https:\/\/agora.xtec.cat\/ceipcanmanent\/?p=7228"},"modified":"2020-07-07T11:58:30","modified_gmt":"2020-07-07T09:58:30","slug":"convocatoria-ajuts-menjador-curs-2020-21","status":"publish","type":"post","link":"https:\/\/agora.xtec.cat\/ceipcanmanent\/general\/convocatoria-ajuts-menjador-curs-2020-21\/","title":{"rendered":"Convocat\u00f2ria ajuts menjador curs 2020-21"},"content":{"rendered":"<p>El Consell Comarcal del Vall\u00e8s Oriental ha obert la convocat\u00f2ria d&#8217;ajuts de menjador pel curs 2020-2021 i l&#8217;Ajuntament de Cardedeu tamb\u00e9 ha obert la convocat\u00f2ria per als ajuts de menjador complementaris.<\/p>\n<p>Les persones interessades han d\u2019omplir el corresponent model de sol\u00b7licitud i aportar la documentaci\u00f3 espec\u00edfica demanada (S&#8217;adjunta el <a href=\"https:\/\/agora.xtec.cat\/ceipcanmanent\/wp-content\/uploads\/usu153\/2020\/07\/Inst\u00e0ncia-ajuts-menjador-curs-2020-21.pdf\" target=\"_blank\" rel=\"noopener noreferrer\">model d&#8217;inst\u00e0ncia i sol\u00b7licitud<\/a> i un <a href=\"https:\/\/agora.xtec.cat\/ceipcanmanent\/wp-content\/uploads\/usu153\/2020\/07\/FULLETO_INFORMATIU_convocatoria_20_21.pdf\" target=\"_blank\" rel=\"noopener noreferrer\">fullet\u00f3 informatiu<\/a> sobre com omplir-la).<\/p>\n<p>Les sol\u00b7licituds s\u2019han de presentar a l\u2019Oficina d\u2019Atenci\u00f3 Ciutadana de Cardedeu. Cal sol\u00b7licitar cita pr\u00e8via al 93 844 40 04 o a trav\u00e9s del correu electr\u00f2nic:\u00a0<a href=\"mailto:oac@cardedeu.cat\" target=\"_blank\" rel=\"noopener noreferrer\">oac@cardedeu.cat<\/a><\/p>\n<p>El termini per a la presentaci\u00f3 de sol\u00b7licituds finalitza el 24 de juliol.<\/p>\n<p>Recordem que l&#8217;horari de l&#8217;OAC \u00e9s el seg\u00fcent:<\/p>\n<p>De dilluns a divendres: de 9 a 14 h<br \/>\nDijous: de 9 a 19 h,\u00a0 ininterrompudament.<\/p>\n<p>Per a qualsevol consulta, podeu contactar amb Serveis Socials al tel\u00e8fon 93 844 41 40 o per correu electr\u00f2nic a\u00a0<a href=\"mailto:serveisocials@cardedeu.cat\" target=\"_blank\" rel=\"noopener noreferrer\">serveisocials@cardedeu.cat<\/a>.<\/p>\n<p>A continuaci\u00f3 trobareu el link a la noticia publicada a la web de l&#8217;Ajuntament de Cardedeu, on podreu trobar tamb\u00e9 tota la documentaci\u00f3 relacionada.<\/p>\n<p><a href=\"http:\/\/www.cardedeu.cat\/actualitat\/noticies\/oberta-la-convocatoria-dajuts-de-menjador-per-al-curs-escolar-202021.html\" target=\"_blank\" rel=\"noopener noreferrer\" data-saferedirecturl=\"https:\/\/www.google.com\/url?q=http:\/\/www.cardedeu.cat\/actualitat\/noticies\/oberta-la-convocatoria-dajuts-de-menjador-per-al-curs-escolar-202021.html&amp;source=gmail&amp;ust=1594201246473000&amp;usg=AFQjCNHQw-OprjoUkwFoFGciKcKZ4EywMw\">http:\/\/www.cardedeu.cat\/<wbr \/>actualitat\/noticies\/oberta-la-<wbr \/>convocatoria-dajuts-de-<wbr \/>menjador-per-al-curs-escolar-<wbr \/>202021.html<\/a><\/p>\n","protected":false},"excerpt":{"rendered":"<p>El Consell Comarcal del Vall\u00e8s Oriental ha obert la convocat\u00f2ria d&#8217;ajuts de menjador pel curs 2020-2021 i l&#8217;Ajuntament de Cardedeu tamb\u00e9 ha obert la convocat\u00f2ria per als ajuts de menjador complementaris. Les persones interessades han d\u2019omplir el corresponent model de sol\u00b7licitud i aportar la documentaci\u00f3 espec\u00edfica demanada (S&#8217;adjunta el model d&#8217;inst\u00e0ncia i sol\u00b7licitud i un [&hellip;]<\/p>\n","protected":false},"author":1,"featured_media":0,"comment_status":"open","ping_status":"closed","sticky":false,"template":"","format":"standard","meta":{"_bbp_topic_count":0,"_bbp_reply_count":0,"_bbp_total_topic_count":0,"_bbp_total_reply_count":0,"_bbp_voice_count":0,"_bbp_anonymous_reply_count":0,"_bbp_topic_count_hidden":0,"_bbp_reply_count_hidden":0,"_bbp_forum_subforum_count":0,"site-sidebar-layout":"default","site-content-layout":"","ast-site-content-layout":"","site-content-style":"default","site-sidebar-style":"default","ast-global-header-display":"","ast-banner-title-visibility":"","ast-main-header-display":"","ast-hfb-above-header-display":"","ast-hfb-below-header-display":"","ast-hfb-mobile-header-display":"","site-post-title":"","ast-breadcrumbs-content":"","ast-featured-img":"","footer-sml-layout":"","theme-transparent-header-meta":"","adv-header-id-meta":"","stick-header-meta":"","header-above-stick-meta":"","header-main-stick-meta":"","header-below-stick-meta":"","astra-migrate-meta-layouts":"default","ast-page-background-enabled":"default","ast-page-background-meta":{"desktop":{"background-color":"var(--ast-global-color-4)","background-image":"","background-repeat":"repeat","background-position":"center center","background-size":"auto","background-attachment":"scroll","background-type":"","background-media":"","overlay-type":"","overlay-color":"","overlay-opacity":"","overlay-gradient":""},"tablet":{"background-color":"","background-image":"","background-repeat":"repeat","background-position":"center center","background-size":"auto","background-attachment":"scroll","background-type":"","background-media":"","overlay-type":"","overlay-color":"","overlay-opacity":"","overlay-gradient":""},"mobile":{"background-color":"","background-image":"","background-repeat":"repeat","background-position":"center center","background-size":"auto","background-attachment":"scroll","background-type":"","background-media":"","overlay-type":"","overlay-color":"","overlay-opacity":"","overlay-gradient":""}},"ast-content-background-meta":{"desktop":{"background-color":"var(--ast-global-color-5)","background-image":"","background-repeat":"repeat","background-position":"center center","background-size":"auto","background-attachment":"scroll","background-type":"","background-media":"","overlay-type":"","overlay-color":"","overlay-opacity":"","overlay-gradient":""},"tablet":{"background-color":"var(--ast-global-color-5)","background-image":"","background-repeat":"repeat","background-position":"center center","background-size":"auto","background-attachment":"scroll","background-type":"","background-media":"","overlay-type":"","overlay-color":"","overlay-opacity":"","overlay-gradient":""},"mobile":{"background-color":"var(--ast-global-color-5)","background-image":"","background-repeat":"repeat","background-position":"center center","background-size":"auto","background-attachment":"scroll","background-type":"","background-media":"","overlay-type":"","overlay-color":"","overlay-opacity":"","overlay-gradient":""}},"footnotes":""},"categories":[1,4],"tags":[],"class_list":["post-7228","post","type-post","status-publish","format-standard","hentry","category-general","category-portada"],"post_mailing_queue_ids":[],"_links":{"self":[{"href":"https:\/\/agora.xtec.cat\/ceipcanmanent\/wp-json\/wp\/v2\/posts\/7228","targetHints":{"allow":["GET"]}}],"collection":[{"href":"https:\/\/agora.xtec.cat\/ceipcanmanent\/wp-json\/wp\/v2\/posts"}],"about":[{"href":"https:\/\/agora.xtec.cat\/ceipcanmanent\/wp-json\/wp\/v2\/types\/post"}],"author":[{"embeddable":true,"href":"https:\/\/agora.xtec.cat\/ceipcanmanent\/wp-json\/wp\/v2\/users\/1"}],"replies":[{"embeddable":true,"href":"https:\/\/agora.xtec.cat\/ceipcanmanent\/wp-json\/wp\/v2\/comments?post=7228"}],"version-history":[{"count":2,"href":"https:\/\/agora.xtec.cat\/ceipcanmanent\/wp-json\/wp\/v2\/posts\/7228\/revisions"}],"predecessor-version":[{"id":7232,"href":"https:\/\/agora.xtec.cat\/ceipcanmanent\/wp-json\/wp\/v2\/posts\/7228\/revisions\/7232"}],"wp:attachment":[{"href":"https:\/\/agora.xtec.cat\/ceipcanmanent\/wp-json\/wp\/v2\/media?parent=7228"}],"wp:term":[{"taxonomy":"category","embeddable":true,"href":"https:\/\/agora.xtec.cat\/ceipcanmanent\/wp-json\/wp\/v2\/categories?post=7228"},{"taxonomy":"post_tag","embeddable":true,"href":"https:\/\/agora.xtec.cat\/ceipcanmanent\/wp-json\/wp\/v2\/tags?post=7228"}],"curies":[{"name":"wp","href":"https:\/\/api.w.org\/{rel}","templated":true}]}}