{"id":7129,"date":"2020-06-15T08:00:50","date_gmt":"2020-06-15T06:00:50","guid":{"rendered":"https:\/\/agora.xtec.cat\/ceipcanmanent\/?p=7129"},"modified":"2020-07-17T19:53:46","modified_gmt":"2020-07-17T17:53:46","slug":"propostes-de-precisio-i-coordinacio-ull-ma-p4-setmana-del-15-de-juny","status":"publish","type":"post","link":"https:\/\/agora.xtec.cat\/ceipcanmanent\/general\/propostes-de-precisio-i-coordinacio-ull-ma-p4-setmana-del-15-de-juny\/","title":{"rendered":"Propostes de precisi\u00f3 i coordinaci\u00f3 ull-m\u00e0. P4 Setmana del 15 de juny"},"content":{"rendered":"<ol>\n<li><b>Rima amb moviment: EL CARTER<\/b><\/li>\n<\/ol>\n<p><span style=\"font-weight: 400\">Amb les mans obertes i juntes es fa coincidir cadascun dels dits d\u2019una m\u00e0 amb els seus respectius de l\u2019altra m\u00e0.<\/span><\/p>\n<p><span style=\"font-weight: 400\">Es recita el text fent picar entre si els dits corresponents, simulant ser el personatge del di\u00e0leg. Quan parla el dit petit s\u2019ha de fer una veu m\u00e9s aguda.<\/span><\/p>\n<p><span style=\"font-weight: 400\">A l\u2019\u00faltim vers, quan el dit petit convida el polze a passar, es tanquen les mans alhora, de manera que queden com dos punys junts.<\/span><\/p>\n<p>&nbsp;<\/p>\n<p><a href=\"https:\/\/agora.xtec.cat\/ceipcanmanent\/wp-content\/uploads\/usu153\/2020\/06\/El-carter.png\"><img loading=\"lazy\" decoding=\"async\" class=\"wp-image-7145 aligncenter\" src=\"https:\/\/agora.xtec.cat\/ceipcanmanent\/wp-content\/uploads\/usu153\/2020\/06\/El-carter-1024x484.png\" alt=\"\" width=\"873\" height=\"413\" srcset=\"https:\/\/agora.xtec.cat\/ceipcanmanent\/wp-content\/uploads\/usu153\/2020\/06\/El-carter-1024x484.png 1024w, https:\/\/agora.xtec.cat\/ceipcanmanent\/wp-content\/uploads\/usu153\/2020\/06\/El-carter-300x142.png 300w, https:\/\/agora.xtec.cat\/ceipcanmanent\/wp-content\/uploads\/usu153\/2020\/06\/El-carter-768x363.png 768w, https:\/\/agora.xtec.cat\/ceipcanmanent\/wp-content\/uploads\/usu153\/2020\/06\/El-carter.png 1848w\" sizes=\"auto, (max-width: 873px) 100vw, 873px\" \/><\/a><\/p>\n<p>Visualitzar el <strong><a href=\"https:\/\/drive.google.com\/file\/d\/1QvdPUhHbzwJPvBUEWS5U25p1lqLtO31_\/view?usp=sharing\">V\u00cdDEO<\/a><\/strong><\/p>\n<p><b>Activitats de precisi\u00f3 i coordinaci\u00f3 ull-m\u00e0:<\/b><\/p>\n<ul>\n<li style=\"font-weight: 400\"><span style=\"font-weight: 400\">Omplir amb grans d\u2019arr\u00f2s canyetes: es pot enganxar la canyeta en una bola de plastilina i l\u2019infant ha d\u2019anar col\u00b7locant els grans d\u2019arr\u00f2s dintre de la canyeta.\u00a0<\/span><\/li>\n<li style=\"font-weight: 400\"><span style=\"font-weight: 400\">Posar\u00a0 cigrons, mongetes\u2026 dins d\u2019una ampolla amb l\u2019ajuda d\u2019unes pinces.<\/span><\/li>\n<li style=\"font-weight: 400\"><span style=\"font-weight: 400\">Fer transvasaments d\u2019aigua amb diferents estris, com culleres, gots, comptagotes.<\/span><\/li>\n<li style=\"font-weight: 400\"><span style=\"font-weight: 400\">Classificar una barreja de fruits secs o llegums, en diferents recipients amb l\u2019ajuda de les pinces o cullerot.<\/span><\/li>\n<li style=\"font-weight: 400\"><span style=\"font-weight: 400\">Agafar taps de pl\u00e0stic, que estan surant dins d\u2019un cubell ple d\u2019aigua, amb dos palets.<\/span><\/li>\n<li style=\"font-weight: 400\"><span style=\"font-weight: 400\">Crear una teranyina en un cab\u00e0s amb forats, amb llana, cinta, corda\u2026 i deixar-hi objectes petits al fons. L\u2019infant amb les pinces ha d\u2019agafar els\u00a0 objectes, intentant no tocar la teranyina.<\/span><\/li>\n<li style=\"font-weight: 400\"><span style=\"font-weight: 400\">Escriure n\u00fameros dins d\u2019un motlle o cubitera. L\u2019infant ha de posar tantes llavors, boletes\u2026 com el n\u00famero indiqui. Aix\u00f2 s\u00ed, sense utilitzar els dits, sin\u00f3 les pinces.<\/span><\/li>\n<li style=\"font-weight: 400\"><span style=\"font-weight: 400\">Fer construccions o torres amb gots o plats que no es puguin trencar si cauen.<\/span><\/li>\n<\/ul>\n<p><a href=\"https:\/\/agora.xtec.cat\/ceipcanmanent\/wp-content\/uploads\/usu153\/2020\/06\/MF.png\"><img loading=\"lazy\" decoding=\"async\" class=\"wp-image-7142 aligncenter\" src=\"https:\/\/agora.xtec.cat\/ceipcanmanent\/wp-content\/uploads\/usu153\/2020\/06\/MF-1024x725.png\" alt=\"\" width=\"865\" height=\"613\" srcset=\"https:\/\/agora.xtec.cat\/ceipcanmanent\/wp-content\/uploads\/usu153\/2020\/06\/MF-1024x725.png 1024w, https:\/\/agora.xtec.cat\/ceipcanmanent\/wp-content\/uploads\/usu153\/2020\/06\/MF-300x212.png 300w, https:\/\/agora.xtec.cat\/ceipcanmanent\/wp-content\/uploads\/usu153\/2020\/06\/MF-768x543.png 768w, https:\/\/agora.xtec.cat\/ceipcanmanent\/wp-content\/uploads\/usu153\/2020\/06\/MF.png 1183w\" sizes=\"auto, (max-width: 865px) 100vw, 865px\" \/><\/a><\/p>\n<p><b>Proposta art\u00edstica:<\/b><\/p>\n<p><span style=\"font-weight: 400\">Pintar pedres amb pintura, retoladors de vidre o permanents. Traieu l&#8217;artista que porteu a dins!\u00a0<\/span><\/p>\n<p><a href=\"https:\/\/agora.xtec.cat\/ceipcanmanent\/wp-content\/uploads\/usu153\/2020\/06\/pedres.png\"><img loading=\"lazy\" decoding=\"async\" class=\"wp-image-7143 aligncenter\" src=\"https:\/\/agora.xtec.cat\/ceipcanmanent\/wp-content\/uploads\/usu153\/2020\/06\/pedres-1024x742.png\" alt=\"\" width=\"753\" height=\"545\" srcset=\"https:\/\/agora.xtec.cat\/ceipcanmanent\/wp-content\/uploads\/usu153\/2020\/06\/pedres-1024x742.png 1024w, https:\/\/agora.xtec.cat\/ceipcanmanent\/wp-content\/uploads\/usu153\/2020\/06\/pedres-300x217.png 300w, https:\/\/agora.xtec.cat\/ceipcanmanent\/wp-content\/uploads\/usu153\/2020\/06\/pedres-768x556.png 768w, https:\/\/agora.xtec.cat\/ceipcanmanent\/wp-content\/uploads\/usu153\/2020\/06\/pedres.png 1456w\" sizes=\"auto, (max-width: 753px) 100vw, 753px\" \/><\/a><\/p>\n<p><strong>Juguem amb les ombres:<\/strong><\/p>\n<p>Per \u00faltim, us animem a jugar amb les ombres. Ho podeu fer de diferents maneres i amb diferents materials. Si \u00e9s sobre un full, <span style=\"font-weight: 400\">amb retolador, llapis&#8230; Si ho feu sobre una rajola, amb guix i si ho feu al terra, ho podeu fer amb un pal.<\/span><\/p>\n<p>Primer, podeu visualitzar aquest <a href=\"https:\/\/drive.google.com\/file\/d\/1suyXV9m60-O2XNJfFyFuTG9aLaKqopcL\/view?usp=sharing\"><strong>V\u00cdDEO<\/strong><\/a> i gaudir d&#8217;una petita hist\u00f2ria feta amb ombres.<\/p>\n<ul>\n<li>Fer diferents formes amb les vostres mans. Aqu\u00ed teniu alguns exemples. Tamb\u00e9 us ho podeu inventar i observar el resultat!<\/li>\n<\/ul>\n<p><a href=\"https:\/\/agora.xtec.cat\/ceipcanmanent\/wp-content\/uploads\/usu153\/2020\/06\/ombres.png\"><img loading=\"lazy\" decoding=\"async\" class=\"size-full wp-image-7168 aligncenter\" src=\"https:\/\/agora.xtec.cat\/ceipcanmanent\/wp-content\/uploads\/usu153\/2020\/06\/ombres.png\" alt=\"\" width=\"293\" height=\"287\" \/><\/a><\/p>\n<p>En aquest <strong><a href=\"https:\/\/drive.google.com\/file\/d\/1bXOfyaxcfEelfnusky2reI6QltzR4oMK\/view?usp=sharing\">V\u00cdDEO<\/a><\/strong> teniu uns quants exemples.<\/p>\n<ul>\n<li>Resseguir la silueta de les ombres de diferents objectes:<\/li>\n<\/ul>\n<p><a href=\"https:\/\/agora.xtec.cat\/ceipcanmanent\/wp-content\/uploads\/usu153\/2020\/06\/ombra-objecte.jpg\"><img loading=\"lazy\" decoding=\"async\" class=\" wp-image-7169 aligncenter\" src=\"https:\/\/agora.xtec.cat\/ceipcanmanent\/wp-content\/uploads\/usu153\/2020\/06\/ombra-objecte.jpg\" alt=\"\" width=\"297\" height=\"295\" srcset=\"https:\/\/agora.xtec.cat\/ceipcanmanent\/wp-content\/uploads\/usu153\/2020\/06\/ombra-objecte.jpg 220w, https:\/\/agora.xtec.cat\/ceipcanmanent\/wp-content\/uploads\/usu153\/2020\/06\/ombra-objecte-150x150.jpg 150w\" sizes=\"auto, (max-width: 297px) 100vw, 297px\" \/><\/a><\/p>\n<ul>\n<li>Resseguir la silueta de l\u2019ombra d\u2019un altre:<\/li>\n<\/ul>\n<p><a href=\"https:\/\/agora.xtec.cat\/ceipcanmanent\/wp-content\/uploads\/usu153\/2020\/06\/ombra-nen.jpg\"><img loading=\"lazy\" decoding=\"async\" class=\" wp-image-7170 aligncenter\" src=\"https:\/\/agora.xtec.cat\/ceipcanmanent\/wp-content\/uploads\/usu153\/2020\/06\/ombra-nen.jpg\" alt=\"\" width=\"349\" height=\"248\" srcset=\"https:\/\/agora.xtec.cat\/ceipcanmanent\/wp-content\/uploads\/usu153\/2020\/06\/ombra-nen.jpg 309w, https:\/\/agora.xtec.cat\/ceipcanmanent\/wp-content\/uploads\/usu153\/2020\/06\/ombra-nen-300x213.jpg 300w\" sizes=\"auto, (max-width: 349px) 100vw, 349px\" \/><\/a><\/p>\n<p><strong>COMIAT:<\/strong><\/p>\n<p style=\"text-align: justify\">Ja hem arribat a la darrera setmana del curs, tan diferent que ens ha tocat viure, i ens volem acomiadar agraint-vos la vostra participaci\u00f3, realitzant les propostes que us hem anat penjant al web, setmana rera setmana. Com tamb\u00e9 agrair-vos els vostres retorns que ens han fet molta il\u2022lusi\u00f3. Us desitgem que tingueu un feli\u00e7 estiu i unes bones vacances, amb l&#8217;esperan\u00e7a i el desig de retrobar-nos al setembre a l&#8217;escola.<\/p>\n<p>Marta, Esther i \u00c0ngela<\/p>\n","protected":false},"excerpt":{"rendered":"<p>Rima amb moviment: EL CARTER Amb les mans obertes i juntes es fa coincidir cadascun dels dits d\u2019una m\u00e0 amb els seus respectius de l\u2019altra m\u00e0. Es recita el text fent picar entre si els dits corresponents, simulant ser el personatge del di\u00e0leg. Quan parla el dit petit s\u2019ha de fer una veu m\u00e9s aguda. [&hellip;]<\/p>\n","protected":false},"author":6,"featured_media":0,"comment_status":"open","ping_status":"closed","sticky":false,"template":"","format":"standard","meta":{"_bbp_topic_count":0,"_bbp_reply_count":0,"_bbp_total_topic_count":0,"_bbp_total_reply_count":0,"_bbp_voice_count":0,"_bbp_anonymous_reply_count":0,"_bbp_topic_count_hidden":0,"_bbp_reply_count_hidden":0,"_bbp_forum_subforum_count":0,"site-sidebar-layout":"default","site-content-layout":"","ast-site-content-layout":"","site-content-style":"default","site-sidebar-style":"default","ast-global-header-display":"","ast-banner-title-visibility":"","ast-main-header-display":"","ast-hfb-above-header-display":"","ast-hfb-below-header-display":"","ast-hfb-mobile-header-display":"","site-post-title":"","ast-breadcrumbs-content":"","ast-featured-img":"","footer-sml-layout":"","theme-transparent-header-meta":"","adv-header-id-meta":"","stick-header-meta":"","header-above-stick-meta":"","header-main-stick-meta":"","header-below-stick-meta":"","astra-migrate-meta-layouts":"default","ast-page-background-enabled":"default","ast-page-background-meta":{"desktop":{"background-color":"var(--ast-global-color-4)","background-image":"","background-repeat":"repeat","background-position":"center center","background-size":"auto","background-attachment":"scroll","background-type":"","background-media":"","overlay-type":"","overlay-color":"","overlay-opacity":"","overlay-gradient":""},"tablet":{"background-color":"","background-image":"","background-repeat":"repeat","background-position":"center center","background-size":"auto","background-attachment":"scroll","background-type":"","background-media":"","overlay-type":"","overlay-color":"","overlay-opacity":"","overlay-gradient":""},"mobile":{"background-color":"","background-image":"","background-repeat":"repeat","background-position":"center center","background-size":"auto","background-attachment":"scroll","background-type":"","background-media":"","overlay-type":"","overlay-color":"","overlay-opacity":"","overlay-gradient":""}},"ast-content-background-meta":{"desktop":{"background-color":"var(--ast-global-color-5)","background-image":"","background-repeat":"repeat","background-position":"center center","background-size":"auto","background-attachment":"scroll","background-type":"","background-media":"","overlay-type":"","overlay-color":"","overlay-opacity":"","overlay-gradient":""},"tablet":{"background-color":"var(--ast-global-color-5)","background-image":"","background-repeat":"repeat","background-position":"center center","background-size":"auto","background-attachment":"scroll","background-type":"","background-media":"","overlay-type":"","overlay-color":"","overlay-opacity":"","overlay-gradient":""},"mobile":{"background-color":"var(--ast-global-color-5)","background-image":"","background-repeat":"repeat","background-position":"center center","background-size":"auto","background-attachment":"scroll","background-type":"","background-media":"","overlay-type":"","overlay-color":"","overlay-opacity":"","overlay-gradient":""}},"footnotes":""},"categories":[54,1,8],"tags":[],"class_list":["post-7129","post","type-post","status-publish","format-standard","hentry","category-petits","category-general","category-p4"],"post_mailing_queue_ids":[],"_links":{"self":[{"href":"https:\/\/agora.xtec.cat\/ceipcanmanent\/wp-json\/wp\/v2\/posts\/7129","targetHints":{"allow":["GET"]}}],"collection":[{"href":"https:\/\/agora.xtec.cat\/ceipcanmanent\/wp-json\/wp\/v2\/posts"}],"about":[{"href":"https:\/\/agora.xtec.cat\/ceipcanmanent\/wp-json\/wp\/v2\/types\/post"}],"author":[{"embeddable":true,"href":"https:\/\/agora.xtec.cat\/ceipcanmanent\/wp-json\/wp\/v2\/users\/6"}],"replies":[{"embeddable":true,"href":"https:\/\/agora.xtec.cat\/ceipcanmanent\/wp-json\/wp\/v2\/comments?post=7129"}],"version-history":[{"count":2,"href":"https:\/\/agora.xtec.cat\/ceipcanmanent\/wp-json\/wp\/v2\/posts\/7129\/revisions"}],"predecessor-version":[{"id":7264,"href":"https:\/\/agora.xtec.cat\/ceipcanmanent\/wp-json\/wp\/v2\/posts\/7129\/revisions\/7264"}],"wp:attachment":[{"href":"https:\/\/agora.xtec.cat\/ceipcanmanent\/wp-json\/wp\/v2\/media?parent=7129"}],"wp:term":[{"taxonomy":"category","embeddable":true,"href":"https:\/\/agora.xtec.cat\/ceipcanmanent\/wp-json\/wp\/v2\/categories?post=7129"},{"taxonomy":"post_tag","embeddable":true,"href":"https:\/\/agora.xtec.cat\/ceipcanmanent\/wp-json\/wp\/v2\/tags?post=7129"}],"curies":[{"name":"wp","href":"https:\/\/api.w.org\/{rel}","templated":true}]}}