{"id":7069,"date":"2020-06-08T08:00:15","date_gmt":"2020-06-08T06:00:15","guid":{"rendered":"https:\/\/agora.xtec.cat\/ceipcanmanent\/?p=7069"},"modified":"2020-06-07T21:22:17","modified_gmt":"2020-06-07T19:22:17","slug":"4t-activitats-3r-trimestre-setmana-8-de-juny-fins-el-19-de-juny","status":"publish","type":"post","link":"https:\/\/agora.xtec.cat\/ceipcanmanent\/activitats\/4t-activitats-3r-trimestre-setmana-8-de-juny-fins-el-19-de-juny\/","title":{"rendered":"4t. Activitats 3r trimestre (setmana 8 de juny fins el 19 de juny)"},"content":{"rendered":"<p>Estimats i estimades alumnes i fam\u00edlies,<\/p>\n<p>A continuaci\u00f3 teniu les propostes d&#8217;aquestes 2 \u00faltimes setmana, esperem que les gaudiu. Enguany aix\u00f2 podeu anar enviant totes les propostes que no s&#8217;han pogut fer fins el 19 de juny, l&#8217;\u00faltim dia d&#8217;escola.<\/p>\n<table style=\"height: 159px\" width=\"754\">\n<tbody>\n<tr style=\"height: 69px\">\n<td style=\"width: 748px;height: 10px\">\n<h4><a href=\"https:\/\/agora.xtec.cat\/ceipcanmanent\/wp-content\/uploads\/usu153\/2020\/06\/Temps-de-Primavera.pdf\">TEMPS DE PRIMAVERA<\/a><\/h4>\n<p>Activitat de medi amb experiments opcionals de fer, per\u00f2 interessants.<\/td>\n<\/tr>\n<tr style=\"height: 69px\">\n<td style=\"width: 748px;height: 69px\">\n<h4><a href=\"https:\/\/agora.xtec.cat\/ceipcanmanent\/wp-content\/uploads\/usu153\/2020\/06\/PINTURA-EF\u00cdMERA.pdf\">PINTURA EF\u00cdMERA<\/a><\/h4>\n<p>Activitat art\u00edstica amb poc material.<\/td>\n<\/tr>\n<tr style=\"height: 32px\">\n<td style=\"width: 748px;height: 32px\">\n<h4><a href=\"https:\/\/agora.xtec.cat\/ceipcanmanent\/wp-content\/uploads\/usu153\/2020\/06\/ENIGMES-5.pdf\">ENIGMES<\/a><\/h4>\n<p>Activitat matem\u00e0tica d&#8217;enginy.<\/td>\n<\/tr>\n<tr style=\"height: 114px\">\n<td style=\"width: 748px;height: 38px\">\n<h4><a href=\"https:\/\/agora.xtec.cat\/ceipcanmanent\/wp-content\/uploads\/usu153\/2020\/06\/Educaci\u00f3-F\u00edsica.pdf\">EDUCACI\u00d3 F\u00cdSICA<\/a><\/h4>\n<p>Activitat d&#8217;educaci\u00f3 f\u00edsica, de part de la Cristina. Us encantar\u00e0!<\/td>\n<\/tr>\n<tr style=\"height: 32px\">\n<td style=\"width: 748px;height: 10px\">\n<h4><a href=\"https:\/\/agora.xtec.cat\/ceipcanmanent\/wp-content\/uploads\/usu153\/2020\/06\/ENGLISH-4th-8th-June-2020.docx-.pdf\">ENGLISH<\/a><\/h4>\n<p>Activitat d&#8217;Angl\u00e8s, feta per la Merc\u00e8 per a totes i tots vosaltres.<\/td>\n<\/tr>\n<\/tbody>\n<\/table>\n<p>Seguim en contacte en tot moment!<\/p>\n<h3><span style=\"color: #800000\"><strong>MOLT\u00cdSSIMES GR\u00c0CIES!<\/strong><\/span><\/h3>\n<h4><span style=\"color: #99cc00\"><strong>Mestres de 4t<\/strong><\/span><\/h4>\n","protected":false},"excerpt":{"rendered":"<p>Estimats i estimades alumnes i fam\u00edlies, A continuaci\u00f3 teniu les propostes d&#8217;aquestes 2 \u00faltimes setmana, esperem que les gaudiu. Enguany aix\u00f2 podeu anar enviant totes les propostes que no s&#8217;han pogut fer fins el 19 de juny, l&#8217;\u00faltim dia d&#8217;escola. TEMPS DE PRIMAVERA Activitat de medi amb experiments opcionals de fer, per\u00f2 interessants. PINTURA EF\u00cdMERA [&hellip;]<\/p>\n","protected":false},"author":7,"featured_media":0,"comment_status":"open","ping_status":"closed","sticky":false,"template":"","format":"standard","meta":{"_bbp_topic_count":0,"_bbp_reply_count":0,"_bbp_total_topic_count":0,"_bbp_total_reply_count":0,"_bbp_voice_count":0,"_bbp_anonymous_reply_count":0,"_bbp_topic_count_hidden":0,"_bbp_reply_count_hidden":0,"_bbp_forum_subforum_count":0,"site-sidebar-layout":"default","site-content-layout":"","ast-site-content-layout":"","site-content-style":"default","site-sidebar-style":"default","ast-global-header-display":"","ast-banner-title-visibility":"","ast-main-header-display":"","ast-hfb-above-header-display":"","ast-hfb-below-header-display":"","ast-hfb-mobile-header-display":"","site-post-title":"","ast-breadcrumbs-content":"","ast-featured-img":"","footer-sml-layout":"","theme-transparent-header-meta":"","adv-header-id-meta":"","stick-header-meta":"","header-above-stick-meta":"","header-main-stick-meta":"","header-below-stick-meta":"","astra-migrate-meta-layouts":"default","ast-page-background-enabled":"default","ast-page-background-meta":{"desktop":{"background-color":"var(--ast-global-color-4)","background-image":"","background-repeat":"repeat","background-position":"center center","background-size":"auto","background-attachment":"scroll","background-type":"","background-media":"","overlay-type":"","overlay-color":"","overlay-opacity":"","overlay-gradient":""},"tablet":{"background-color":"","background-image":"","background-repeat":"repeat","background-position":"center center","background-size":"auto","background-attachment":"scroll","background-type":"","background-media":"","overlay-type":"","overlay-color":"","overlay-opacity":"","overlay-gradient":""},"mobile":{"background-color":"","background-image":"","background-repeat":"repeat","background-position":"center center","background-size":"auto","background-attachment":"scroll","background-type":"","background-media":"","overlay-type":"","overlay-color":"","overlay-opacity":"","overlay-gradient":""}},"ast-content-background-meta":{"desktop":{"background-color":"var(--ast-global-color-5)","background-image":"","background-repeat":"repeat","background-position":"center center","background-size":"auto","background-attachment":"scroll","background-type":"","background-media":"","overlay-type":"","overlay-color":"","overlay-opacity":"","overlay-gradient":""},"tablet":{"background-color":"var(--ast-global-color-5)","background-image":"","background-repeat":"repeat","background-position":"center center","background-size":"auto","background-attachment":"scroll","background-type":"","background-media":"","overlay-type":"","overlay-color":"","overlay-opacity":"","overlay-gradient":""},"mobile":{"background-color":"var(--ast-global-color-5)","background-image":"","background-repeat":"repeat","background-position":"center center","background-size":"auto","background-attachment":"scroll","background-type":"","background-media":"","overlay-type":"","overlay-color":"","overlay-opacity":"","overlay-gradient":""}},"footnotes":""},"categories":[13,82,2],"tags":[186,139,112],"class_list":["post-7069","post","type-post","status-publish","format-standard","hentry","category-4t","category-grans","category-activitats","tag-2-019-2-020","tag-4rt","tag-comunitat-de-grans"],"post_mailing_queue_ids":[],"_links":{"self":[{"href":"https:\/\/agora.xtec.cat\/ceipcanmanent\/wp-json\/wp\/v2\/posts\/7069","targetHints":{"allow":["GET"]}}],"collection":[{"href":"https:\/\/agora.xtec.cat\/ceipcanmanent\/wp-json\/wp\/v2\/posts"}],"about":[{"href":"https:\/\/agora.xtec.cat\/ceipcanmanent\/wp-json\/wp\/v2\/types\/post"}],"author":[{"embeddable":true,"href":"https:\/\/agora.xtec.cat\/ceipcanmanent\/wp-json\/wp\/v2\/users\/7"}],"replies":[{"embeddable":true,"href":"https:\/\/agora.xtec.cat\/ceipcanmanent\/wp-json\/wp\/v2\/comments?post=7069"}],"version-history":[{"count":3,"href":"https:\/\/agora.xtec.cat\/ceipcanmanent\/wp-json\/wp\/v2\/posts\/7069\/revisions"}],"predecessor-version":[{"id":7106,"href":"https:\/\/agora.xtec.cat\/ceipcanmanent\/wp-json\/wp\/v2\/posts\/7069\/revisions\/7106"}],"wp:attachment":[{"href":"https:\/\/agora.xtec.cat\/ceipcanmanent\/wp-json\/wp\/v2\/media?parent=7069"}],"wp:term":[{"taxonomy":"category","embeddable":true,"href":"https:\/\/agora.xtec.cat\/ceipcanmanent\/wp-json\/wp\/v2\/categories?post=7069"},{"taxonomy":"post_tag","embeddable":true,"href":"https:\/\/agora.xtec.cat\/ceipcanmanent\/wp-json\/wp\/v2\/tags?post=7069"}],"curies":[{"name":"wp","href":"https:\/\/api.w.org\/{rel}","templated":true}]}}