{"id":6900,"date":"2020-05-31T08:00:25","date_gmt":"2020-05-31T06:00:25","guid":{"rendered":"https:\/\/agora.xtec.cat\/ceipcanmanent\/?p=6900"},"modified":"2020-06-01T11:18:33","modified_gmt":"2020-06-01T09:18:33","slug":"seguim-amb-la-mar-propostes-p4-1-de-juny","status":"publish","type":"post","link":"https:\/\/agora.xtec.cat\/ceipcanmanent\/activitats\/petits\/p4\/seguim-amb-la-mar-propostes-p4-1-de-juny\/","title":{"rendered":"Seguim amb el mar! Propostes P4, setmana de l&#8217;1 de juny."},"content":{"rendered":"<p style=\"text-align: justify\">Seguim amb dies de calor i amb moltes ganes de refrescar-nos a l\u2019aigua de la platja! Per aquest motiu, us portem v\u00e0ries activitats relacionades amb el mar:<\/p>\n<ol>\n<li>Can\u00e7\u00f3: <strong>La mar estava salada<\/strong><\/li>\n<\/ol>\n<p><a href=\"https:\/\/agora.xtec.cat\/ceipcanmanent\/wp-content\/uploads\/usu153\/2020\/06\/lamarestavasalada.png\"><img loading=\"lazy\" decoding=\"async\" class=\"aligncenter wp-image-6919 \" src=\"https:\/\/agora.xtec.cat\/ceipcanmanent\/wp-content\/uploads\/usu153\/2020\/06\/lamarestavasalada.png\" alt=\"\" width=\"694\" height=\"483\" srcset=\"https:\/\/agora.xtec.cat\/ceipcanmanent\/wp-content\/uploads\/usu153\/2020\/06\/lamarestavasalada.png 928w, https:\/\/agora.xtec.cat\/ceipcanmanent\/wp-content\/uploads\/usu153\/2020\/06\/lamarestavasalada-300x209.png 300w, https:\/\/agora.xtec.cat\/ceipcanmanent\/wp-content\/uploads\/usu153\/2020\/06\/lamarestavasalada-768x535.png 768w\" sizes=\"auto, (max-width: 694px) 100vw, 694px\" \/><\/a><\/p>\n<p>&nbsp;<\/p>\n<p>La podeu escoltar i visualitzar\u00a0<a href=\"https:\/\/drive.google.com\/file\/d\/1ETKSr8XjJb6MPhhH4LUnXeUsNL6iewn7\/view?usp=sharing\"><strong>AQU\u00cd<\/strong><\/a>.<\/p>\n<p>&nbsp;<\/p>\n<p style=\"text-align: justify\">2. Tamb\u00e9 hem volgut compartir amb vosaltres un \u00e0lbum il\u00b7lustrat que es titula <em><strong>Sota les onades <\/strong><\/em>de Meritxell Mart\u00ed i Xavier Salom\u00f3. \u00c9s un \u00e0lbum ple de silencis evocatius que us convida a submergir-vos en un mar d&#8217;emocions i de valors humans. Us animem a dedicar una estona llarga observant i reflexionant amb els vostres fills\/es cada p\u00e0gina d\u2019aquest conte.<\/p>\n<p style=\"text-align: justify\">Si el voleu veure, <strong>feu clic a la imatge<\/strong>:<\/p>\n<p><a href=\"https:\/\/agora.xtec.cat\/ceipcanmanent\/wp-content\/uploads\/usu153\/2020\/05\/sota-les-onades-pp.pdf\"><img loading=\"lazy\" decoding=\"async\" class=\"wp-image-6904 alignleft\" src=\"https:\/\/agora.xtec.cat\/ceipcanmanent\/wp-content\/uploads\/usu153\/2020\/05\/Cover_Bajo-las-olas_CAT-2-845x1024.jpg\" alt=\"\" width=\"338\" height=\"410\" srcset=\"https:\/\/agora.xtec.cat\/ceipcanmanent\/wp-content\/uploads\/usu153\/2020\/05\/Cover_Bajo-las-olas_CAT-2-845x1024.jpg 845w, https:\/\/agora.xtec.cat\/ceipcanmanent\/wp-content\/uploads\/usu153\/2020\/05\/Cover_Bajo-las-olas_CAT-2-247x300.jpg 247w, https:\/\/agora.xtec.cat\/ceipcanmanent\/wp-content\/uploads\/usu153\/2020\/05\/Cover_Bajo-las-olas_CAT-2-768x931.jpg 768w, https:\/\/agora.xtec.cat\/ceipcanmanent\/wp-content\/uploads\/usu153\/2020\/05\/Cover_Bajo-las-olas_CAT-2.jpg 1447w\" sizes=\"auto, (max-width: 338px) 100vw, 338px\" \/><\/a><\/p>\n<p>&nbsp;<\/p>\n<p>&nbsp;<\/p>\n<p>Podeu compartir converses interessants:<\/p>\n<ul>\n<li>Imaginar a trav\u00e9s de les imatges qu\u00e8 pot estar pensant i sentint cada personatge<\/li>\n<li>Treballar l&#8217;empatia<\/li>\n<li>Reflexionar sobre les vostres capacitats, els l\u00edmits i l&#8217;acceptaci\u00f3 d\u2019aquests, l&#8217;autonomia, l&#8217;autoestima&#8230;<\/li>\n<\/ul>\n<p>&nbsp;<\/p>\n<p>Esperem que el gaudiu molt!<\/p>\n<p>&nbsp;<\/p>\n<p>&nbsp;<\/p>\n<p>&nbsp;<\/p>\n<p>3. <strong>Dibuixem<\/strong> onades!<\/p>\n<p style=\"text-align: justify\">Us proposem una activitat on podreu dibuixar les onades del mar o altres tra\u00e7os com: l\u2019espiral, creus&#8230; o formes geom\u00e8triques, lletres, n\u00fameros, dibuixos&#8230; Tot all\u00f2 que us vingui al cap! Nom\u00e9s necessiteu una caixa on hi heu de posar una mica de sorra o de farina perqu\u00e8 quedi tot el fons cobert. Un cop fet aix\u00f2, ja podeu dibuixar! Ser\u00e0 art ef\u00edmer, perqu\u00e8 si passeu la m\u00e0 per sobre de la sorra o la farina&#8230; s\u2019esborrar\u00e0 i podreu tornar a dibuixar una altra cosa!<\/p>\n<p><a href=\"https:\/\/agora.xtec.cat\/ceipcanmanent\/wp-content\/uploads\/usu153\/2020\/05\/tra\u00e7-1.png\"><img loading=\"lazy\" decoding=\"async\" class=\"aligncenter wp-image-6906\" src=\"https:\/\/agora.xtec.cat\/ceipcanmanent\/wp-content\/uploads\/usu153\/2020\/05\/tra\u00e7-1-1024x276.png\" alt=\"\" width=\"953\" height=\"257\" srcset=\"https:\/\/agora.xtec.cat\/ceipcanmanent\/wp-content\/uploads\/usu153\/2020\/05\/tra\u00e7-1-1024x276.png 1024w, https:\/\/agora.xtec.cat\/ceipcanmanent\/wp-content\/uploads\/usu153\/2020\/05\/tra\u00e7-1-300x81.png 300w, https:\/\/agora.xtec.cat\/ceipcanmanent\/wp-content\/uploads\/usu153\/2020\/05\/tra\u00e7-1-768x207.png 768w, https:\/\/agora.xtec.cat\/ceipcanmanent\/wp-content\/uploads\/usu153\/2020\/05\/tra\u00e7-1.png 1507w\" sizes=\"auto, (max-width: 953px) 100vw, 953px\" \/><\/a><\/p>\n<p>&nbsp;<\/p>\n<p>4. <strong>M\u00e0gia<\/strong>!<\/p>\n<p style=\"text-align: justify\"><a href=\"https:\/\/agora.xtec.cat\/ceipcanmanent\/wp-content\/uploads\/usu153\/2020\/06\/IMG_4148.jpg\"><img loading=\"lazy\" decoding=\"async\" class=\"wp-image-6987 alignleft\" src=\"https:\/\/agora.xtec.cat\/ceipcanmanent\/wp-content\/uploads\/usu153\/2020\/06\/IMG_4148-946x1024.jpg\" alt=\"\" width=\"234\" height=\"253\" srcset=\"https:\/\/agora.xtec.cat\/ceipcanmanent\/wp-content\/uploads\/usu153\/2020\/06\/IMG_4148-946x1024.jpg 946w, https:\/\/agora.xtec.cat\/ceipcanmanent\/wp-content\/uploads\/usu153\/2020\/06\/IMG_4148-277x300.jpg 277w, https:\/\/agora.xtec.cat\/ceipcanmanent\/wp-content\/uploads\/usu153\/2020\/06\/IMG_4148-768x832.jpg 768w\" sizes=\"auto, (max-width: 234px) 100vw, 234px\" \/><\/a><\/p>\n<p>&nbsp;<\/p>\n<p style=\"text-align: justify\">Per \u00faltim, us convidem a\u00a0 fer m\u00e0gia! Necessitareu:<\/p>\n<ul>\n<li style=\"text-align: justify\">Cera o plastidecor de color blanc,<\/li>\n<li style=\"text-align: justify\">Un full blanc, pintura,<\/li>\n<li style=\"text-align: justify\">Aigua<\/li>\n<li style=\"text-align: justify\">Un pinzell.<\/li>\n<\/ul>\n<p>Us ho expliquem en aquest <a href=\"https:\/\/drive.google.com\/file\/d\/1OPYl0-Ix0ds6pt3a0E5n3VJ5Tevu6EmM\/view?usp=sharing\"><strong>V\u00cdDEO.<\/strong><\/a><\/p>\n","protected":false},"excerpt":{"rendered":"<p>Seguim amb dies de calor i amb moltes ganes de refrescar-nos a l\u2019aigua de la platja! Per aquest motiu, us portem v\u00e0ries activitats relacionades amb el mar: Can\u00e7\u00f3: La mar estava salada &nbsp; La podeu escoltar i visualitzar\u00a0AQU\u00cd. &nbsp; 2. Tamb\u00e9 hem volgut compartir amb vosaltres un \u00e0lbum il\u00b7lustrat que es titula Sota les onades [&hellip;]<\/p>\n","protected":false},"author":6,"featured_media":6903,"comment_status":"open","ping_status":"closed","sticky":false,"template":"","format":"standard","meta":{"_bbp_topic_count":0,"_bbp_reply_count":0,"_bbp_total_topic_count":0,"_bbp_total_reply_count":0,"_bbp_voice_count":0,"_bbp_anonymous_reply_count":0,"_bbp_topic_count_hidden":0,"_bbp_reply_count_hidden":0,"_bbp_forum_subforum_count":0,"site-sidebar-layout":"default","site-content-layout":"","ast-site-content-layout":"","site-content-style":"default","site-sidebar-style":"default","ast-global-header-display":"","ast-banner-title-visibility":"","ast-main-header-display":"","ast-hfb-above-header-display":"","ast-hfb-below-header-display":"","ast-hfb-mobile-header-display":"","site-post-title":"","ast-breadcrumbs-content":"","ast-featured-img":"","footer-sml-layout":"","theme-transparent-header-meta":"","adv-header-id-meta":"","stick-header-meta":"","header-above-stick-meta":"","header-main-stick-meta":"","header-below-stick-meta":"","astra-migrate-meta-layouts":"default","ast-page-background-enabled":"default","ast-page-background-meta":{"desktop":{"background-color":"var(--ast-global-color-4)","background-image":"","background-repeat":"repeat","background-position":"center center","background-size":"auto","background-attachment":"scroll","background-type":"","background-media":"","overlay-type":"","overlay-color":"","overlay-opacity":"","overlay-gradient":""},"tablet":{"background-color":"","background-image":"","background-repeat":"repeat","background-position":"center center","background-size":"auto","background-attachment":"scroll","background-type":"","background-media":"","overlay-type":"","overlay-color":"","overlay-opacity":"","overlay-gradient":""},"mobile":{"background-color":"","background-image":"","background-repeat":"repeat","background-position":"center center","background-size":"auto","background-attachment":"scroll","background-type":"","background-media":"","overlay-type":"","overlay-color":"","overlay-opacity":"","overlay-gradient":""}},"ast-content-background-meta":{"desktop":{"background-color":"var(--ast-global-color-5)","background-image":"","background-repeat":"repeat","background-position":"center center","background-size":"auto","background-attachment":"scroll","background-type":"","background-media":"","overlay-type":"","overlay-color":"","overlay-opacity":"","overlay-gradient":""},"tablet":{"background-color":"var(--ast-global-color-5)","background-image":"","background-repeat":"repeat","background-position":"center center","background-size":"auto","background-attachment":"scroll","background-type":"","background-media":"","overlay-type":"","overlay-color":"","overlay-opacity":"","overlay-gradient":""},"mobile":{"background-color":"var(--ast-global-color-5)","background-image":"","background-repeat":"repeat","background-position":"center center","background-size":"auto","background-attachment":"scroll","background-type":"","background-media":"","overlay-type":"","overlay-color":"","overlay-opacity":"","overlay-gradient":""}},"footnotes":""},"categories":[54,8],"tags":[],"class_list":["post-6900","post","type-post","status-publish","format-standard","has-post-thumbnail","hentry","category-petits","category-p4"],"post_mailing_queue_ids":[],"_links":{"self":[{"href":"https:\/\/agora.xtec.cat\/ceipcanmanent\/wp-json\/wp\/v2\/posts\/6900","targetHints":{"allow":["GET"]}}],"collection":[{"href":"https:\/\/agora.xtec.cat\/ceipcanmanent\/wp-json\/wp\/v2\/posts"}],"about":[{"href":"https:\/\/agora.xtec.cat\/ceipcanmanent\/wp-json\/wp\/v2\/types\/post"}],"author":[{"embeddable":true,"href":"https:\/\/agora.xtec.cat\/ceipcanmanent\/wp-json\/wp\/v2\/users\/6"}],"replies":[{"embeddable":true,"href":"https:\/\/agora.xtec.cat\/ceipcanmanent\/wp-json\/wp\/v2\/comments?post=6900"}],"version-history":[{"count":3,"href":"https:\/\/agora.xtec.cat\/ceipcanmanent\/wp-json\/wp\/v2\/posts\/6900\/revisions"}],"predecessor-version":[{"id":7005,"href":"https:\/\/agora.xtec.cat\/ceipcanmanent\/wp-json\/wp\/v2\/posts\/6900\/revisions\/7005"}],"wp:featuredmedia":[{"embeddable":true,"href":"https:\/\/agora.xtec.cat\/ceipcanmanent\/wp-json\/wp\/v2\/media\/6903"}],"wp:attachment":[{"href":"https:\/\/agora.xtec.cat\/ceipcanmanent\/wp-json\/wp\/v2\/media?parent=6900"}],"wp:term":[{"taxonomy":"category","embeddable":true,"href":"https:\/\/agora.xtec.cat\/ceipcanmanent\/wp-json\/wp\/v2\/categories?post=6900"},{"taxonomy":"post_tag","embeddable":true,"href":"https:\/\/agora.xtec.cat\/ceipcanmanent\/wp-json\/wp\/v2\/tags?post=6900"}],"curies":[{"name":"wp","href":"https:\/\/api.w.org\/{rel}","templated":true}]}}