{"id":6726,"date":"2020-05-18T10:27:36","date_gmt":"2020-05-18T08:27:36","guid":{"rendered":"https:\/\/agora.xtec.cat\/ceipcanmanent\/?p=6726"},"modified":"2020-05-18T10:32:27","modified_gmt":"2020-05-18T08:32:27","slug":"setmana-sant-isidre-2020","status":"publish","type":"post","link":"https:\/\/agora.xtec.cat\/ceipcanmanent\/activitats\/grans\/5e\/setmana-sant-isidre-2020\/","title":{"rendered":"Setmana Sant Isidre 2020"},"content":{"rendered":"<p>Hola a tots i a totes,<a href=\"https:\/\/agora.xtec.cat\/ceipcanmanent\/wp-content\/uploads\/usu153\/2020\/05\/animals-granja.jpg\"><img loading=\"lazy\" decoding=\"async\" class=\"wp-image-6730 alignright\" src=\"https:\/\/agora.xtec.cat\/ceipcanmanent\/wp-content\/uploads\/usu153\/2020\/05\/animals-granja-300x225.jpg\" alt=\"\" width=\"210\" height=\"157\" srcset=\"https:\/\/agora.xtec.cat\/ceipcanmanent\/wp-content\/uploads\/usu153\/2020\/05\/animals-granja-300x225.jpg 300w, https:\/\/agora.xtec.cat\/ceipcanmanent\/wp-content\/uploads\/usu153\/2020\/05\/animals-granja-200x150.jpg 200w, https:\/\/agora.xtec.cat\/ceipcanmanent\/wp-content\/uploads\/usu153\/2020\/05\/animals-granja.jpg 480w\" sizes=\"auto, (max-width: 210px) 100vw, 210px\" \/><\/a><\/p>\n<p>Aquesta setmana ha sigut la fira de Sant Isidre. Aquest any la fira \u00e9s una mica especial a casa i confinats.<\/p>\n<p>Teniu una tasca molt important per a la fira del poble. Sobretot haureu de ser molt artistes!<\/p>\n<p>Aqu\u00ed us deixem la vostra missi\u00f3 juntament amb l&#8217;activitat setmanal d&#8217;educaci\u00f3 f\u00edsica i angl\u00e8s:<\/p>\n<table>\n<tbody>\n<tr>\n<td><a href=\"https:\/\/agora.xtec.cat\/ceipcanmanent\/wp-content\/uploads\/usu153\/2020\/05\/EF.docx\">Educaci\u00f3 f\u00edsica<\/a><\/td>\n<td><a href=\"https:\/\/agora.xtec.cat\/ceipcanmanent\/wp-content\/uploads\/usu153\/2020\/05\/ENGLISH-5th-18th-May-.docx\">Angl\u00e8s<\/a><\/td>\n<td><a href=\"https:\/\/agora.xtec.cat\/ceipcanmanent\/wp-content\/uploads\/usu153\/2020\/05\/Sant-Isidre-PDF.pdf\">FIRA SANT ISIDRE<\/a><\/td>\n<\/tr>\n<\/tbody>\n<\/table>\n<p>&nbsp;<\/p>\n<p>L&#8217;altre format per aquells i aquelles que els vagi millor:<\/p>\n<p><a href=\"https:\/\/drive.google.com\/drive\/folders\/1KtjnJ1SkLYE_5w5uCtQP8Xb5g7ozGtBx\">https:\/\/drive.google.com\/drive\/folders\/1KtjnJ1SkLYE_5w5uCtQP8Xb5g7ozGtBx<\/a><\/p>\n<p>&nbsp;<\/p>\n<p>Una abra\u00e7ada molt forta de part de les vostres mestres de 5\u00e8!<\/p>\n","protected":false},"excerpt":{"rendered":"<p>Hola a tots i a totes, Aquesta setmana ha sigut la fira de Sant Isidre. Aquest any la fira \u00e9s una mica especial a casa i confinats. Teniu una tasca molt important per a la fira del poble. Sobretot haureu de ser molt artistes! Aqu\u00ed us deixem la vostra missi\u00f3 juntament amb l&#8217;activitat setmanal d&#8217;educaci\u00f3 [&hellip;]<\/p>\n","protected":false},"author":7,"featured_media":0,"comment_status":"open","ping_status":"closed","sticky":false,"template":"","format":"standard","meta":{"_bbp_topic_count":0,"_bbp_reply_count":0,"_bbp_total_topic_count":0,"_bbp_total_reply_count":0,"_bbp_voice_count":0,"_bbp_anonymous_reply_count":0,"_bbp_topic_count_hidden":0,"_bbp_reply_count_hidden":0,"_bbp_forum_subforum_count":0,"site-sidebar-layout":"default","site-content-layout":"","ast-site-content-layout":"","site-content-style":"default","site-sidebar-style":"default","ast-global-header-display":"","ast-banner-title-visibility":"","ast-main-header-display":"","ast-hfb-above-header-display":"","ast-hfb-below-header-display":"","ast-hfb-mobile-header-display":"","site-post-title":"","ast-breadcrumbs-content":"","ast-featured-img":"","footer-sml-layout":"","theme-transparent-header-meta":"","adv-header-id-meta":"","stick-header-meta":"","header-above-stick-meta":"","header-main-stick-meta":"","header-below-stick-meta":"","astra-migrate-meta-layouts":"default","ast-page-background-enabled":"default","ast-page-background-meta":{"desktop":{"background-color":"var(--ast-global-color-4)","background-image":"","background-repeat":"repeat","background-position":"center center","background-size":"auto","background-attachment":"scroll","background-type":"","background-media":"","overlay-type":"","overlay-color":"","overlay-opacity":"","overlay-gradient":""},"tablet":{"background-color":"","background-image":"","background-repeat":"repeat","background-position":"center center","background-size":"auto","background-attachment":"scroll","background-type":"","background-media":"","overlay-type":"","overlay-color":"","overlay-opacity":"","overlay-gradient":""},"mobile":{"background-color":"","background-image":"","background-repeat":"repeat","background-position":"center center","background-size":"auto","background-attachment":"scroll","background-type":"","background-media":"","overlay-type":"","overlay-color":"","overlay-opacity":"","overlay-gradient":""}},"ast-content-background-meta":{"desktop":{"background-color":"var(--ast-global-color-5)","background-image":"","background-repeat":"repeat","background-position":"center center","background-size":"auto","background-attachment":"scroll","background-type":"","background-media":"","overlay-type":"","overlay-color":"","overlay-opacity":"","overlay-gradient":""},"tablet":{"background-color":"var(--ast-global-color-5)","background-image":"","background-repeat":"repeat","background-position":"center center","background-size":"auto","background-attachment":"scroll","background-type":"","background-media":"","overlay-type":"","overlay-color":"","overlay-opacity":"","overlay-gradient":""},"mobile":{"background-color":"var(--ast-global-color-5)","background-image":"","background-repeat":"repeat","background-position":"center center","background-size":"auto","background-attachment":"scroll","background-type":"","background-media":"","overlay-type":"","overlay-color":"","overlay-opacity":"","overlay-gradient":""}},"footnotes":""},"categories":[14,82],"tags":[131,112],"class_list":["post-6726","post","type-post","status-publish","format-standard","hentry","category-5e","category-grans","tag-5e","tag-comunitat-de-grans"],"post_mailing_queue_ids":[],"_links":{"self":[{"href":"https:\/\/agora.xtec.cat\/ceipcanmanent\/wp-json\/wp\/v2\/posts\/6726","targetHints":{"allow":["GET"]}}],"collection":[{"href":"https:\/\/agora.xtec.cat\/ceipcanmanent\/wp-json\/wp\/v2\/posts"}],"about":[{"href":"https:\/\/agora.xtec.cat\/ceipcanmanent\/wp-json\/wp\/v2\/types\/post"}],"author":[{"embeddable":true,"href":"https:\/\/agora.xtec.cat\/ceipcanmanent\/wp-json\/wp\/v2\/users\/7"}],"replies":[{"embeddable":true,"href":"https:\/\/agora.xtec.cat\/ceipcanmanent\/wp-json\/wp\/v2\/comments?post=6726"}],"version-history":[{"count":3,"href":"https:\/\/agora.xtec.cat\/ceipcanmanent\/wp-json\/wp\/v2\/posts\/6726\/revisions"}],"predecessor-version":[{"id":6734,"href":"https:\/\/agora.xtec.cat\/ceipcanmanent\/wp-json\/wp\/v2\/posts\/6726\/revisions\/6734"}],"wp:attachment":[{"href":"https:\/\/agora.xtec.cat\/ceipcanmanent\/wp-json\/wp\/v2\/media?parent=6726"}],"wp:term":[{"taxonomy":"category","embeddable":true,"href":"https:\/\/agora.xtec.cat\/ceipcanmanent\/wp-json\/wp\/v2\/categories?post=6726"},{"taxonomy":"post_tag","embeddable":true,"href":"https:\/\/agora.xtec.cat\/ceipcanmanent\/wp-json\/wp\/v2\/tags?post=6726"}],"curies":[{"name":"wp","href":"https:\/\/api.w.org\/{rel}","templated":true}]}}