{"id":6501,"date":"2020-05-10T20:00:18","date_gmt":"2020-05-10T18:00:18","guid":{"rendered":"https:\/\/agora.xtec.cat\/ceipcanmanent\/?p=6501"},"modified":"2020-05-10T20:05:43","modified_gmt":"2020-05-10T18:05:43","slug":"recursos-per-p5-setmana-de-l11-de-maig","status":"publish","type":"post","link":"https:\/\/agora.xtec.cat\/ceipcanmanent\/activitats\/petits\/p5\/recursos-per-p5-setmana-de-l11-de-maig\/","title":{"rendered":"RECURSOS PER P5: setmana de l&#8217;11 de maig"},"content":{"rendered":"<p style=\"text-align: justify\"><span style=\"font-weight: 400\">La proposta d\u2019aquesta setmana va de cuina, menjar, amistat i conviv\u00e8ncia. Comencem amb un conte preci\u00f3s escrit per Helen Cooper i explicat per la Gemma que es diu \u201cSopa de carbassa\u201d.\u00a0<\/span><\/p>\n<p><a href=\"https:\/\/drive.google.com\/file\/d\/1qICOd5XzpDE0wbNvkU2pxx2fmDMocISm\/view?usp=sharing\"><img loading=\"lazy\" decoding=\"async\" class=\"aligncenter size-full wp-image-6502\" src=\"https:\/\/agora.xtec.cat\/ceipcanmanent\/wp-content\/uploads\/usu153\/2020\/05\/sopa-de-carabassa.jpg\" alt=\"\" width=\"444\" height=\"450\" srcset=\"https:\/\/agora.xtec.cat\/ceipcanmanent\/wp-content\/uploads\/usu153\/2020\/05\/sopa-de-carabassa.jpg 444w, https:\/\/agora.xtec.cat\/ceipcanmanent\/wp-content\/uploads\/usu153\/2020\/05\/sopa-de-carabassa-296x300.jpg 296w\" sizes=\"auto, (max-width: 444px) 100vw, 444px\" \/><\/a><\/p>\n<ul>\n<li style=\"font-weight: 400\"><span style=\"font-weight: 400\">Quina funci\u00f3 t\u00e9 cada amic a l\u2019hora de cuinar?<\/span><\/li>\n<li style=\"font-weight: 400\"><span style=\"font-weight: 400\">Per qu\u00e8 s\u2019enfaden?<\/span><\/li>\n<li style=\"font-weight: 400\"><span style=\"font-weight: 400\">Quan l\u2019\u00e0nec marxa, com reaccionen els seus amics?<\/span><\/li>\n<li style=\"font-weight: 400\"><span style=\"font-weight: 400\">Com acaben solucionant el problema?<\/span><\/li>\n<\/ul>\n<p style=\"text-align: justify\"><span style=\"font-weight: 400\">De ben segur molts de vosaltres haureu fet tastets a la cuina durant aquests dies de confinament. Nosaltres us proposem fer pa, i per aix\u00f2, en Cali ens ha il\u00b7lustrat una recepta molt f\u00e0cil de seguir per tal que pugueu posar en pr\u00e0ctica la vostra vessant culin\u00e0ria amb l\u2019ajuda d\u2019un adult. Endavant!<\/span><\/p>\n<p><a href=\"https:\/\/agora.xtec.cat\/ceipcanmanent\/wp-content\/uploads\/usu153\/2020\/05\/recepta-retallada.png\"><img loading=\"lazy\" decoding=\"async\" class=\"aligncenter size-full wp-image-6504\" src=\"https:\/\/agora.xtec.cat\/ceipcanmanent\/wp-content\/uploads\/usu153\/2020\/05\/recepta-retallada.png\" alt=\"\" width=\"843\" height=\"610\" srcset=\"https:\/\/agora.xtec.cat\/ceipcanmanent\/wp-content\/uploads\/usu153\/2020\/05\/recepta-retallada.png 843w, https:\/\/agora.xtec.cat\/ceipcanmanent\/wp-content\/uploads\/usu153\/2020\/05\/recepta-retallada-300x217.png 300w, https:\/\/agora.xtec.cat\/ceipcanmanent\/wp-content\/uploads\/usu153\/2020\/05\/recepta-retallada-768x556.png 768w\" sizes=\"auto, (max-width: 843px) 100vw, 843px\" \/><\/a><\/p>\n<p><span style=\"font-weight: 400\">En lloc de pesar els ingredients,\u00a0 tamb\u00e9 podeu contar, aqu\u00ed us deixem les equival\u00e8ncies:<\/span><\/p>\n<table>\n<tbody>\n<tr>\n<td><span style=\"font-weight: 400\">FARINA<\/span><\/td>\n<td><span style=\"font-weight: 400\">4 TASSES o 50 CULLERADES<\/span><\/td>\n<\/tr>\n<tr>\n<td><span style=\"font-weight: 400\">AIGUA<\/span><\/td>\n<td><span style=\"font-weight: 400\">1 TASSA BEN PLENA\u00a0<\/span><\/td>\n<\/tr>\n<tr>\n<td><span style=\"font-weight: 400\">LLEVAT FRESC<\/span><\/td>\n<td><span style=\"font-weight: 400\">1 CULLERADA<\/span><\/td>\n<\/tr>\n<tr>\n<td><span style=\"font-weight: 400\">SAL<\/span><\/td>\n<td><span style=\"font-weight: 400\">1 CULLERADA RASA<\/span><\/td>\n<\/tr>\n<\/tbody>\n<\/table>\n<p style=\"text-align: justify\"><span style=\"font-weight: 400\">Una vegada ja tingueu el pa cuit, quin seria el vostre entrep\u00e0 preferit? Us animem a crear i compartir la vostra recepta amb tots nosaltres. Podeu escriure-la, dibuixar-la o enviar-nos un v\u00eddeo explicant com es fa. Ens encantar\u00e0 rebre les vostres creacions!\u00a0<\/span><\/p>\n<p><a href=\"https:\/\/agora.xtec.cat\/ceipcanmanent\/wp-content\/uploads\/usu153\/2020\/05\/entrepa\u0300-divertit-retallat.jpg\"><img loading=\"lazy\" decoding=\"async\" class=\"size-full wp-image-6505 aligncenter\" src=\"https:\/\/agora.xtec.cat\/ceipcanmanent\/wp-content\/uploads\/usu153\/2020\/05\/entrepa\u0300-divertit-retallat.jpg\" alt=\"\" width=\"319\" height=\"209\" srcset=\"https:\/\/agora.xtec.cat\/ceipcanmanent\/wp-content\/uploads\/usu153\/2020\/05\/entrepa\u0300-divertit-retallat.jpg 319w, https:\/\/agora.xtec.cat\/ceipcanmanent\/wp-content\/uploads\/usu153\/2020\/05\/entrepa\u0300-divertit-retallat-300x197.jpg 300w\" sizes=\"auto, (max-width: 319px) 100vw, 319px\" \/><\/a><\/p>\n<p><b>Feu-nos arribar els retorns al nostre correu electr\u00f2nic<\/b><span style=\"font-weight: 400\"> ( calixtev@gmail.com , gemmacubero@gmail.com , vsoro2@xtec.cat<\/span> <span style=\"font-weight: 400\">)<\/span><\/p>\n<p>&nbsp;<\/p>\n<p><span style=\"font-weight: 400\">CONSCI\u00c8NCIA FONOL\u00d2GICA<\/span><\/p>\n<p style=\"text-align: center\"><strong>El joc del penjat<\/strong><\/p>\n<p style=\"text-align: justify\"><span style=\"font-weight: 400\">El penjat \u00e9s un joc de mots per a dues persones o m\u00e9s. L&#8217;objectiu \u00e9s tractar d&#8217;endevinar el mot que ha pensat un dels participants. Com a pista es dibuixa una l\u00ednea per cada lletra. Per torn, es van dient lletres (sempre \u00e9s m\u00e9s f\u00e0cil si comencem per les vocals). Si s\u00f3n en el mot secret, s&#8217;escriuen al seu lloc i si no, s&#8217;afegeix un tra\u00e7 al dibuix del penjat i es van escrivint les lletres al costat per saber les que ja hem dit.\u00a0<\/span><\/p>\n<p style=\"text-align: justify\"><span style=\"font-weight: 400\">Aquest era un joc que feiem a classe de tant en tant i ens agradava molt! Per fer-ho m\u00e9s f\u00e0cil podem utilitzar els noms dels companys o objectes que tenim a prop.\u00a0<\/span><\/p>\n<p>&nbsp;<\/p>\n","protected":false},"excerpt":{"rendered":"<p>La proposta d\u2019aquesta setmana va de cuina, menjar, amistat i conviv\u00e8ncia. Comencem amb un conte preci\u00f3s escrit per Helen Cooper i explicat per la Gemma que es diu \u201cSopa de carbassa\u201d.\u00a0 Quina funci\u00f3 t\u00e9 cada amic a l\u2019hora de cuinar? Per qu\u00e8 s\u2019enfaden? Quan l\u2019\u00e0nec marxa, com reaccionen els seus amics? Com acaben solucionant el [&hellip;]<\/p>\n","protected":false},"author":6,"featured_media":5062,"comment_status":"open","ping_status":"closed","sticky":false,"template":"","format":"standard","meta":{"_bbp_topic_count":0,"_bbp_reply_count":0,"_bbp_total_topic_count":0,"_bbp_total_reply_count":0,"_bbp_voice_count":0,"_bbp_anonymous_reply_count":0,"_bbp_topic_count_hidden":0,"_bbp_reply_count_hidden":0,"_bbp_forum_subforum_count":0,"site-sidebar-layout":"default","site-content-layout":"","ast-site-content-layout":"","site-content-style":"default","site-sidebar-style":"default","ast-global-header-display":"","ast-banner-title-visibility":"","ast-main-header-display":"","ast-hfb-above-header-display":"","ast-hfb-below-header-display":"","ast-hfb-mobile-header-display":"","site-post-title":"","ast-breadcrumbs-content":"","ast-featured-img":"","footer-sml-layout":"","theme-transparent-header-meta":"","adv-header-id-meta":"","stick-header-meta":"","header-above-stick-meta":"","header-main-stick-meta":"","header-below-stick-meta":"","astra-migrate-meta-layouts":"default","ast-page-background-enabled":"default","ast-page-background-meta":{"desktop":{"background-color":"var(--ast-global-color-4)","background-image":"","background-repeat":"repeat","background-position":"center center","background-size":"auto","background-attachment":"scroll","background-type":"","background-media":"","overlay-type":"","overlay-color":"","overlay-opacity":"","overlay-gradient":""},"tablet":{"background-color":"","background-image":"","background-repeat":"repeat","background-position":"center center","background-size":"auto","background-attachment":"scroll","background-type":"","background-media":"","overlay-type":"","overlay-color":"","overlay-opacity":"","overlay-gradient":""},"mobile":{"background-color":"","background-image":"","background-repeat":"repeat","background-position":"center center","background-size":"auto","background-attachment":"scroll","background-type":"","background-media":"","overlay-type":"","overlay-color":"","overlay-opacity":"","overlay-gradient":""}},"ast-content-background-meta":{"desktop":{"background-color":"var(--ast-global-color-5)","background-image":"","background-repeat":"repeat","background-position":"center center","background-size":"auto","background-attachment":"scroll","background-type":"","background-media":"","overlay-type":"","overlay-color":"","overlay-opacity":"","overlay-gradient":""},"tablet":{"background-color":"var(--ast-global-color-5)","background-image":"","background-repeat":"repeat","background-position":"center center","background-size":"auto","background-attachment":"scroll","background-type":"","background-media":"","overlay-type":"","overlay-color":"","overlay-opacity":"","overlay-gradient":""},"mobile":{"background-color":"var(--ast-global-color-5)","background-image":"","background-repeat":"repeat","background-position":"center center","background-size":"auto","background-attachment":"scroll","background-type":"","background-media":"","overlay-type":"","overlay-color":"","overlay-opacity":"","overlay-gradient":""}},"footnotes":""},"categories":[54,9],"tags":[194,202],"class_list":["post-6501","post","type-post","status-publish","format-standard","has-post-thumbnail","hentry","category-petits","category-p5","tag-jo-em-quedo-a-casa","tag-joemquedoacasa"],"post_mailing_queue_ids":[],"_links":{"self":[{"href":"https:\/\/agora.xtec.cat\/ceipcanmanent\/wp-json\/wp\/v2\/posts\/6501","targetHints":{"allow":["GET"]}}],"collection":[{"href":"https:\/\/agora.xtec.cat\/ceipcanmanent\/wp-json\/wp\/v2\/posts"}],"about":[{"href":"https:\/\/agora.xtec.cat\/ceipcanmanent\/wp-json\/wp\/v2\/types\/post"}],"author":[{"embeddable":true,"href":"https:\/\/agora.xtec.cat\/ceipcanmanent\/wp-json\/wp\/v2\/users\/6"}],"replies":[{"embeddable":true,"href":"https:\/\/agora.xtec.cat\/ceipcanmanent\/wp-json\/wp\/v2\/comments?post=6501"}],"version-history":[{"count":3,"href":"https:\/\/agora.xtec.cat\/ceipcanmanent\/wp-json\/wp\/v2\/posts\/6501\/revisions"}],"predecessor-version":[{"id":6509,"href":"https:\/\/agora.xtec.cat\/ceipcanmanent\/wp-json\/wp\/v2\/posts\/6501\/revisions\/6509"}],"wp:featuredmedia":[{"embeddable":true,"href":"https:\/\/agora.xtec.cat\/ceipcanmanent\/wp-json\/wp\/v2\/media\/5062"}],"wp:attachment":[{"href":"https:\/\/agora.xtec.cat\/ceipcanmanent\/wp-json\/wp\/v2\/media?parent=6501"}],"wp:term":[{"taxonomy":"category","embeddable":true,"href":"https:\/\/agora.xtec.cat\/ceipcanmanent\/wp-json\/wp\/v2\/categories?post=6501"},{"taxonomy":"post_tag","embeddable":true,"href":"https:\/\/agora.xtec.cat\/ceipcanmanent\/wp-json\/wp\/v2\/tags?post=6501"}],"curies":[{"name":"wp","href":"https:\/\/api.w.org\/{rel}","templated":true}]}}