{"id":6387,"date":"2020-05-11T08:00:19","date_gmt":"2020-05-11T06:00:19","guid":{"rendered":"https:\/\/agora.xtec.cat\/ceipcanmanent\/?p=6387"},"modified":"2020-05-10T11:36:49","modified_gmt":"2020-05-10T09:36:49","slug":"el-mar-proposta-per-a-p4-setmana-del-11-de-maig","status":"publish","type":"post","link":"https:\/\/agora.xtec.cat\/ceipcanmanent\/general\/el-mar-proposta-per-a-p4-setmana-del-11-de-maig\/","title":{"rendered":"El Mar, proposta per a P4 setmana de l&#8217;11 de maig."},"content":{"rendered":"<p><a href=\"https:\/\/agora.xtec.cat\/ceipcanmanent\/wp-content\/uploads\/usu153\/2020\/05\/Peus-1.png\"><img loading=\"lazy\" decoding=\"async\" class=\"aligncenter wp-image-6451\" src=\"https:\/\/agora.xtec.cat\/ceipcanmanent\/wp-content\/uploads\/usu153\/2020\/05\/Peus-1-1024x253.png\" alt=\"\" width=\"476\" height=\"117\" srcset=\"https:\/\/agora.xtec.cat\/ceipcanmanent\/wp-content\/uploads\/usu153\/2020\/05\/Peus-1-1024x253.png 1024w, https:\/\/agora.xtec.cat\/ceipcanmanent\/wp-content\/uploads\/usu153\/2020\/05\/Peus-1-300x74.png 300w, https:\/\/agora.xtec.cat\/ceipcanmanent\/wp-content\/uploads\/usu153\/2020\/05\/Peus-1-768x190.png 768w, https:\/\/agora.xtec.cat\/ceipcanmanent\/wp-content\/uploads\/usu153\/2020\/05\/Peus-1.png 1462w\" sizes=\"auto, (max-width: 476px) 100vw, 476px\" \/><\/a><\/p>\n<p style=\"text-align: justify\">Comen\u00e7a a fer calor i tenim moltes ganes de passar el dia a la platja, i com que de moment no \u00e9s possible, us volem apropar a ella!<\/p>\n<p style=\"text-align: justify\">Comen\u00e7arem amb un \u00e0udio <span style=\"font-family: inherit;font-size: 1em\">que es titula <\/span><a style=\"font-family: inherit;font-size: 1em\" href=\"https:\/\/www.youtube.com\/watch?v=axulUdx7ldM\">El Mariner<\/a><span style=\"font-family: inherit;font-size: 1em\">, de Lidia Pujol. La idea \u00e9s simbolitzar el moviment del mar amb l&#8217;ajuda d&#8217;una tela, un mocador&#8230; per seguir la m\u00fasica i bellugar-se tot fent les onades!<\/span><\/p>\n<p style=\"text-align: justify\"><a href=\"https:\/\/agora.xtec.cat\/ceipcanmanent\/wp-content\/uploads\/usu153\/2020\/05\/El-Mariner.png\"><img loading=\"lazy\" decoding=\"async\" class=\"wp-image-6389 alignleft\" src=\"https:\/\/agora.xtec.cat\/ceipcanmanent\/wp-content\/uploads\/usu153\/2020\/05\/El-Mariner-1024x643.png\" alt=\"\" width=\"250\" height=\"157\" srcset=\"https:\/\/agora.xtec.cat\/ceipcanmanent\/wp-content\/uploads\/usu153\/2020\/05\/El-Mariner-1024x643.png 1024w, https:\/\/agora.xtec.cat\/ceipcanmanent\/wp-content\/uploads\/usu153\/2020\/05\/El-Mariner-300x188.png 300w, https:\/\/agora.xtec.cat\/ceipcanmanent\/wp-content\/uploads\/usu153\/2020\/05\/El-Mariner-768x482.png 768w, https:\/\/agora.xtec.cat\/ceipcanmanent\/wp-content\/uploads\/usu153\/2020\/05\/El-Mariner.png 1398w\" sizes=\"auto, (max-width: 250px) 100vw, 250px\" \/><\/a><\/p>\n<p style=\"text-align: justify\"><a href=\"https:\/\/agora.xtec.cat\/ceipcanmanent\/wp-content\/uploads\/usu153\/2020\/05\/Lletra-mariner.jpg\"><img loading=\"lazy\" decoding=\"async\" class=\"wp-image-6431 alignleft\" src=\"https:\/\/agora.xtec.cat\/ceipcanmanent\/wp-content\/uploads\/usu153\/2020\/05\/Lletra-mariner.jpg\" alt=\"\" width=\"212\" height=\"159\" srcset=\"https:\/\/agora.xtec.cat\/ceipcanmanent\/wp-content\/uploads\/usu153\/2020\/05\/Lletra-mariner.jpg 728w, https:\/\/agora.xtec.cat\/ceipcanmanent\/wp-content\/uploads\/usu153\/2020\/05\/Lletra-mariner-300x225.jpg 300w, https:\/\/agora.xtec.cat\/ceipcanmanent\/wp-content\/uploads\/usu153\/2020\/05\/Lletra-mariner-200x150.jpg 200w\" sizes=\"auto, (max-width: 212px) 100vw, 212px\" \/><\/a><\/p>\n<p><img loading=\"lazy\" decoding=\"async\" class=\"alignleft wp-image-6480\" src=\"https:\/\/agora.xtec.cat\/ceipcanmanent\/wp-content\/uploads\/usu153\/2020\/05\/jugar-amb-teles-1--1024x744.jpg\" alt=\"\" width=\"217\" height=\"158\" srcset=\"https:\/\/agora.xtec.cat\/ceipcanmanent\/wp-content\/uploads\/usu153\/2020\/05\/jugar-amb-teles-1--1024x744.jpg 1024w, https:\/\/agora.xtec.cat\/ceipcanmanent\/wp-content\/uploads\/usu153\/2020\/05\/jugar-amb-teles-1--300x218.jpg 300w, https:\/\/agora.xtec.cat\/ceipcanmanent\/wp-content\/uploads\/usu153\/2020\/05\/jugar-amb-teles-1--768x558.jpg 768w, https:\/\/agora.xtec.cat\/ceipcanmanent\/wp-content\/uploads\/usu153\/2020\/05\/jugar-amb-teles-1-.jpg 1175w\" sizes=\"auto, (max-width: 217px) 100vw, 217px\" \/><\/p>\n<p>&nbsp;<\/p>\n<p>&nbsp;<\/p>\n<p>&nbsp;<\/p>\n<p>&nbsp;<\/p>\n<p>&nbsp;<\/p>\n<p style=\"text-align: justify\">Una altra activitat seria recitar el poema de L&#8217;ESTRELLA, d&#8217;Olga Xirinacs. A veure qui se l&#8217;apr\u00e9n!<\/p>\n<p style=\"text-align: justify\">Escoltar i visualitzar <a href=\"https:\/\/youtu.be\/To7wS9V4pOQ\">l&#8217;Estrella<\/a>.<\/p>\n<p style=\"text-align: justify\"><a href=\"https:\/\/agora.xtec.cat\/ceipcanmanent\/wp-content\/uploads\/usu153\/2020\/05\/Lestrella.png\"><img loading=\"lazy\" decoding=\"async\" class=\"wp-image-6392 alignleft\" src=\"https:\/\/agora.xtec.cat\/ceipcanmanent\/wp-content\/uploads\/usu153\/2020\/05\/Lestrella.png\" alt=\"\" width=\"337\" height=\"287\" srcset=\"https:\/\/agora.xtec.cat\/ceipcanmanent\/wp-content\/uploads\/usu153\/2020\/05\/Lestrella.png 791w, https:\/\/agora.xtec.cat\/ceipcanmanent\/wp-content\/uploads\/usu153\/2020\/05\/Lestrella-300x256.png 300w, https:\/\/agora.xtec.cat\/ceipcanmanent\/wp-content\/uploads\/usu153\/2020\/05\/Lestrella-768x654.png 768w\" sizes=\"auto, (max-width: 337px) 100vw, 337px\" \/><\/a><\/p>\n<p>&nbsp;<\/p>\n<p>Quantes estrelles surten?<\/p>\n<p>En qu\u00e8 es diferencien les dues estrelles?<\/p>\n<p>Qu\u00e8 feien?<\/p>\n<p>Qu\u00e8 els hi passava?<\/p>\n<p>On eren aquestes estrelles?<\/p>\n<p>&nbsp;<\/p>\n<p style=\"text-align: justify\">No pod\u00edem deixar de banda el conte,<\/p>\n<p><span style=\"font-weight: 400\">\u201cLa Ola\u201d, de Suzy Lee.<\/span><\/p>\n<p style=\"text-align: justify\"><span style=\"font-weight: 400\">Una hist\u00f2ria on una nena gaudeix de la companyia del mar. Es pot observar, com les onades produeixen una dol\u00e7a balada, com el mar regala petxines i cargols de mar, com les gavines acompanyen en aquest descobriment tan vivencial i sensorial a aquesta petita nena.<\/span><\/p>\n<p style=\"text-align: justify\"><span style=\"font-weight: 400\">\u00c9s interessant mantenir una conversa durant i despr\u00e9s de mirar el conte, per anar creant di\u00e0leg sobre el que passa a les imatges, les emocions que pot sentir la nena, fer hip\u00f2tesis del que passar\u00e0\u2026<\/span><\/p>\n<p>Per visualitzar el conte cliqueu la imatge:<\/p>\n<p style=\"text-align: justify\"><a href=\"https:\/\/www.youtube.com\/watch?v=_agEVuVyhuw\"><img loading=\"lazy\" decoding=\"async\" class=\"aligncenter\" src=\"https:\/\/www.barbarafioreeditora.com\/assets\/ugc\/libros\/_huge\/978-84-93618-54-4_La_Ola-cover.jpg\" alt=\"LA OLA por Suzy Lee - Barbara Fiore Editora\" width=\"383\" height=\"219\" \/><\/a><\/p>\n<p style=\"text-align: justify\"><span style=\"font-weight: 400\">En la conversa posterior podeu parlar de com ha comen\u00e7at la hist\u00f2ria, on est\u00e0 la nena, qu\u00e8 li ha passat, qu\u00e8 li va deixar l\u2019onada a la sorra, qu\u00e8 passa amb l\u2019onada i la nena, quins animals surten&#8230;<\/span><\/p>\n<p>&nbsp;<\/p>\n<p>Per \u00faltim, una activitat m\u00e9s manual. Fer un vaixell de paper! El podeu decorar tal i com us agradaria que fos el vostre vaixell. Estarem encantades de rebre una foto\u00a0 d&#8217;aquestes obres d&#8217;art!<\/p>\n<p>Aqu\u00ed teniu les instruccions per poder elaborar el vostre vaixell, amb imatges:<a href=\"https:\/\/agora.xtec.cat\/ceipcanmanent\/wp-content\/uploads\/usu153\/2020\/05\/Vaixell-de-paper-e1588871680359.jpg\"><img loading=\"lazy\" decoding=\"async\" class=\"aligncenter wp-image-6410 \" src=\"https:\/\/agora.xtec.cat\/ceipcanmanent\/wp-content\/uploads\/usu153\/2020\/05\/Vaixell-de-paper-e1588871642466-576x1024.jpg\" alt=\"\" width=\"398\" height=\"707\" \/><\/a><\/p>\n<p>&nbsp;<\/p>\n<p>&nbsp;<\/p>\n<p style=\"text-align: justify\">\n","protected":false},"excerpt":{"rendered":"<p>Comen\u00e7a a fer calor i tenim moltes ganes de passar el dia a la platja, i com que de moment no \u00e9s possible, us volem apropar a ella! Comen\u00e7arem amb un \u00e0udio que es titula El Mariner, de Lidia Pujol. La idea \u00e9s simbolitzar el moviment del mar amb l&#8217;ajuda d&#8217;una tela, un mocador&#8230; per [&hellip;]<\/p>\n","protected":false},"author":6,"featured_media":6451,"comment_status":"open","ping_status":"closed","sticky":false,"template":"","format":"standard","meta":{"_bbp_topic_count":0,"_bbp_reply_count":0,"_bbp_total_topic_count":0,"_bbp_total_reply_count":0,"_bbp_voice_count":0,"_bbp_anonymous_reply_count":0,"_bbp_topic_count_hidden":0,"_bbp_reply_count_hidden":0,"_bbp_forum_subforum_count":0,"site-sidebar-layout":"default","site-content-layout":"","ast-site-content-layout":"","site-content-style":"default","site-sidebar-style":"default","ast-global-header-display":"","ast-banner-title-visibility":"","ast-main-header-display":"","ast-hfb-above-header-display":"","ast-hfb-below-header-display":"","ast-hfb-mobile-header-display":"","site-post-title":"","ast-breadcrumbs-content":"","ast-featured-img":"","footer-sml-layout":"","theme-transparent-header-meta":"","adv-header-id-meta":"","stick-header-meta":"","header-above-stick-meta":"","header-main-stick-meta":"","header-below-stick-meta":"","astra-migrate-meta-layouts":"default","ast-page-background-enabled":"default","ast-page-background-meta":{"desktop":{"background-color":"var(--ast-global-color-4)","background-image":"","background-repeat":"repeat","background-position":"center center","background-size":"auto","background-attachment":"scroll","background-type":"","background-media":"","overlay-type":"","overlay-color":"","overlay-opacity":"","overlay-gradient":""},"tablet":{"background-color":"","background-image":"","background-repeat":"repeat","background-position":"center center","background-size":"auto","background-attachment":"scroll","background-type":"","background-media":"","overlay-type":"","overlay-color":"","overlay-opacity":"","overlay-gradient":""},"mobile":{"background-color":"","background-image":"","background-repeat":"repeat","background-position":"center center","background-size":"auto","background-attachment":"scroll","background-type":"","background-media":"","overlay-type":"","overlay-color":"","overlay-opacity":"","overlay-gradient":""}},"ast-content-background-meta":{"desktop":{"background-color":"var(--ast-global-color-5)","background-image":"","background-repeat":"repeat","background-position":"center center","background-size":"auto","background-attachment":"scroll","background-type":"","background-media":"","overlay-type":"","overlay-color":"","overlay-opacity":"","overlay-gradient":""},"tablet":{"background-color":"var(--ast-global-color-5)","background-image":"","background-repeat":"repeat","background-position":"center center","background-size":"auto","background-attachment":"scroll","background-type":"","background-media":"","overlay-type":"","overlay-color":"","overlay-opacity":"","overlay-gradient":""},"mobile":{"background-color":"var(--ast-global-color-5)","background-image":"","background-repeat":"repeat","background-position":"center center","background-size":"auto","background-attachment":"scroll","background-type":"","background-media":"","overlay-type":"","overlay-color":"","overlay-opacity":"","overlay-gradient":""}},"footnotes":""},"categories":[54,1,8],"tags":[],"class_list":["post-6387","post","type-post","status-publish","format-standard","has-post-thumbnail","hentry","category-petits","category-general","category-p4"],"post_mailing_queue_ids":[],"_links":{"self":[{"href":"https:\/\/agora.xtec.cat\/ceipcanmanent\/wp-json\/wp\/v2\/posts\/6387","targetHints":{"allow":["GET"]}}],"collection":[{"href":"https:\/\/agora.xtec.cat\/ceipcanmanent\/wp-json\/wp\/v2\/posts"}],"about":[{"href":"https:\/\/agora.xtec.cat\/ceipcanmanent\/wp-json\/wp\/v2\/types\/post"}],"author":[{"embeddable":true,"href":"https:\/\/agora.xtec.cat\/ceipcanmanent\/wp-json\/wp\/v2\/users\/6"}],"replies":[{"embeddable":true,"href":"https:\/\/agora.xtec.cat\/ceipcanmanent\/wp-json\/wp\/v2\/comments?post=6387"}],"version-history":[{"count":3,"href":"https:\/\/agora.xtec.cat\/ceipcanmanent\/wp-json\/wp\/v2\/posts\/6387\/revisions"}],"predecessor-version":[{"id":6477,"href":"https:\/\/agora.xtec.cat\/ceipcanmanent\/wp-json\/wp\/v2\/posts\/6387\/revisions\/6477"}],"wp:featuredmedia":[{"embeddable":true,"href":"https:\/\/agora.xtec.cat\/ceipcanmanent\/wp-json\/wp\/v2\/media\/6451"}],"wp:attachment":[{"href":"https:\/\/agora.xtec.cat\/ceipcanmanent\/wp-json\/wp\/v2\/media?parent=6387"}],"wp:term":[{"taxonomy":"category","embeddable":true,"href":"https:\/\/agora.xtec.cat\/ceipcanmanent\/wp-json\/wp\/v2\/categories?post=6387"},{"taxonomy":"post_tag","embeddable":true,"href":"https:\/\/agora.xtec.cat\/ceipcanmanent\/wp-json\/wp\/v2\/tags?post=6387"}],"curies":[{"name":"wp","href":"https:\/\/api.w.org\/{rel}","templated":true}]}}