{"id":6051,"date":"2020-04-27T08:30:27","date_gmt":"2020-04-27T06:30:27","guid":{"rendered":"https:\/\/agora.xtec.cat\/ceipcanmanent\/?p=6051"},"modified":"2020-04-28T10:07:40","modified_gmt":"2020-04-28T08:07:40","slug":"__trashed-2__trashed","status":"publish","type":"post","link":"https:\/\/agora.xtec.cat\/ceipcanmanent\/activitats\/petits\/p4\/__trashed-2__trashed\/","title":{"rendered":"El cos. Proposta per P-4, setmana del 27 d&#8217;Abril."},"content":{"rendered":"<p><b>\u00a0<\/b><span style=\"font-weight: 400\"><strong>Us proposem una activitat:<\/strong> Aneu davant del mirall! Qu\u00e8 observeu? Quines parts del cos veieu?<\/span><\/p>\n<p><span style=\"font-weight: 400\">Tot seguit, us convidem a llegir el poema \u201c<strong>El Cos<\/strong>\u201d de Joan Amades, mentre us aneu assenyalant les parts del cos corresponents.<\/span><\/p>\n<p><a href=\"https:\/\/agora.xtec.cat\/ceipcanmanent\/wp-content\/uploads\/usu153\/2020\/04\/POEMA-2.png\"><img loading=\"lazy\" decoding=\"async\" class=\"aligncenter size-large wp-image-6107\" src=\"https:\/\/agora.xtec.cat\/ceipcanmanent\/wp-content\/uploads\/usu153\/2020\/04\/POEMA-2-1024x411.png\" alt=\"\" width=\"1024\" height=\"411\" srcset=\"https:\/\/agora.xtec.cat\/ceipcanmanent\/wp-content\/uploads\/usu153\/2020\/04\/POEMA-2-1024x411.png 1024w, https:\/\/agora.xtec.cat\/ceipcanmanent\/wp-content\/uploads\/usu153\/2020\/04\/POEMA-2-300x121.png 300w, https:\/\/agora.xtec.cat\/ceipcanmanent\/wp-content\/uploads\/usu153\/2020\/04\/POEMA-2-768x308.png 768w, https:\/\/agora.xtec.cat\/ceipcanmanent\/wp-content\/uploads\/usu153\/2020\/04\/POEMA-2.png 2019w\" sizes=\"auto, (max-width: 1024px) 100vw, 1024px\" \/><\/a><\/p>\n<p style=\"text-align: left\">Podeu escoltar i visualitzar el <a href=\"https:\/\/youtu.be\/Tvgwd_dX-SU\"><strong>POEMA<\/strong><\/a>.<\/p>\n<p style=\"text-align: justify\"><span style=\"font-weight: 400\">Si voleu posar moviment al vostre cos us compartim la versi\u00f3 amb m\u00fasica del grup Infantil \u201cEl Ruc Catal\u00e0\u201d<\/span> <span style=\"font-weight: 400\">. <strong>Tots i totes a cantar i ballar! <a href=\"https:\/\/www.youtube.com\/watch?v=RFNG5ccI9IQ\"><b>CAN\u00c7\u00d3<\/b><\/a><\/strong><\/span><strong>.<\/strong><\/p>\n<p style=\"text-align: justify\"><span style=\"font-weight: 400\">Us animem a posar en marxa la vostra creativitat elaborant una creaci\u00f3 art\u00edstica relacionada amb el cos, com per exemple, fer cares amb diferents materials: retalls de revistes, amb paper o cartr\u00f3, utilitzant material que trobeu per casa&#8230;<\/span><\/p>\n<p style=\"text-align: justify\"><span style=\"font-weight: 400\">Podeu crear un joc per utilitzar a estones, fer-los fotos i enviar-nos-les per compartir l\u2019experi\u00e8ncia i, sobretot, per divertir-vos i passar una bona estona.<\/span><\/p>\n<p><a href=\"https:\/\/agora.xtec.cat\/ceipcanmanent\/wp-content\/uploads\/usu153\/2020\/04\/Imagen1.png\"><img loading=\"lazy\" decoding=\"async\" class=\"aligncenter wp-image-6063\" src=\"https:\/\/agora.xtec.cat\/ceipcanmanent\/wp-content\/uploads\/usu153\/2020\/04\/Imagen1.png\" alt=\"\" width=\"615\" height=\"179\" srcset=\"https:\/\/agora.xtec.cat\/ceipcanmanent\/wp-content\/uploads\/usu153\/2020\/04\/Imagen1.png 958w, https:\/\/agora.xtec.cat\/ceipcanmanent\/wp-content\/uploads\/usu153\/2020\/04\/Imagen1-300x87.png 300w, https:\/\/agora.xtec.cat\/ceipcanmanent\/wp-content\/uploads\/usu153\/2020\/04\/Imagen1-768x224.png 768w\" sizes=\"auto, (max-width: 615px) 100vw, 615px\" \/><\/a><\/p>\n<p><span style=\"font-weight: 400\">I per ampliar l\u2019activitat podeu afegir-hi el cos: coll, tronc, bra\u00e7os, mans, cames, peus&#8230;<\/span><\/p>\n<p><a href=\"https:\/\/agora.xtec.cat\/ceipcanmanent\/wp-content\/uploads\/usu153\/2020\/04\/Imagen2.png\"><img loading=\"lazy\" decoding=\"async\" class=\"aligncenter wp-image-6064\" src=\"https:\/\/agora.xtec.cat\/ceipcanmanent\/wp-content\/uploads\/usu153\/2020\/04\/Imagen2.png\" alt=\"\" width=\"463\" height=\"203\" srcset=\"https:\/\/agora.xtec.cat\/ceipcanmanent\/wp-content\/uploads\/usu153\/2020\/04\/Imagen2.png 837w, https:\/\/agora.xtec.cat\/ceipcanmanent\/wp-content\/uploads\/usu153\/2020\/04\/Imagen2-300x132.png 300w, https:\/\/agora.xtec.cat\/ceipcanmanent\/wp-content\/uploads\/usu153\/2020\/04\/Imagen2-768x337.png 768w\" sizes=\"auto, (max-width: 463px) 100vw, 463px\" \/><\/a><\/p>\n<p>Feu volar la imaginaci\u00f3 amb l&#8217;art ef\u00edmer i no us oblideu de fer la foto del resultat de la vostra creaci\u00f3 i compartir-la amb nosaltres!<\/p>\n","protected":false},"excerpt":{"rendered":"<p>EL COS<\/p>\n","protected":false},"author":6,"featured_media":6064,"comment_status":"open","ping_status":"closed","sticky":false,"template":"","format":"standard","meta":{"_bbp_topic_count":0,"_bbp_reply_count":0,"_bbp_total_topic_count":0,"_bbp_total_reply_count":0,"_bbp_voice_count":0,"_bbp_anonymous_reply_count":0,"_bbp_topic_count_hidden":0,"_bbp_reply_count_hidden":0,"_bbp_forum_subforum_count":0,"site-sidebar-layout":"default","site-content-layout":"","ast-site-content-layout":"","site-content-style":"default","site-sidebar-style":"default","ast-global-header-display":"","ast-banner-title-visibility":"","ast-main-header-display":"","ast-hfb-above-header-display":"","ast-hfb-below-header-display":"","ast-hfb-mobile-header-display":"","site-post-title":"","ast-breadcrumbs-content":"","ast-featured-img":"","footer-sml-layout":"","theme-transparent-header-meta":"","adv-header-id-meta":"","stick-header-meta":"","header-above-stick-meta":"","header-main-stick-meta":"","header-below-stick-meta":"","astra-migrate-meta-layouts":"default","ast-page-background-enabled":"default","ast-page-background-meta":{"desktop":{"background-color":"var(--ast-global-color-4)","background-image":"","background-repeat":"repeat","background-position":"center center","background-size":"auto","background-attachment":"scroll","background-type":"","background-media":"","overlay-type":"","overlay-color":"","overlay-opacity":"","overlay-gradient":""},"tablet":{"background-color":"","background-image":"","background-repeat":"repeat","background-position":"center center","background-size":"auto","background-attachment":"scroll","background-type":"","background-media":"","overlay-type":"","overlay-color":"","overlay-opacity":"","overlay-gradient":""},"mobile":{"background-color":"","background-image":"","background-repeat":"repeat","background-position":"center center","background-size":"auto","background-attachment":"scroll","background-type":"","background-media":"","overlay-type":"","overlay-color":"","overlay-opacity":"","overlay-gradient":""}},"ast-content-background-meta":{"desktop":{"background-color":"var(--ast-global-color-5)","background-image":"","background-repeat":"repeat","background-position":"center center","background-size":"auto","background-attachment":"scroll","background-type":"","background-media":"","overlay-type":"","overlay-color":"","overlay-opacity":"","overlay-gradient":""},"tablet":{"background-color":"var(--ast-global-color-5)","background-image":"","background-repeat":"repeat","background-position":"center center","background-size":"auto","background-attachment":"scroll","background-type":"","background-media":"","overlay-type":"","overlay-color":"","overlay-opacity":"","overlay-gradient":""},"mobile":{"background-color":"var(--ast-global-color-5)","background-image":"","background-repeat":"repeat","background-position":"center center","background-size":"auto","background-attachment":"scroll","background-type":"","background-media":"","overlay-type":"","overlay-color":"","overlay-opacity":"","overlay-gradient":""}},"footnotes":""},"categories":[54,8],"tags":[],"class_list":["post-6051","post","type-post","status-publish","format-standard","has-post-thumbnail","hentry","category-petits","category-p4"],"post_mailing_queue_ids":[],"_links":{"self":[{"href":"https:\/\/agora.xtec.cat\/ceipcanmanent\/wp-json\/wp\/v2\/posts\/6051","targetHints":{"allow":["GET"]}}],"collection":[{"href":"https:\/\/agora.xtec.cat\/ceipcanmanent\/wp-json\/wp\/v2\/posts"}],"about":[{"href":"https:\/\/agora.xtec.cat\/ceipcanmanent\/wp-json\/wp\/v2\/types\/post"}],"author":[{"embeddable":true,"href":"https:\/\/agora.xtec.cat\/ceipcanmanent\/wp-json\/wp\/v2\/users\/6"}],"replies":[{"embeddable":true,"href":"https:\/\/agora.xtec.cat\/ceipcanmanent\/wp-json\/wp\/v2\/comments?post=6051"}],"version-history":[{"count":3,"href":"https:\/\/agora.xtec.cat\/ceipcanmanent\/wp-json\/wp\/v2\/posts\/6051\/revisions"}],"predecessor-version":[{"id":6187,"href":"https:\/\/agora.xtec.cat\/ceipcanmanent\/wp-json\/wp\/v2\/posts\/6051\/revisions\/6187"}],"wp:featuredmedia":[{"embeddable":true,"href":"https:\/\/agora.xtec.cat\/ceipcanmanent\/wp-json\/wp\/v2\/media\/6064"}],"wp:attachment":[{"href":"https:\/\/agora.xtec.cat\/ceipcanmanent\/wp-json\/wp\/v2\/media?parent=6051"}],"wp:term":[{"taxonomy":"category","embeddable":true,"href":"https:\/\/agora.xtec.cat\/ceipcanmanent\/wp-json\/wp\/v2\/categories?post=6051"},{"taxonomy":"post_tag","embeddable":true,"href":"https:\/\/agora.xtec.cat\/ceipcanmanent\/wp-json\/wp\/v2\/tags?post=6051"}],"curies":[{"name":"wp","href":"https:\/\/api.w.org\/{rel}","templated":true}]}}