{"id":5998,"date":"2020-04-21T23:20:42","date_gmt":"2020-04-21T21:20:42","guid":{"rendered":"https:\/\/agora.xtec.cat\/ceipcanmanent\/?p=5998"},"modified":"2020-04-22T11:35:59","modified_gmt":"2020-04-22T09:35:59","slug":"dimecres-22-avui-tenim-tastets-de-sant-jordi","status":"publish","type":"post","link":"https:\/\/agora.xtec.cat\/ceipcanmanent\/general\/dimecres-22-avui-tenim-tastets-de-sant-jordi\/","title":{"rendered":"DIMECRES 22: Avui tenim&#8230; Tastets de Sant Jordi!"},"content":{"rendered":"<p>Benvolgudes i benvolguts, avui us convidem a elaborar algun tipus de creaci\u00f3 art\u00edstica relacionada amb la diada de Sant Jordi. Us animem a posar en marxa la vostra creativitat i us proposem algunes idees: poemes decorats, punts de llibre, dibuixos al natural o d&#8217;interior, flors i dracs de paper o altres materials, cal\u00b7ligrames, acr\u00f2stics, fotos creatives&#8230;<!--more--><\/p>\n<p>Teniu tot un m\u00f3n de possibilitats! I si us ve de gust, a les mestres i els mestres ens agradaria molt que ens compart\u00edssiu la vostra creaci\u00f3 de Sant Jordi!<\/p>\n<p>Aqu\u00ed us deixem algunes idees en imatge per si us resulten d&#8217;inspiraci\u00f3. <a href=\"https:\/\/agora.xtec.cat\/ceipcanmanent\/wp-content\/uploads\/usu153\/2020\/04\/tasteig-de-Sant-Jordi.jpg\"><img loading=\"lazy\" decoding=\"async\" class=\"alignnone size-large wp-image-5999\" src=\"https:\/\/agora.xtec.cat\/ceipcanmanent\/wp-content\/uploads\/usu153\/2020\/04\/tasteig-de-Sant-Jordi-1024x600.jpg\" alt=\"\" width=\"1024\" height=\"600\" srcset=\"https:\/\/agora.xtec.cat\/ceipcanmanent\/wp-content\/uploads\/usu153\/2020\/04\/tasteig-de-Sant-Jordi-1024x600.jpg 1024w, https:\/\/agora.xtec.cat\/ceipcanmanent\/wp-content\/uploads\/usu153\/2020\/04\/tasteig-de-Sant-Jordi-300x176.jpg 300w, https:\/\/agora.xtec.cat\/ceipcanmanent\/wp-content\/uploads\/usu153\/2020\/04\/tasteig-de-Sant-Jordi-768x450.jpg 768w, https:\/\/agora.xtec.cat\/ceipcanmanent\/wp-content\/uploads\/usu153\/2020\/04\/tasteig-de-Sant-Jordi.jpg 1407w\" sizes=\"auto, (max-width: 1024px) 100vw, 1024px\" \/><\/a><\/p>\n","protected":false},"excerpt":{"rendered":"<p>Benvolgudes i benvolguts, avui us convidem a elaborar algun tipus de creaci\u00f3 art\u00edstica relacionada amb la diada de Sant Jordi. Us animem a posar en marxa la vostra creativitat i us proposem algunes idees: poemes decorats, punts de llibre, dibuixos al natural o d&#8217;interior, flors i dracs de paper o altres materials, cal\u00b7ligrames, acr\u00f2stics, fotos [&hellip;]<\/p>\n","protected":false},"author":1,"featured_media":0,"comment_status":"open","ping_status":"closed","sticky":false,"template":"","format":"standard","meta":{"_bbp_topic_count":0,"_bbp_reply_count":0,"_bbp_total_topic_count":0,"_bbp_total_reply_count":0,"_bbp_voice_count":0,"_bbp_anonymous_reply_count":0,"_bbp_topic_count_hidden":0,"_bbp_reply_count_hidden":0,"_bbp_forum_subforum_count":0,"site-sidebar-layout":"default","site-content-layout":"","ast-site-content-layout":"","site-content-style":"default","site-sidebar-style":"default","ast-global-header-display":"","ast-banner-title-visibility":"","ast-main-header-display":"","ast-hfb-above-header-display":"","ast-hfb-below-header-display":"","ast-hfb-mobile-header-display":"","site-post-title":"","ast-breadcrumbs-content":"","ast-featured-img":"","footer-sml-layout":"","theme-transparent-header-meta":"","adv-header-id-meta":"","stick-header-meta":"","header-above-stick-meta":"","header-main-stick-meta":"","header-below-stick-meta":"","astra-migrate-meta-layouts":"default","ast-page-background-enabled":"default","ast-page-background-meta":{"desktop":{"background-color":"var(--ast-global-color-4)","background-image":"","background-repeat":"repeat","background-position":"center center","background-size":"auto","background-attachment":"scroll","background-type":"","background-media":"","overlay-type":"","overlay-color":"","overlay-opacity":"","overlay-gradient":""},"tablet":{"background-color":"","background-image":"","background-repeat":"repeat","background-position":"center center","background-size":"auto","background-attachment":"scroll","background-type":"","background-media":"","overlay-type":"","overlay-color":"","overlay-opacity":"","overlay-gradient":""},"mobile":{"background-color":"","background-image":"","background-repeat":"repeat","background-position":"center center","background-size":"auto","background-attachment":"scroll","background-type":"","background-media":"","overlay-type":"","overlay-color":"","overlay-opacity":"","overlay-gradient":""}},"ast-content-background-meta":{"desktop":{"background-color":"var(--ast-global-color-5)","background-image":"","background-repeat":"repeat","background-position":"center center","background-size":"auto","background-attachment":"scroll","background-type":"","background-media":"","overlay-type":"","overlay-color":"","overlay-opacity":"","overlay-gradient":""},"tablet":{"background-color":"var(--ast-global-color-5)","background-image":"","background-repeat":"repeat","background-position":"center center","background-size":"auto","background-attachment":"scroll","background-type":"","background-media":"","overlay-type":"","overlay-color":"","overlay-opacity":"","overlay-gradient":""},"mobile":{"background-color":"var(--ast-global-color-5)","background-image":"","background-repeat":"repeat","background-position":"center center","background-size":"auto","background-attachment":"scroll","background-type":"","background-media":"","overlay-type":"","overlay-color":"","overlay-opacity":"","overlay-gradient":""}},"footnotes":""},"categories":[10,26,12,13,14,15,82,81,54,2,1,3,8,9,4,201],"tags":[],"class_list":["post-5998","post","type-post","status-publish","format-standard","hentry","category-1r","category-2n","category-3r","category-4t","category-5e","category-6e","category-grans","category-mitjans","category-petits","category-activitats","category-general","category-p3","category-p4","category-p5","category-portada","category-sant-jordi"],"post_mailing_queue_ids":[],"_links":{"self":[{"href":"https:\/\/agora.xtec.cat\/ceipcanmanent\/wp-json\/wp\/v2\/posts\/5998","targetHints":{"allow":["GET"]}}],"collection":[{"href":"https:\/\/agora.xtec.cat\/ceipcanmanent\/wp-json\/wp\/v2\/posts"}],"about":[{"href":"https:\/\/agora.xtec.cat\/ceipcanmanent\/wp-json\/wp\/v2\/types\/post"}],"author":[{"embeddable":true,"href":"https:\/\/agora.xtec.cat\/ceipcanmanent\/wp-json\/wp\/v2\/users\/1"}],"replies":[{"embeddable":true,"href":"https:\/\/agora.xtec.cat\/ceipcanmanent\/wp-json\/wp\/v2\/comments?post=5998"}],"version-history":[{"count":2,"href":"https:\/\/agora.xtec.cat\/ceipcanmanent\/wp-json\/wp\/v2\/posts\/5998\/revisions"}],"predecessor-version":[{"id":6006,"href":"https:\/\/agora.xtec.cat\/ceipcanmanent\/wp-json\/wp\/v2\/posts\/5998\/revisions\/6006"}],"wp:attachment":[{"href":"https:\/\/agora.xtec.cat\/ceipcanmanent\/wp-json\/wp\/v2\/media?parent=5998"}],"wp:term":[{"taxonomy":"category","embeddable":true,"href":"https:\/\/agora.xtec.cat\/ceipcanmanent\/wp-json\/wp\/v2\/categories?post=5998"},{"taxonomy":"post_tag","embeddable":true,"href":"https:\/\/agora.xtec.cat\/ceipcanmanent\/wp-json\/wp\/v2\/tags?post=5998"}],"curies":[{"name":"wp","href":"https:\/\/api.w.org\/{rel}","templated":true}]}}