{"id":5861,"date":"2020-04-21T23:01:14","date_gmt":"2020-04-21T21:01:14","guid":{"rendered":"https:\/\/agora.xtec.cat\/ceipcanmanent\/?p=5861"},"modified":"2020-04-21T23:01:14","modified_gmt":"2020-04-21T21:01:14","slug":"hora-del-conte-dimecres-22-dabril","status":"publish","type":"post","link":"https:\/\/agora.xtec.cat\/ceipcanmanent\/general\/hora-del-conte-dimecres-22-dabril\/","title":{"rendered":"HORA DEL CONTE (Dimecres 22 d&#8217;abril)"},"content":{"rendered":"<p>Avui dimecres, seguiu amb ganes d&#8217;escoltar m\u00e9s contes?<\/p>\n<p>Doncs aqu\u00ed en teniu m\u00e9s!<\/p>\n<p><!--more--><\/p>\n<table style=\"width: 462px;\">\n<tbody>\n<tr>\n<td style=\"width: 153px;\"><a href=\"https:\/\/drive.google.com\/file\/d\/1a9gUTz6rBFdlxW3rHjz6fDHrVX09RQ3C\/view?usp=sharing\"><img loading=\"lazy\" decoding=\"async\" class=\"aligncenter wp-image-5925\" src=\"https:\/\/agora.xtec.cat\/ceipcanmanent\/wp-content\/uploads\/usu153\/2020\/04\/el-mini-planeta.png\" alt=\"\" width=\"132\" height=\"86\" srcset=\"https:\/\/agora.xtec.cat\/ceipcanmanent\/wp-content\/uploads\/usu153\/2020\/04\/el-mini-planeta.png 542w, https:\/\/agora.xtec.cat\/ceipcanmanent\/wp-content\/uploads\/usu153\/2020\/04\/el-mini-planeta-300x195.png 300w\" sizes=\"auto, (max-width: 132px) 100vw, 132px\" \/><\/a><\/td>\n<td style=\"width: 301px;\">\n<h5>El mini planeta<\/h5>\n<p>narrat per la N\u00faria<\/td>\n<\/tr>\n<tr>\n<td style=\"width: 153px;\"><a href=\"https:\/\/drive.google.com\/file\/d\/1fKzHiGiihrzIN4JFcT3JzrryHhKaw1nq\/view?usp=sharing\"><img loading=\"lazy\" decoding=\"async\" class=\"aligncenter wp-image-5926\" src=\"https:\/\/agora.xtec.cat\/ceipcanmanent\/wp-content\/uploads\/usu153\/2020\/04\/el-dia-que-es-van-menjar.png\" alt=\"\" width=\"140\" height=\"72\" srcset=\"https:\/\/agora.xtec.cat\/ceipcanmanent\/wp-content\/uploads\/usu153\/2020\/04\/el-dia-que-es-van-menjar.png 833w, https:\/\/agora.xtec.cat\/ceipcanmanent\/wp-content\/uploads\/usu153\/2020\/04\/el-dia-que-es-van-menjar-300x155.png 300w, https:\/\/agora.xtec.cat\/ceipcanmanent\/wp-content\/uploads\/usu153\/2020\/04\/el-dia-que-es-van-menjar-768x396.png 768w\" sizes=\"auto, (max-width: 140px) 100vw, 140px\" \/><\/a><\/td>\n<td style=\"width: 301px;\">\n<h5>El dia que es van menjar en Llu\u00eds<\/h5>\n<p>explicat per la Gemma<\/td>\n<\/tr>\n<tr>\n<td style=\"width: 153px;\"><a href=\"https:\/\/drive.google.com\/file\/d\/1-GoxHoOQTgnp2P9FskJnXmpCc_jyDyeE\/view?usp=sharing\"><img loading=\"lazy\" decoding=\"async\" class=\"aligncenter wp-image-5927\" src=\"https:\/\/agora.xtec.cat\/ceipcanmanent\/wp-content\/uploads\/usu153\/2020\/04\/pincho.png\" alt=\"\" width=\"110\" height=\"99\" srcset=\"https:\/\/agora.xtec.cat\/ceipcanmanent\/wp-content\/uploads\/usu153\/2020\/04\/pincho.png 478w, https:\/\/agora.xtec.cat\/ceipcanmanent\/wp-content\/uploads\/usu153\/2020\/04\/pincho-300x270.png 300w\" sizes=\"auto, (max-width: 110px) 100vw, 110px\" \/><\/a><\/td>\n<td style=\"width: 301px;\">\n<h5><span style=\"font-family: inherit; font-size: 1em;\">Pincho<\/span><\/h5>\n<p><span style=\"font-family: inherit; font-size: 1em;\">explicat per l&#8217;Estefi<\/span><\/td>\n<\/tr>\n<tr>\n<td style=\"width: 153px;\"><a href=\"https:\/\/drive.google.com\/file\/d\/1s4fviPpOyiVzyX9yX-cThvc2q-YDn0rc\/view?usp=sharing\"><img loading=\"lazy\" decoding=\"async\" class=\"aligncenter wp-image-5928\" src=\"https:\/\/agora.xtec.cat\/ceipcanmanent\/wp-content\/uploads\/usu153\/2020\/04\/aix\u00f2-no-\u00e9s-una-selva.jpg\" alt=\"\" width=\"96\" height=\"106\" srcset=\"https:\/\/agora.xtec.cat\/ceipcanmanent\/wp-content\/uploads\/usu153\/2020\/04\/aix\u00f2-no-\u00e9s-una-selva.jpg 1150w, https:\/\/agora.xtec.cat\/ceipcanmanent\/wp-content\/uploads\/usu153\/2020\/04\/aix\u00f2-no-\u00e9s-una-selva-270x300.jpg 270w, https:\/\/agora.xtec.cat\/ceipcanmanent\/wp-content\/uploads\/usu153\/2020\/04\/aix\u00f2-no-\u00e9s-una-selva-768x855.jpg 768w, https:\/\/agora.xtec.cat\/ceipcanmanent\/wp-content\/uploads\/usu153\/2020\/04\/aix\u00f2-no-\u00e9s-una-selva-920x1024.jpg 920w\" sizes=\"auto, (max-width: 96px) 100vw, 96px\" \/><\/a><\/td>\n<td style=\"width: 301px;\">\n<h5>Aix\u00f2 no \u00e9s una selva<\/h5>\n<p>explicat per la Vanessa<\/td>\n<\/tr>\n<tr>\n<td style=\"width: 153px;\"><a href=\"https:\/\/drive.google.com\/file\/d\/1gE90AGvdhSh3pdfiF_eo_8WDOcdPX_s2\/view?usp=sharing\"><img loading=\"lazy\" decoding=\"async\" class=\"aligncenter size-full wp-image-5952\" src=\"https:\/\/agora.xtec.cat\/ceipcanmanent\/wp-content\/uploads\/usu153\/2020\/04\/llegenda-sant-jordi.png\" alt=\"\" width=\"777\" height=\"450\" srcset=\"https:\/\/agora.xtec.cat\/ceipcanmanent\/wp-content\/uploads\/usu153\/2020\/04\/llegenda-sant-jordi.png 777w, https:\/\/agora.xtec.cat\/ceipcanmanent\/wp-content\/uploads\/usu153\/2020\/04\/llegenda-sant-jordi-300x174.png 300w, https:\/\/agora.xtec.cat\/ceipcanmanent\/wp-content\/uploads\/usu153\/2020\/04\/llegenda-sant-jordi-768x445.png 768w\" sizes=\"auto, (max-width: 777px) 100vw, 777px\" \/><\/a><\/td>\n<td style=\"width: 301px;\">\n<h5>La llegenda de Sant Jordi<\/h5>\n<p>explicada per l&#8217;\u00c0ngela<\/td>\n<\/tr>\n<\/tbody>\n<\/table>\n","protected":false},"excerpt":{"rendered":"<p>Avui dimecres, seguiu amb ganes d&#8217;escoltar m\u00e9s contes? Doncs aqu\u00ed en teniu m\u00e9s!<\/p>\n","protected":false},"author":1,"featured_media":5062,"comment_status":"open","ping_status":"closed","sticky":false,"template":"","format":"standard","meta":{"_bbp_topic_count":0,"_bbp_reply_count":0,"_bbp_total_topic_count":0,"_bbp_total_reply_count":0,"_bbp_voice_count":0,"_bbp_anonymous_reply_count":0,"_bbp_topic_count_hidden":0,"_bbp_reply_count_hidden":0,"_bbp_forum_subforum_count":0,"site-sidebar-layout":"default","site-content-layout":"","ast-site-content-layout":"","site-content-style":"default","site-sidebar-style":"default","ast-global-header-display":"","ast-banner-title-visibility":"","ast-main-header-display":"","ast-hfb-above-header-display":"","ast-hfb-below-header-display":"","ast-hfb-mobile-header-display":"","site-post-title":"","ast-breadcrumbs-content":"","ast-featured-img":"","footer-sml-layout":"","theme-transparent-header-meta":"","adv-header-id-meta":"","stick-header-meta":"","header-above-stick-meta":"","header-main-stick-meta":"","header-below-stick-meta":"","astra-migrate-meta-layouts":"default","ast-page-background-enabled":"default","ast-page-background-meta":{"desktop":{"background-color":"var(--ast-global-color-4)","background-image":"","background-repeat":"repeat","background-position":"center center","background-size":"auto","background-attachment":"scroll","background-type":"","background-media":"","overlay-type":"","overlay-color":"","overlay-opacity":"","overlay-gradient":""},"tablet":{"background-color":"","background-image":"","background-repeat":"repeat","background-position":"center center","background-size":"auto","background-attachment":"scroll","background-type":"","background-media":"","overlay-type":"","overlay-color":"","overlay-opacity":"","overlay-gradient":""},"mobile":{"background-color":"","background-image":"","background-repeat":"repeat","background-position":"center center","background-size":"auto","background-attachment":"scroll","background-type":"","background-media":"","overlay-type":"","overlay-color":"","overlay-opacity":"","overlay-gradient":""}},"ast-content-background-meta":{"desktop":{"background-color":"var(--ast-global-color-5)","background-image":"","background-repeat":"repeat","background-position":"center center","background-size":"auto","background-attachment":"scroll","background-type":"","background-media":"","overlay-type":"","overlay-color":"","overlay-opacity":"","overlay-gradient":""},"tablet":{"background-color":"var(--ast-global-color-5)","background-image":"","background-repeat":"repeat","background-position":"center center","background-size":"auto","background-attachment":"scroll","background-type":"","background-media":"","overlay-type":"","overlay-color":"","overlay-opacity":"","overlay-gradient":""},"mobile":{"background-color":"var(--ast-global-color-5)","background-image":"","background-repeat":"repeat","background-position":"center center","background-size":"auto","background-attachment":"scroll","background-type":"","background-media":"","overlay-type":"","overlay-color":"","overlay-opacity":"","overlay-gradient":""}},"footnotes":""},"categories":[10,26,12,13,14,15,82,81,54,1,3,8,9,4,201],"tags":[],"class_list":["post-5861","post","type-post","status-publish","format-standard","has-post-thumbnail","hentry","category-1r","category-2n","category-3r","category-4t","category-5e","category-6e","category-grans","category-mitjans","category-petits","category-general","category-p3","category-p4","category-p5","category-portada","category-sant-jordi"],"post_mailing_queue_ids":[],"_links":{"self":[{"href":"https:\/\/agora.xtec.cat\/ceipcanmanent\/wp-json\/wp\/v2\/posts\/5861","targetHints":{"allow":["GET"]}}],"collection":[{"href":"https:\/\/agora.xtec.cat\/ceipcanmanent\/wp-json\/wp\/v2\/posts"}],"about":[{"href":"https:\/\/agora.xtec.cat\/ceipcanmanent\/wp-json\/wp\/v2\/types\/post"}],"author":[{"embeddable":true,"href":"https:\/\/agora.xtec.cat\/ceipcanmanent\/wp-json\/wp\/v2\/users\/1"}],"replies":[{"embeddable":true,"href":"https:\/\/agora.xtec.cat\/ceipcanmanent\/wp-json\/wp\/v2\/comments?post=5861"}],"version-history":[{"count":4,"href":"https:\/\/agora.xtec.cat\/ceipcanmanent\/wp-json\/wp\/v2\/posts\/5861\/revisions"}],"predecessor-version":[{"id":6002,"href":"https:\/\/agora.xtec.cat\/ceipcanmanent\/wp-json\/wp\/v2\/posts\/5861\/revisions\/6002"}],"wp:featuredmedia":[{"embeddable":true,"href":"https:\/\/agora.xtec.cat\/ceipcanmanent\/wp-json\/wp\/v2\/media\/5062"}],"wp:attachment":[{"href":"https:\/\/agora.xtec.cat\/ceipcanmanent\/wp-json\/wp\/v2\/media?parent=5861"}],"wp:term":[{"taxonomy":"category","embeddable":true,"href":"https:\/\/agora.xtec.cat\/ceipcanmanent\/wp-json\/wp\/v2\/categories?post=5861"},{"taxonomy":"post_tag","embeddable":true,"href":"https:\/\/agora.xtec.cat\/ceipcanmanent\/wp-json\/wp\/v2\/tags?post=5861"}],"curies":[{"name":"wp","href":"https:\/\/api.w.org\/{rel}","templated":true}]}}