{"id":5829,"date":"2020-04-19T23:25:18","date_gmt":"2020-04-19T21:25:18","guid":{"rendered":"https:\/\/agora.xtec.cat\/ceipcanmanent\/?p=5829"},"modified":"2020-04-20T13:25:46","modified_gmt":"2020-04-20T11:25:46","slug":"dilluns-20-un-sant-jordi-diferent","status":"publish","type":"post","link":"https:\/\/agora.xtec.cat\/ceipcanmanent\/general\/dilluns-20-un-sant-jordi-diferent\/","title":{"rendered":"DILLUNS 20: UN SANT JORDI DIFERENT"},"content":{"rendered":"<p>Benvolgudes i benvolguts,<\/p>\n<p style=\"text-align: justify\">L&#8217;equip docent de l&#8217;escola Can Manent us vol donar la benvinguda a la setmana de Sant Jordi. Aquesta \u00e9s una festa que ens agrada i ens engresca especialment, aquest curs malauradament, totes i tots estem confinats i no podrem gaudir-la junts a l&#8217;escola, per\u00f2 no renunciarem a celebrar aquesta diada tan especial amb tots vosaltres! Al llarg de la setmana us tenim preparades diverses activitats que anirem presentat dia a dia, haureu d&#8217;estar molt pendents de la web i de les diferents demandes que us anirem fent. Estarem encantades i encantats de rebre el retorn de les vostres propostes i esperem que ho gaudiu molt\u00edssim!<\/p>\n<p style=\"text-align: justify\">Volem inaugurar aquesta setmana amb la presentaci\u00f3 del punt de llibre que s&#8217;ha fet des de l&#8217;escola a c\u00e0rrec del nostre mestre de la comunitat de Petits i artista Calixte Vallv\u00e9. Si us ve de gust el podeu imprimir per completar els espais buits en forma de mandala, pintar-lo o decorar-lo com m\u00e9s us agradi.<\/p>\n<p style=\"text-align: justify\"><a href=\"https:\/\/drive.google.com\/file\/d\/1RcoHPL3qFZtTKfHWSiGKB4zEVrVAP05x\/view?usp=sharing\"><img loading=\"lazy\" decoding=\"async\" class=\"aligncenter wp-image-5895\" src=\"https:\/\/agora.xtec.cat\/ceipcanmanent\/wp-content\/uploads\/usu153\/2020\/04\/puntn-de-llibre.jpg\" alt=\"\" width=\"666\" height=\"323\" srcset=\"https:\/\/agora.xtec.cat\/ceipcanmanent\/wp-content\/uploads\/usu153\/2020\/04\/puntn-de-llibre.jpg 3158w, https:\/\/agora.xtec.cat\/ceipcanmanent\/wp-content\/uploads\/usu153\/2020\/04\/puntn-de-llibre-300x145.jpg 300w, https:\/\/agora.xtec.cat\/ceipcanmanent\/wp-content\/uploads\/usu153\/2020\/04\/puntn-de-llibre-768x372.jpg 768w, https:\/\/agora.xtec.cat\/ceipcanmanent\/wp-content\/uploads\/usu153\/2020\/04\/puntn-de-llibre-1024x496.jpg 1024w\" sizes=\"auto, (max-width: 666px) 100vw, 666px\" \/><\/a><\/p>\n<p style=\"text-align: justify\">Cada any, a la comunitat de Petits esperem amb il\u00b7lusi\u00f3 la visita del Drac Lila i la V\u00edbria. El Drac Lila ens ha acompanyat cada Sant Jordi des que l&#8217;escola va obrir les seves portes. El dia 23 tots i totes ens neguitegem amb la not\u00edcia de la seva arribada, esperem amb joia arramblats a la barana del pati a veure per on treuen el musell i quan entren per la porta fem unes ballarugues plegats i escoltem amb atenci\u00f3 quines noves ens porten. Els m\u00e9s petitons no teniu el plaer d&#8217;haver-los conegut encara, potser n&#8217;heu sentit a parlar, ja que la seva fama \u00e9s ben coneguda per la resta de nenes i nens de l&#8217;escola i s\u00f3n moltes les hist\u00f2ries que us podran explicar sobre ells. Per poder-vos fer una idea, us deixem un petit resum de la seva hist\u00f2ria i de les seves aventures, obriu b\u00e9 les orelles i no perdeu detall!<\/p>\n<p><a href=\"https:\/\/agora.xtec.cat\/ceipcanmanent\/wp-content\/uploads\/usu153\/2020\/04\/image.png\"><img loading=\"lazy\" decoding=\"async\" class=\" wp-image-5841 aligncenter\" src=\"https:\/\/agora.xtec.cat\/ceipcanmanent\/wp-content\/uploads\/usu153\/2020\/04\/image-1024x654.png\" alt=\"\" width=\"650\" height=\"415\" srcset=\"https:\/\/agora.xtec.cat\/ceipcanmanent\/wp-content\/uploads\/usu153\/2020\/04\/image.png 1024w, https:\/\/agora.xtec.cat\/ceipcanmanent\/wp-content\/uploads\/usu153\/2020\/04\/image-300x192.png 300w, https:\/\/agora.xtec.cat\/ceipcanmanent\/wp-content\/uploads\/usu153\/2020\/04\/image-768x491.png 768w\" sizes=\"auto, (max-width: 650px) 100vw, 650px\" \/><\/a><\/p>\n<p>&nbsp;<\/p>\n<p>HIST\u00d2RIA DEL DRAC LILA<\/p>\n<!--[if lt IE 9]><script>document.createElement('audio');<\/script><![endif]-->\n<audio class=\"wp-audio-shortcode\" id=\"audio-5829-1\" preload=\"none\" style=\"width: 100%;\" controls=\"controls\"><source type=\"audio\/mpeg\" src=\"https:\/\/agora.xtec.cat\/ceipcanmanent\/wp-content\/uploads\/usu153\/2020\/04\/Veu00049-online-audio-converter.com_.mp3?_=1\" \/><a href=\"https:\/\/agora.xtec.cat\/ceipcanmanent\/wp-content\/uploads\/usu153\/2020\/04\/Veu00049-online-audio-converter.com_.mp3\">https:\/\/agora.xtec.cat\/ceipcanmanent\/wp-content\/uploads\/usu153\/2020\/04\/Veu00049-online-audio-converter.com_.mp3<\/a><\/audio>\n<p>&nbsp;<\/p>\n<p>DRAC LILA<\/p>\n<audio class=\"wp-audio-shortcode\" id=\"audio-5829-2\" preload=\"none\" style=\"width: 100%;\" controls=\"controls\"><source type=\"audio\/mpeg\" src=\"https:\/\/agora.xtec.cat\/ceipcanmanent\/wp-content\/uploads\/usu153\/2020\/04\/Drac-Lila-online-audio-converter.com_.mp3?_=2\" \/><a href=\"https:\/\/agora.xtec.cat\/ceipcanmanent\/wp-content\/uploads\/usu153\/2020\/04\/Drac-Lila-online-audio-converter.com_.mp3\">https:\/\/agora.xtec.cat\/ceipcanmanent\/wp-content\/uploads\/usu153\/2020\/04\/Drac-Lila-online-audio-converter.com_.mp3<\/a><\/audio>\n<p>&nbsp;<\/p>\n<p style=\"text-align: justify\">Eps, quina sorpresa! No s&#8217;han pogut estar d&#8217;enviar-nos aquest missatge tan divertit. Si teniu alguna idea per ajudar el Drac i la V\u00edbria, de ben segur us ho agrairan! No dubteu en adre\u00e7ar-vos al seu mail <strong>draclila@canmanent.cat<\/strong><\/p>\n<p style=\"text-align: justify\">I amb aquesta calorosa benvinguda, donem per inaugurada la Setmana de Sant Jordi. Petons i molta lectura per tothom!<\/p>\n<p><a href=\"https:\/\/agora.xtec.cat\/ceipcanmanent\/wp-content\/uploads\/usu153\/2020\/04\/Sant-Jordi-virtual.png\"><img loading=\"lazy\" decoding=\"async\" class=\" wp-image-5846 aligncenter\" src=\"https:\/\/agora.xtec.cat\/ceipcanmanent\/wp-content\/uploads\/usu153\/2020\/04\/Sant-Jordi-virtual.png\" alt=\"\" width=\"351\" height=\"181\" srcset=\"https:\/\/agora.xtec.cat\/ceipcanmanent\/wp-content\/uploads\/usu153\/2020\/04\/Sant-Jordi-virtual.png 540w, https:\/\/agora.xtec.cat\/ceipcanmanent\/wp-content\/uploads\/usu153\/2020\/04\/Sant-Jordi-virtual-300x154.png 300w\" sizes=\"auto, (max-width: 351px) 100vw, 351px\" \/><\/a><\/p>\n","protected":false},"excerpt":{"rendered":"<p>Benvolgudes i benvolguts, L&#8217;equip docent de l&#8217;escola Can Manent us vol donar la benvinguda a la setmana de Sant Jordi. Aquesta \u00e9s una festa que ens agrada i ens engresca especialment, aquest curs malauradament, totes i tots estem confinats i no podrem gaudir-la junts a l&#8217;escola, per\u00f2 no renunciarem a celebrar aquesta diada tan especial [&hellip;]<\/p>\n","protected":false},"author":6,"featured_media":5895,"comment_status":"open","ping_status":"closed","sticky":false,"template":"","format":"standard","meta":{"_bbp_topic_count":0,"_bbp_reply_count":0,"_bbp_total_topic_count":0,"_bbp_total_reply_count":0,"_bbp_voice_count":0,"_bbp_anonymous_reply_count":0,"_bbp_topic_count_hidden":0,"_bbp_reply_count_hidden":0,"_bbp_forum_subforum_count":0,"site-sidebar-layout":"default","site-content-layout":"","ast-site-content-layout":"","site-content-style":"default","site-sidebar-style":"default","ast-global-header-display":"","ast-banner-title-visibility":"","ast-main-header-display":"","ast-hfb-above-header-display":"","ast-hfb-below-header-display":"","ast-hfb-mobile-header-display":"","site-post-title":"","ast-breadcrumbs-content":"","ast-featured-img":"","footer-sml-layout":"","theme-transparent-header-meta":"","adv-header-id-meta":"","stick-header-meta":"","header-above-stick-meta":"","header-main-stick-meta":"","header-below-stick-meta":"","astra-migrate-meta-layouts":"default","ast-page-background-enabled":"default","ast-page-background-meta":{"desktop":{"background-color":"var(--ast-global-color-4)","background-image":"","background-repeat":"repeat","background-position":"center center","background-size":"auto","background-attachment":"scroll","background-type":"","background-media":"","overlay-type":"","overlay-color":"","overlay-opacity":"","overlay-gradient":""},"tablet":{"background-color":"","background-image":"","background-repeat":"repeat","background-position":"center center","background-size":"auto","background-attachment":"scroll","background-type":"","background-media":"","overlay-type":"","overlay-color":"","overlay-opacity":"","overlay-gradient":""},"mobile":{"background-color":"","background-image":"","background-repeat":"repeat","background-position":"center center","background-size":"auto","background-attachment":"scroll","background-type":"","background-media":"","overlay-type":"","overlay-color":"","overlay-opacity":"","overlay-gradient":""}},"ast-content-background-meta":{"desktop":{"background-color":"var(--ast-global-color-5)","background-image":"","background-repeat":"repeat","background-position":"center center","background-size":"auto","background-attachment":"scroll","background-type":"","background-media":"","overlay-type":"","overlay-color":"","overlay-opacity":"","overlay-gradient":""},"tablet":{"background-color":"var(--ast-global-color-5)","background-image":"","background-repeat":"repeat","background-position":"center center","background-size":"auto","background-attachment":"scroll","background-type":"","background-media":"","overlay-type":"","overlay-color":"","overlay-opacity":"","overlay-gradient":""},"mobile":{"background-color":"var(--ast-global-color-5)","background-image":"","background-repeat":"repeat","background-position":"center center","background-size":"auto","background-attachment":"scroll","background-type":"","background-media":"","overlay-type":"","overlay-color":"","overlay-opacity":"","overlay-gradient":""}},"footnotes":""},"categories":[10,26,12,13,14,15,82,81,54,1,3,8,9,4,201],"tags":[202],"class_list":["post-5829","post","type-post","status-publish","format-standard","has-post-thumbnail","hentry","category-1r","category-2n","category-3r","category-4t","category-5e","category-6e","category-grans","category-mitjans","category-petits","category-general","category-p3","category-p4","category-p5","category-portada","category-sant-jordi","tag-joemquedoacasa"],"post_mailing_queue_ids":[],"_links":{"self":[{"href":"https:\/\/agora.xtec.cat\/ceipcanmanent\/wp-json\/wp\/v2\/posts\/5829","targetHints":{"allow":["GET"]}}],"collection":[{"href":"https:\/\/agora.xtec.cat\/ceipcanmanent\/wp-json\/wp\/v2\/posts"}],"about":[{"href":"https:\/\/agora.xtec.cat\/ceipcanmanent\/wp-json\/wp\/v2\/types\/post"}],"author":[{"embeddable":true,"href":"https:\/\/agora.xtec.cat\/ceipcanmanent\/wp-json\/wp\/v2\/users\/6"}],"replies":[{"embeddable":true,"href":"https:\/\/agora.xtec.cat\/ceipcanmanent\/wp-json\/wp\/v2\/comments?post=5829"}],"version-history":[{"count":3,"href":"https:\/\/agora.xtec.cat\/ceipcanmanent\/wp-json\/wp\/v2\/posts\/5829\/revisions"}],"predecessor-version":[{"id":5961,"href":"https:\/\/agora.xtec.cat\/ceipcanmanent\/wp-json\/wp\/v2\/posts\/5829\/revisions\/5961"}],"wp:featuredmedia":[{"embeddable":true,"href":"https:\/\/agora.xtec.cat\/ceipcanmanent\/wp-json\/wp\/v2\/media\/5895"}],"wp:attachment":[{"href":"https:\/\/agora.xtec.cat\/ceipcanmanent\/wp-json\/wp\/v2\/media?parent=5829"}],"wp:term":[{"taxonomy":"category","embeddable":true,"href":"https:\/\/agora.xtec.cat\/ceipcanmanent\/wp-json\/wp\/v2\/categories?post=5829"},{"taxonomy":"post_tag","embeddable":true,"href":"https:\/\/agora.xtec.cat\/ceipcanmanent\/wp-json\/wp\/v2\/tags?post=5829"}],"curies":[{"name":"wp","href":"https:\/\/api.w.org\/{rel}","templated":true}]}}