{"id":5402,"date":"2020-03-21T22:29:17","date_gmt":"2020-03-21T21:29:17","guid":{"rendered":"https:\/\/agora.xtec.cat\/ceipcanmanent\/?p=5402"},"modified":"2020-03-22T00:09:19","modified_gmt":"2020-03-21T23:09:19","slug":"misery-moo-conte-narrat","status":"publish","type":"post","link":"https:\/\/agora.xtec.cat\/ceipcanmanent\/general\/misery-moo-conte-narrat\/","title":{"rendered":"MISERY MOO (conte narrat)"},"content":{"rendered":"<p>Em fa especial il\u00b7lusi\u00f3 comen\u00e7ar amb aquesta ronda de Contacontes! Espero que us agradin i que aquest sigui el primer de molts.<\/p>\n<p>Autora Jeanne Willis<br \/>\nIl\u00b7lustrador Tony Ross<br \/>\nM\u00fasica Alexandra Str\u00e9liski &#8211; Plus t\u00f4t; Changing Winds<\/p>\n<p><strong>Treball previ:<\/strong><br \/>\n&#8211; Quin creus que \u00e9s l&#8217;argument de la hist\u00f2ria?<br \/>\n&#8211; Qu\u00e8 li deu passar al personatge de la portada?<br \/>\n&#8211; Pots llegir el nom del t\u00edtol? Qu\u00e8 creus que significa?<\/p>\n<p><iframe loading=\"lazy\" src=\"https:\/\/www.youtube.com\/embed\/3mnFVo3HRFI\" width=\"560\" height=\"315\" frameborder=\"0\"><\/iframe><\/p>\n<p><strong>Una vegada el conte ha estat explicat, llegeix les preguntes i fes mem\u00f2ria. Si no ho recordes, pots tornar a veure el v\u00eddeo. Fixa-t&#8217;hi b\u00e9!<\/strong><\/p>\n<p>&#8211; Recordes a quin joc jugaven les vaques a la festa d&#8217;aniversari de Misery Moo?<br \/>\n&#8211; Per qu\u00e8 a la vaca no li agrada el Nadal?<br \/>\n&#8211; Quan l&#8217;ovelleta est\u00e0 fent mitja, qu\u00e8 \u00e9s el que est\u00e0 cosint?<br \/>\n&#8211; Al final de la hist\u00f2ria, la vaca canvia d&#8217;actitud. Per qu\u00e8?<br \/>\nCreus que ha apr\u00e8s alguna cosa?<\/p>\n<p><strong>Elements per buscar al conte:<\/strong> una vaca escombrant, sis cabdells de llana, una corona, unes ulleres de sol, una tassa de caf\u00e8, quatre \u00e0necs nedant.<\/p>\n","protected":false},"excerpt":{"rendered":"<p>Em fa especial il\u00b7lusi\u00f3 comen\u00e7ar amb aquesta ronda de Contacontes! Espero que us agradin i que aquest sigui el primer de molts. Autora Jeanne Willis Il\u00b7lustrador Tony Ross M\u00fasica Alexandra Str\u00e9liski &#8211; Plus t\u00f4t; Changing Winds Treball previ: &#8211; Quin creus que \u00e9s l&#8217;argument de la hist\u00f2ria? &#8211; Qu\u00e8 li deu passar al personatge de [&hellip;]<\/p>\n","protected":false},"author":6,"featured_media":5405,"comment_status":"open","ping_status":"closed","sticky":false,"template":"","format":"standard","meta":{"_bbp_topic_count":0,"_bbp_reply_count":0,"_bbp_total_topic_count":0,"_bbp_total_reply_count":0,"_bbp_voice_count":0,"_bbp_anonymous_reply_count":0,"_bbp_topic_count_hidden":0,"_bbp_reply_count_hidden":0,"_bbp_forum_subforum_count":0,"site-sidebar-layout":"default","site-content-layout":"","ast-site-content-layout":"","site-content-style":"default","site-sidebar-style":"default","ast-global-header-display":"","ast-banner-title-visibility":"","ast-main-header-display":"","ast-hfb-above-header-display":"","ast-hfb-below-header-display":"","ast-hfb-mobile-header-display":"","site-post-title":"","ast-breadcrumbs-content":"","ast-featured-img":"","footer-sml-layout":"","theme-transparent-header-meta":"","adv-header-id-meta":"","stick-header-meta":"","header-above-stick-meta":"","header-main-stick-meta":"","header-below-stick-meta":"","astra-migrate-meta-layouts":"default","ast-page-background-enabled":"default","ast-page-background-meta":{"desktop":{"background-color":"var(--ast-global-color-4)","background-image":"","background-repeat":"repeat","background-position":"center center","background-size":"auto","background-attachment":"scroll","background-type":"","background-media":"","overlay-type":"","overlay-color":"","overlay-opacity":"","overlay-gradient":""},"tablet":{"background-color":"","background-image":"","background-repeat":"repeat","background-position":"center center","background-size":"auto","background-attachment":"scroll","background-type":"","background-media":"","overlay-type":"","overlay-color":"","overlay-opacity":"","overlay-gradient":""},"mobile":{"background-color":"","background-image":"","background-repeat":"repeat","background-position":"center center","background-size":"auto","background-attachment":"scroll","background-type":"","background-media":"","overlay-type":"","overlay-color":"","overlay-opacity":"","overlay-gradient":""}},"ast-content-background-meta":{"desktop":{"background-color":"var(--ast-global-color-5)","background-image":"","background-repeat":"repeat","background-position":"center center","background-size":"auto","background-attachment":"scroll","background-type":"","background-media":"","overlay-type":"","overlay-color":"","overlay-opacity":"","overlay-gradient":""},"tablet":{"background-color":"var(--ast-global-color-5)","background-image":"","background-repeat":"repeat","background-position":"center center","background-size":"auto","background-attachment":"scroll","background-type":"","background-media":"","overlay-type":"","overlay-color":"","overlay-opacity":"","overlay-gradient":""},"mobile":{"background-color":"var(--ast-global-color-5)","background-image":"","background-repeat":"repeat","background-position":"center center","background-size":"auto","background-attachment":"scroll","background-type":"","background-media":"","overlay-type":"","overlay-color":"","overlay-opacity":"","overlay-gradient":""}},"footnotes":""},"categories":[54,117,1,3,8,9,4],"tags":[186,187,193,110,194],"class_list":["post-5402","post","type-post","status-publish","format-standard","has-post-thumbnail","hentry","category-petits","category-english","category-general","category-p3","category-p4","category-p5","category-portada","tag-2-019-2-020","tag-comunitat-de-petits","tag-contes","tag-infantil","tag-jo-em-quedo-a-casa"],"post_mailing_queue_ids":[],"_links":{"self":[{"href":"https:\/\/agora.xtec.cat\/ceipcanmanent\/wp-json\/wp\/v2\/posts\/5402","targetHints":{"allow":["GET"]}}],"collection":[{"href":"https:\/\/agora.xtec.cat\/ceipcanmanent\/wp-json\/wp\/v2\/posts"}],"about":[{"href":"https:\/\/agora.xtec.cat\/ceipcanmanent\/wp-json\/wp\/v2\/types\/post"}],"author":[{"embeddable":true,"href":"https:\/\/agora.xtec.cat\/ceipcanmanent\/wp-json\/wp\/v2\/users\/6"}],"replies":[{"embeddable":true,"href":"https:\/\/agora.xtec.cat\/ceipcanmanent\/wp-json\/wp\/v2\/comments?post=5402"}],"version-history":[{"count":4,"href":"https:\/\/agora.xtec.cat\/ceipcanmanent\/wp-json\/wp\/v2\/posts\/5402\/revisions"}],"predecessor-version":[{"id":5411,"href":"https:\/\/agora.xtec.cat\/ceipcanmanent\/wp-json\/wp\/v2\/posts\/5402\/revisions\/5411"}],"wp:featuredmedia":[{"embeddable":true,"href":"https:\/\/agora.xtec.cat\/ceipcanmanent\/wp-json\/wp\/v2\/media\/5405"}],"wp:attachment":[{"href":"https:\/\/agora.xtec.cat\/ceipcanmanent\/wp-json\/wp\/v2\/media?parent=5402"}],"wp:term":[{"taxonomy":"category","embeddable":true,"href":"https:\/\/agora.xtec.cat\/ceipcanmanent\/wp-json\/wp\/v2\/categories?post=5402"},{"taxonomy":"post_tag","embeddable":true,"href":"https:\/\/agora.xtec.cat\/ceipcanmanent\/wp-json\/wp\/v2\/tags?post=5402"}],"curies":[{"name":"wp","href":"https:\/\/api.w.org\/{rel}","templated":true}]}}