{"id":5169,"date":"2020-04-05T10:25:23","date_gmt":"2020-04-05T08:25:23","guid":{"rendered":"https:\/\/agora.xtec.cat\/ceipcanmanent\/?p=5169"},"modified":"2020-04-05T10:29:26","modified_gmt":"2020-04-05T08:29:26","slug":"raco-de-la-cantania-virtul","status":"publish","type":"post","link":"https:\/\/agora.xtec.cat\/ceipcanmanent\/general\/raco-de-la-cantania-virtul\/","title":{"rendered":"Rac\u00f3 de la Cant\u00e0nia: VIRTU@L"},"content":{"rendered":"<p style=\"text-align: left;\"><strong>Benvolgudes i benvolguts, finalment han quedat suspesos tots els concerts de la Cant\u00e0nia d&#8217;aquest any. Heu treballat molt i amb il\u00b7lusi\u00f3 per fer el muntatge de Virtu@l, i totes i tots teniem moltes ganes de poder fer el concert i gaudir d&#8217;aquesta experi\u00e8ncia. Aix\u00ed i tot, us penjar\u00e9 aqu\u00ed la part que ens quedava per completar l&#8217;obra, amb l&#8217;esperan\u00e7a de poder fer alguna cosa juntes quan tornem.<\/strong><\/p>\n<p><strong>Una abra\u00e7ada ben gran, i endavant!<\/strong><\/p>\n<p>&nbsp;<\/p>\n<p style=\"text-align: left;\">Seguiu el seg\u00fcent esquema de treball:<\/p>\n<ol style=\"text-align: left;\">\n<li>Llegeix en veu alta m\u00e9s d\u2019una vegada i subratlla al teu llibret les intervencions de \u201cCor\u201d i \u201cCor 3\u201d de la can\u00e7\u00f3 que correspon.<\/li>\n<li>Escolta la can\u00e7\u00f3 completa mentre la llegeixes. Recorda que \u00e9s MOLT IMPORTANT L\u2019ESCOLTA: no cantis quan escoltis la can\u00e7\u00f3 les primeres vegades.<\/li>\n<li>Canta escoltant i seguint el llibret alhora. Tamb\u00e9 pots seguir el v\u00eddeo amb lletra i dibuixos \u201cCant\u00e0nia 2020: VIRTU@L\u201d que enlla\u00e7ar\u00e9 cada setmana.<\/li>\n<li>Quan pensis que pots afegir-li la coreografia (preferiblement quan portis un parell de dies estudiant la can\u00e7\u00f3) estudia amb el v\u00eddeo de coreografia que tindr\u00e0s disponible cada setmana amb la can\u00e7\u00f3.<\/li>\n<li>Rep\u00e0s de les can\u00e7ons: dedica cada setmana, quan hagis apr\u00e8s la nova can\u00e7\u00f3, un temps a repassar totes les can\u00e7ons anteriors. Tens un espai que recull tots els videos anteriors.<\/li>\n<\/ol>\n<p style=\"text-align: center;\"><strong>MOLTS \u00c0NIMS!! SEGUR QUE GAUDIREM MOLT JUNTES I JUNTS A L\u2019AULA DE M\u00daSICA QUAN ENS RETROBEM.<\/strong><\/p>\n<p style=\"text-align: center;\">COMENCEM!!<\/p>\n<p><strong>\u00a0\u00a0\u00a0\u00a0\u00a0\u00a0\u00a0\u00a0\u00a0\u00a0\u00a0\u00a0\u00a0\u00a0 AQUESTA SETMANA TOCA&#8230;<\/strong><\/p>\n<p style=\"text-align: center;\"><em><strong>&#8221; 10. ADEU &#8220;<\/strong><\/em><\/p>\n<p style=\"text-align: center;\">V\u00cdDEO AMB M\u00daSICA, LLETRA I VEUS<\/p>\n<div class=\"ast-oembed-container \" style=\"height: 100%;\"><iframe loading=\"lazy\" title=\"10. ADEU. Cant\u00e0nia 2020. Virtu@l\" width=\"500\" height=\"281\" src=\"https:\/\/www.youtube.com\/embed\/2652nPIK5N4?feature=oembed\" frameborder=\"0\" allow=\"accelerometer; autoplay; clipboard-write; encrypted-media; gyroscope; picture-in-picture; web-share\" referrerpolicy=\"strict-origin-when-cross-origin\" allowfullscreen><\/iframe><\/div>\n<p>&nbsp;<\/p>\n<p>&nbsp;<\/p>\n<p style=\"text-align: center;\">V\u00cdDEO INSTRUMENTAL PER FER KARAOKE<\/p>\n<div class=\"ast-oembed-container \" style=\"height: 100%;\"><iframe loading=\"lazy\" title=\"10 ADEU. INSTRUMENTAL.CANT\u00c0NIA 2020. VIRTU@L.\" width=\"500\" height=\"281\" src=\"https:\/\/www.youtube.com\/embed\/viF9TOC6VVo?feature=oembed\" frameborder=\"0\" allow=\"accelerometer; autoplay; clipboard-write; encrypted-media; gyroscope; picture-in-picture; web-share\" referrerpolicy=\"strict-origin-when-cross-origin\" allowfullscreen><\/iframe><\/div>\n<p>&nbsp;<\/p>\n<p>&nbsp;<\/p>\n<p style=\"text-align: center;\">V\u00cdDEO AMB COREOGRAFIA<em><strong><br \/>\n<\/strong><\/em><\/p>\n<div class=\"ast-oembed-container \" style=\"height: 100%;\"><iframe loading=\"lazy\" title=\"CA 10   Adeu\" width=\"500\" height=\"281\" src=\"https:\/\/www.youtube.com\/embed\/R9VstV3EPSo?feature=oembed\" frameborder=\"0\" allow=\"accelerometer; autoplay; clipboard-write; encrypted-media; gyroscope; picture-in-picture; web-share\" referrerpolicy=\"strict-origin-when-cross-origin\" allowfullscreen><\/iframe><\/div>\n<p>&nbsp;<\/p>\n<p>&nbsp;<\/p>\n<p>&nbsp;<\/p>\n<p style=\"text-align: center;\"><strong>V\u00cdDEOS I M\u00daSICA DE TOTES LES CAN\u00c7ONS <\/strong><\/p>\n<p style=\"text-align: center;\"><em><strong>Trobar\u00e0s tota la llista de reproducci\u00f3 punxant a la icona de &#8220;youtube&#8221; que tens a la part baixa d&#8217;aquest v\u00eddeo.<\/strong><\/em><\/p>\n<div class=\"ast-oembed-container \" style=\"height: 100%;\"><iframe loading=\"lazy\" title=\"CANT\u00c0NIA 2020: VIRTUAL. 07 La M\u00fasica\" width=\"500\" height=\"281\" src=\"https:\/\/www.youtube.com\/embed\/omGWmepCyek?list=PLtlmtT5fn4zGNlpMWU78yC7elLV5CDk6N\" frameborder=\"0\" allow=\"accelerometer; autoplay; clipboard-write; encrypted-media; gyroscope; picture-in-picture; web-share\" referrerpolicy=\"strict-origin-when-cross-origin\" allowfullscreen><\/iframe><\/div>\n<p>&nbsp;<\/p>\n<p>&nbsp;<\/p>\n<p style=\"text-align: center;\"><strong>V\u00cdDEOS DE TOTES LES COREOGRAFIES<\/strong><\/p>\n<p style=\"text-align: center;\"><em><strong>Trobar\u00e0s tota la llista de reproducci\u00f3 punxant a la icona de &#8220;youtube&#8221; que tens a la part baixa d&#8217;aquest v\u00eddeo.<\/strong><\/em><\/p>\n<div class=\"ast-oembed-container \" style=\"height: 100%;\"><iframe loading=\"lazy\" title=\"Cant\u00e0nia 2020 Virtual 2: &#039;El m\u00f3n digital&#039; [CAT]\" width=\"500\" height=\"281\" src=\"https:\/\/www.youtube.com\/embed\/o-0yo9180jc?list=PLm93fkbbQI-djV6eTRGXzrTXuij3mahHX\" frameborder=\"0\" allow=\"accelerometer; autoplay; clipboard-write; encrypted-media; gyroscope; picture-in-picture; web-share\" referrerpolicy=\"strict-origin-when-cross-origin\" allowfullscreen><\/iframe><\/div>\n<p>&nbsp;<\/p>\n<p>&nbsp;<\/p>\n<p>&nbsp;<\/p>\n<p>&nbsp;<\/p>\n<p>&nbsp;<\/p>\n<p>&nbsp;<\/p>\n","protected":false},"excerpt":{"rendered":"<p>Benvolgudes i benvolguts, finalment han quedat suspesos tots els concerts de la Cant\u00e0nia d&#8217;aquest any. Heu treballat molt i amb il\u00b7lusi\u00f3 per fer el muntatge de Virtu@l, i totes i tots teniem moltes ganes de poder fer el concert i gaudir d&#8217;aquesta experi\u00e8ncia. Aix\u00ed i tot, us penjar\u00e9 aqu\u00ed la part que ens quedava per [&hellip;]<\/p>\n","protected":false},"author":11,"featured_media":5172,"comment_status":"open","ping_status":"closed","sticky":false,"template":"","format":"standard","meta":{"_bbp_topic_count":0,"_bbp_reply_count":0,"_bbp_total_topic_count":0,"_bbp_total_reply_count":0,"_bbp_voice_count":0,"_bbp_anonymous_reply_count":0,"_bbp_topic_count_hidden":0,"_bbp_reply_count_hidden":0,"_bbp_forum_subforum_count":0,"site-sidebar-layout":"default","site-content-layout":"","ast-site-content-layout":"","site-content-style":"default","site-sidebar-style":"default","ast-global-header-display":"","ast-banner-title-visibility":"","ast-main-header-display":"","ast-hfb-above-header-display":"","ast-hfb-below-header-display":"","ast-hfb-mobile-header-display":"","site-post-title":"","ast-breadcrumbs-content":"","ast-featured-img":"","footer-sml-layout":"","theme-transparent-header-meta":"","adv-header-id-meta":"","stick-header-meta":"","header-above-stick-meta":"","header-main-stick-meta":"","header-below-stick-meta":"","astra-migrate-meta-layouts":"default","ast-page-background-enabled":"default","ast-page-background-meta":{"desktop":{"background-color":"var(--ast-global-color-4)","background-image":"","background-repeat":"repeat","background-position":"center center","background-size":"auto","background-attachment":"scroll","background-type":"","background-media":"","overlay-type":"","overlay-color":"","overlay-opacity":"","overlay-gradient":""},"tablet":{"background-color":"","background-image":"","background-repeat":"repeat","background-position":"center center","background-size":"auto","background-attachment":"scroll","background-type":"","background-media":"","overlay-type":"","overlay-color":"","overlay-opacity":"","overlay-gradient":""},"mobile":{"background-color":"","background-image":"","background-repeat":"repeat","background-position":"center center","background-size":"auto","background-attachment":"scroll","background-type":"","background-media":"","overlay-type":"","overlay-color":"","overlay-opacity":"","overlay-gradient":""}},"ast-content-background-meta":{"desktop":{"background-color":"var(--ast-global-color-5)","background-image":"","background-repeat":"repeat","background-position":"center center","background-size":"auto","background-attachment":"scroll","background-type":"","background-media":"","overlay-type":"","overlay-color":"","overlay-opacity":"","overlay-gradient":""},"tablet":{"background-color":"var(--ast-global-color-5)","background-image":"","background-repeat":"repeat","background-position":"center center","background-size":"auto","background-attachment":"scroll","background-type":"","background-media":"","overlay-type":"","overlay-color":"","overlay-opacity":"","overlay-gradient":""},"mobile":{"background-color":"var(--ast-global-color-5)","background-image":"","background-repeat":"repeat","background-position":"center center","background-size":"auto","background-attachment":"scroll","background-type":"","background-media":"","overlay-type":"","overlay-color":"","overlay-opacity":"","overlay-gradient":""}},"footnotes":""},"categories":[14,122,82,1],"tags":[],"class_list":["post-5169","post","type-post","status-publish","format-standard","has-post-thumbnail","hentry","category-5e","category-cantania-2020","category-grans","category-general"],"post_mailing_queue_ids":[],"_links":{"self":[{"href":"https:\/\/agora.xtec.cat\/ceipcanmanent\/wp-json\/wp\/v2\/posts\/5169","targetHints":{"allow":["GET"]}}],"collection":[{"href":"https:\/\/agora.xtec.cat\/ceipcanmanent\/wp-json\/wp\/v2\/posts"}],"about":[{"href":"https:\/\/agora.xtec.cat\/ceipcanmanent\/wp-json\/wp\/v2\/types\/post"}],"author":[{"embeddable":true,"href":"https:\/\/agora.xtec.cat\/ceipcanmanent\/wp-json\/wp\/v2\/users\/11"}],"replies":[{"embeddable":true,"href":"https:\/\/agora.xtec.cat\/ceipcanmanent\/wp-json\/wp\/v2\/comments?post=5169"}],"version-history":[{"count":3,"href":"https:\/\/agora.xtec.cat\/ceipcanmanent\/wp-json\/wp\/v2\/posts\/5169\/revisions"}],"predecessor-version":[{"id":5574,"href":"https:\/\/agora.xtec.cat\/ceipcanmanent\/wp-json\/wp\/v2\/posts\/5169\/revisions\/5574"}],"wp:featuredmedia":[{"embeddable":true,"href":"https:\/\/agora.xtec.cat\/ceipcanmanent\/wp-json\/wp\/v2\/media\/5172"}],"wp:attachment":[{"href":"https:\/\/agora.xtec.cat\/ceipcanmanent\/wp-json\/wp\/v2\/media?parent=5169"}],"wp:term":[{"taxonomy":"category","embeddable":true,"href":"https:\/\/agora.xtec.cat\/ceipcanmanent\/wp-json\/wp\/v2\/categories?post=5169"},{"taxonomy":"post_tag","embeddable":true,"href":"https:\/\/agora.xtec.cat\/ceipcanmanent\/wp-json\/wp\/v2\/tags?post=5169"}],"curies":[{"name":"wp","href":"https:\/\/api.w.org\/{rel}","templated":true}]}}