{"id":4507,"date":"2019-10-24T08:40:59","date_gmt":"2019-10-24T06:40:59","guid":{"rendered":"http:\/\/agora.xtec.cat\/ceipcanmanent\/?p=4507"},"modified":"2019-10-24T08:43:41","modified_gmt":"2019-10-24T06:43:41","slug":"hola-persona","status":"publish","type":"post","link":"https:\/\/agora.xtec.cat\/ceipcanmanent\/general\/hola-persona\/","title":{"rendered":"-Hola persona!-"},"content":{"rendered":"<p>Hi ha alumnes a l\u2019escola que estan preocupades i preocupats perqu\u00e8, a vegades, les confonen de g\u00e8nere quan es dirigeixen a elles o ells. Els diuen \u2013hola nen- quan s\u00f3n nenes o \u2013hola nena- quan s\u00f3n nens. Elles i ells preferirien que nom\u00e9s els diguessin \u2013hola-, sense cap afegit o <strong>\u2013hola persona-,<\/strong> ja que el g\u00e8nere per elles no \u00e9s important.<\/p>\n<p>Fent una reflexi\u00f3 conjunta han explicat que creuen que \u00e9s a causa dels estereotips de g\u00e8nere, ja que la nena porta els cabells curts i el nen els porta llargs. A m\u00e9s, entre totes i tots hem parlat de colors de la roba, de la tipologia de roba, de les arracades, dels anells, entre altres.<\/p>\n<p>A partir d\u2019aqu\u00ed, han pensat que seria bo que aquesta reflexi\u00f3 la poguessin fer totes i tots els alumnes de l\u2019escola. Per fer-ho han decidit passar per totes les classes amb la pregunta \u201csoc una nena o un nen?\u201d, esperar en silenci i escoltar les respostes i reflexions que feien. Un cop el grup classe acabi dir les respostes, giraran el cartell i apareixer\u00e0 el missatge \u201csoc una persona\u201d. Gr\u00e0cies a aquest \u00faltim missatge podran fer reflexions molt interessants a les classe i, a m\u00e9s, podran compartir experi\u00e8ncies personals.<\/p>\n<p style=\"text-align: center\"><a href=\"https:\/\/agora.xtec.cat\/ceipcanmanent\/wp-content\/uploads\/usu153\/2019\/10\/IMG-4977.jpg\">\u00a0 <img loading=\"lazy\" decoding=\"async\" class=\"alignnone wp-image-4510\" src=\"https:\/\/agora.xtec.cat\/ceipcanmanent\/wp-content\/uploads\/usu153\/2019\/10\/IMG-4977-1024x768.jpg\" alt=\"\" width=\"344\" height=\"258\" srcset=\"https:\/\/agora.xtec.cat\/ceipcanmanent\/wp-content\/uploads\/usu153\/2019\/10\/IMG-4977-1024x768.jpg 1024w, https:\/\/agora.xtec.cat\/ceipcanmanent\/wp-content\/uploads\/usu153\/2019\/10\/IMG-4977-300x225.jpg 300w, https:\/\/agora.xtec.cat\/ceipcanmanent\/wp-content\/uploads\/usu153\/2019\/10\/IMG-4977-768x576.jpg 768w, https:\/\/agora.xtec.cat\/ceipcanmanent\/wp-content\/uploads\/usu153\/2019\/10\/IMG-4977-200x150.jpg 200w\" sizes=\"auto, (max-width: 344px) 100vw, 344px\" \/> <\/a><a href=\"https:\/\/agora.xtec.cat\/ceipcanmanent\/wp-content\/uploads\/usu153\/2019\/10\/IMG-4973-e1570698478432.jpg\"><img loading=\"lazy\" decoding=\"async\" class=\"alignnone wp-image-4509 \" src=\"https:\/\/agora.xtec.cat\/ceipcanmanent\/wp-content\/uploads\/usu153\/2019\/10\/IMG-4973-e1570698478432-1024x1021.jpg\" alt=\"\" width=\"259\" height=\"258\" srcset=\"https:\/\/agora.xtec.cat\/ceipcanmanent\/wp-content\/uploads\/usu153\/2019\/10\/IMG-4973-e1570698478432-1024x1021.jpg 1024w, https:\/\/agora.xtec.cat\/ceipcanmanent\/wp-content\/uploads\/usu153\/2019\/10\/IMG-4973-e1570698478432-150x150.jpg 150w, https:\/\/agora.xtec.cat\/ceipcanmanent\/wp-content\/uploads\/usu153\/2019\/10\/IMG-4973-e1570698478432-300x300.jpg 300w, https:\/\/agora.xtec.cat\/ceipcanmanent\/wp-content\/uploads\/usu153\/2019\/10\/IMG-4973-e1570698478432-768x765.jpg 768w\" sizes=\"auto, (max-width: 259px) 100vw, 259px\" \/><\/a><\/p>\n<p style=\"text-align: center\"><a href=\"https:\/\/agora.xtec.cat\/ceipcanmanent\/wp-content\/uploads\/usu153\/2019\/10\/IMG-4979.jpg\"><img loading=\"lazy\" decoding=\"async\" class=\"alignnone wp-image-4511\" src=\"https:\/\/agora.xtec.cat\/ceipcanmanent\/wp-content\/uploads\/usu153\/2019\/10\/IMG-4979-1024x768.jpg\" alt=\"\" width=\"384\" height=\"288\" srcset=\"https:\/\/agora.xtec.cat\/ceipcanmanent\/wp-content\/uploads\/usu153\/2019\/10\/IMG-4979-1024x768.jpg 1024w, https:\/\/agora.xtec.cat\/ceipcanmanent\/wp-content\/uploads\/usu153\/2019\/10\/IMG-4979-300x225.jpg 300w, https:\/\/agora.xtec.cat\/ceipcanmanent\/wp-content\/uploads\/usu153\/2019\/10\/IMG-4979-768x576.jpg 768w, https:\/\/agora.xtec.cat\/ceipcanmanent\/wp-content\/uploads\/usu153\/2019\/10\/IMG-4979-200x150.jpg 200w\" sizes=\"auto, (max-width: 384px) 100vw, 384px\" \/><\/a> \u00a0 \u00a0<a href=\"https:\/\/agora.xtec.cat\/ceipcanmanent\/wp-content\/uploads\/usu153\/2019\/10\/IMG-4980.jpg\"><img loading=\"lazy\" decoding=\"async\" class=\"alignnone wp-image-4512\" src=\"https:\/\/agora.xtec.cat\/ceipcanmanent\/wp-content\/uploads\/usu153\/2019\/10\/IMG-4980-1024x768.jpg\" alt=\"\" width=\"384\" height=\"288\" srcset=\"https:\/\/agora.xtec.cat\/ceipcanmanent\/wp-content\/uploads\/usu153\/2019\/10\/IMG-4980-1024x768.jpg 1024w, https:\/\/agora.xtec.cat\/ceipcanmanent\/wp-content\/uploads\/usu153\/2019\/10\/IMG-4980-300x225.jpg 300w, https:\/\/agora.xtec.cat\/ceipcanmanent\/wp-content\/uploads\/usu153\/2019\/10\/IMG-4980-768x576.jpg 768w, https:\/\/agora.xtec.cat\/ceipcanmanent\/wp-content\/uploads\/usu153\/2019\/10\/IMG-4980-200x150.jpg 200w\" sizes=\"auto, (max-width: 384px) 100vw, 384px\" \/><\/a><\/p>\n<p>Ha sigut una experi\u00e8ncia de reflexi\u00f3 molt positiva a l\u2019escola!<\/p>\n<p><a href=\"https:\/\/agora.xtec.cat\/ceipcanmanent\/wp-content\/uploads\/usu153\/2019\/10\/IMG-4731.jpg\"><img loading=\"lazy\" decoding=\"async\" class=\"alignnone wp-image-4508\" src=\"https:\/\/agora.xtec.cat\/ceipcanmanent\/wp-content\/uploads\/usu153\/2019\/10\/IMG-4731-1024x820.jpg\" alt=\"\" width=\"435\" height=\"348\" srcset=\"https:\/\/agora.xtec.cat\/ceipcanmanent\/wp-content\/uploads\/usu153\/2019\/10\/IMG-4731-1024x820.jpg 1024w, https:\/\/agora.xtec.cat\/ceipcanmanent\/wp-content\/uploads\/usu153\/2019\/10\/IMG-4731-300x240.jpg 300w, https:\/\/agora.xtec.cat\/ceipcanmanent\/wp-content\/uploads\/usu153\/2019\/10\/IMG-4731-768x615.jpg 768w\" sizes=\"auto, (max-width: 435px) 100vw, 435px\" \/><\/a><\/p>\n","protected":false},"excerpt":{"rendered":"<p>Hi ha alumnes a l\u2019escola que estan preocupades i preocupats perqu\u00e8, a vegades, les confonen de g\u00e8nere quan es dirigeixen a elles o ells. Els diuen \u2013hola nen- quan s\u00f3n nenes o \u2013hola nena- quan s\u00f3n nens. Elles i ells preferirien que nom\u00e9s els diguessin \u2013hola-, sense cap afegit o \u2013hola persona-, ja que el [&hellip;]<\/p>\n","protected":false},"author":7,"featured_media":4509,"comment_status":"open","ping_status":"closed","sticky":false,"template":"","format":"standard","meta":{"_bbp_topic_count":0,"_bbp_reply_count":0,"_bbp_total_topic_count":0,"_bbp_total_reply_count":0,"_bbp_voice_count":0,"_bbp_anonymous_reply_count":0,"_bbp_topic_count_hidden":0,"_bbp_reply_count_hidden":0,"_bbp_forum_subforum_count":0,"site-sidebar-layout":"default","site-content-layout":"","ast-site-content-layout":"","site-content-style":"default","site-sidebar-style":"default","ast-global-header-display":"","ast-banner-title-visibility":"","ast-main-header-display":"","ast-hfb-above-header-display":"","ast-hfb-below-header-display":"","ast-hfb-mobile-header-display":"","site-post-title":"","ast-breadcrumbs-content":"","ast-featured-img":"","footer-sml-layout":"","theme-transparent-header-meta":"","adv-header-id-meta":"","stick-header-meta":"","header-above-stick-meta":"","header-main-stick-meta":"","header-below-stick-meta":"","astra-migrate-meta-layouts":"default","ast-page-background-enabled":"default","ast-page-background-meta":{"desktop":{"background-color":"var(--ast-global-color-4)","background-image":"","background-repeat":"repeat","background-position":"center center","background-size":"auto","background-attachment":"scroll","background-type":"","background-media":"","overlay-type":"","overlay-color":"","overlay-opacity":"","overlay-gradient":""},"tablet":{"background-color":"","background-image":"","background-repeat":"repeat","background-position":"center center","background-size":"auto","background-attachment":"scroll","background-type":"","background-media":"","overlay-type":"","overlay-color":"","overlay-opacity":"","overlay-gradient":""},"mobile":{"background-color":"","background-image":"","background-repeat":"repeat","background-position":"center center","background-size":"auto","background-attachment":"scroll","background-type":"","background-media":"","overlay-type":"","overlay-color":"","overlay-opacity":"","overlay-gradient":""}},"ast-content-background-meta":{"desktop":{"background-color":"var(--ast-global-color-5)","background-image":"","background-repeat":"repeat","background-position":"center center","background-size":"auto","background-attachment":"scroll","background-type":"","background-media":"","overlay-type":"","overlay-color":"","overlay-opacity":"","overlay-gradient":""},"tablet":{"background-color":"var(--ast-global-color-5)","background-image":"","background-repeat":"repeat","background-position":"center center","background-size":"auto","background-attachment":"scroll","background-type":"","background-media":"","overlay-type":"","overlay-color":"","overlay-opacity":"","overlay-gradient":""},"mobile":{"background-color":"var(--ast-global-color-5)","background-image":"","background-repeat":"repeat","background-position":"center center","background-size":"auto","background-attachment":"scroll","background-type":"","background-media":"","overlay-type":"","overlay-color":"","overlay-opacity":"","overlay-gradient":""}},"footnotes":""},"categories":[1,4],"tags":[186,188,58],"class_list":["post-4507","post","type-post","status-publish","format-standard","has-post-thumbnail","hentry","category-general","category-portada","tag-2-019-2-020","tag-coeducacio","tag-escola"],"post_mailing_queue_ids":[],"_links":{"self":[{"href":"https:\/\/agora.xtec.cat\/ceipcanmanent\/wp-json\/wp\/v2\/posts\/4507","targetHints":{"allow":["GET"]}}],"collection":[{"href":"https:\/\/agora.xtec.cat\/ceipcanmanent\/wp-json\/wp\/v2\/posts"}],"about":[{"href":"https:\/\/agora.xtec.cat\/ceipcanmanent\/wp-json\/wp\/v2\/types\/post"}],"author":[{"embeddable":true,"href":"https:\/\/agora.xtec.cat\/ceipcanmanent\/wp-json\/wp\/v2\/users\/7"}],"replies":[{"embeddable":true,"href":"https:\/\/agora.xtec.cat\/ceipcanmanent\/wp-json\/wp\/v2\/comments?post=4507"}],"version-history":[{"count":4,"href":"https:\/\/agora.xtec.cat\/ceipcanmanent\/wp-json\/wp\/v2\/posts\/4507\/revisions"}],"predecessor-version":[{"id":9896,"href":"https:\/\/agora.xtec.cat\/ceipcanmanent\/wp-json\/wp\/v2\/posts\/4507\/revisions\/9896"}],"wp:featuredmedia":[{"embeddable":true,"href":"https:\/\/agora.xtec.cat\/ceipcanmanent\/wp-json\/wp\/v2\/media\/4509"}],"wp:attachment":[{"href":"https:\/\/agora.xtec.cat\/ceipcanmanent\/wp-json\/wp\/v2\/media?parent=4507"}],"wp:term":[{"taxonomy":"category","embeddable":true,"href":"https:\/\/agora.xtec.cat\/ceipcanmanent\/wp-json\/wp\/v2\/categories?post=4507"},{"taxonomy":"post_tag","embeddable":true,"href":"https:\/\/agora.xtec.cat\/ceipcanmanent\/wp-json\/wp\/v2\/tags?post=4507"}],"curies":[{"name":"wp","href":"https:\/\/api.w.org\/{rel}","templated":true}]}}