{"id":4354,"date":"2019-09-06T11:11:04","date_gmt":"2019-09-06T09:11:04","guid":{"rendered":"http:\/\/agora.xtec.cat\/ceipcanmanent\/?p=4354"},"modified":"2019-09-12T12:05:17","modified_gmt":"2019-09-12T10:05:17","slug":"estem-preparats-per-iniciar-un-nou-curs","status":"publish","type":"post","link":"https:\/\/agora.xtec.cat\/ceipcanmanent\/general\/estem-preparats-per-iniciar-un-nou-curs\/","title":{"rendered":"Estem preparats per iniciar un nou curs"},"content":{"rendered":"<p>Els i les mestres de l&#8217;escola Can Manent ja estem preparant l&#8217;entrada al nou curs amb moltes ganes de retrobar-nos amb tots els infants. Us fem coneixedors\/es dels mestres que enguany acompanyaran als vostres infants.<\/p>\n<table style=\"width: 746px; height: 625px;\">\n<tbody>\n<tr style=\"height: 31px;\">\n<td style=\"width: 120px; text-align: center; height: 31px;\"><\/td>\n<td style=\"width: 172.8px; text-align: center; height: 31px;\">A<\/td>\n<td style=\"width: 215.2px; text-align: center; height: 31px;\">B<\/td>\n<td style=\"width: 228px; text-align: center; height: 31px;\">C<\/td>\n<\/tr>\n<tr style=\"height: 31px;\">\n<td style=\"width: 120px; text-align: center; height: 31px;\">P3<\/td>\n<td style=\"width: 172.8px; text-align: center; height: 31px;\"><span style=\"font-weight: 400;\">Merc\u00e8 Oll\u00e9<\/span><\/td>\n<td style=\"width: 215.2px; text-align: center; height: 31px;\"><span style=\"font-weight: 400;\">S\u00edlvia Gim\u00e9nez<\/span><\/td>\n<td style=\"width: 228px; text-align: center; height: 31px;\"><span style=\"font-weight: 400;\">\u00a0<\/span><\/td>\n<\/tr>\n<tr style=\"height: 31px;\">\n<td style=\"width: 120px; text-align: center; height: 31px;\">P4<\/td>\n<td style=\"width: 172.8px; text-align: center; height: 31px;\"><span style=\"font-weight: 400;\">Marta Garcia<\/span><\/td>\n<td style=\"width: 215.2px; text-align: center; height: 31px;\"><span style=\"font-weight: 400;\">Esther L\u00f3pez<\/span><\/td>\n<td style=\"width: 228px; text-align: center; height: 31px;\"><span style=\"font-weight: 400;\">\u00a0<\/span><\/td>\n<\/tr>\n<tr style=\"height: 31px;\">\n<td style=\"width: 120px; text-align: center; height: 31px;\">P5<\/td>\n<td style=\"width: 172.8px; text-align: center; height: 31px;\"><span style=\"font-weight: 400;\">Vanesa Soro<\/span><\/td>\n<td style=\"width: 215.2px; text-align: center; height: 31px;\">Calixte Vallv\u00e9<\/td>\n<td style=\"width: 228px; text-align: center; height: 31px;\"><\/td>\n<\/tr>\n<tr style=\"height: 31px;\">\n<td style=\"width: 120px; text-align: center; height: 31px;\">Refor\u00e7os<\/td>\n<td style=\"text-align: center; height: 31px; width: 619.2px;\" colspan=\"3\"><span style=\"font-weight: 400;\">\u00c0ngela Gonz\u00e1lez\u00a0<\/span><\/td>\n<\/tr>\n<tr style=\"height: 31px;\">\n<td style=\"width: 120px; text-align: center; height: 31px;\">TEI<\/td>\n<td style=\"width: 619.2px; text-align: center; height: 31px;\" colspan=\"3\"><span style=\"font-weight: 400;\">S\u00f2nia Almansa<\/span><\/td>\n<\/tr>\n<tr style=\"height: 62px;\">\n<td style=\"width: 120px; text-align: center; height: 62px;\">1r<\/td>\n<td style=\"text-align: center; width: 172.8px; height: 62px;\">Gl\u00f2ria Castella<\/td>\n<td style=\"text-align: center; width: 215.2px; height: 62px;\">Eva Maturana i Laia Andreu<\/td>\n<td style=\"text-align: center; width: 228px; height: 62px;\">Pendent de nomenament (fins el 23 de setembre la referent ser\u00e0 la Cristina Teixidor)<\/td>\n<\/tr>\n<tr style=\"height: 31px;\">\n<td style=\"width: 120px; text-align: center; height: 31px;\">2n<\/td>\n<td style=\"width: 172.8px; text-align: center; height: 31px;\"><span style=\"background-color: #ffffff;\">Alba Punter<\/span><\/td>\n<td style=\"width: 215.2px; text-align: center; height: 31px;\"><span style=\"background-color: #ffffff;\">N\u00faria Urgell<\/span><\/td>\n<td style=\"width: 228px; text-align: center; height: 31px;\"><span style=\"background-color: #ffffff;\">\u00a0<\/span><\/td>\n<\/tr>\n<tr style=\"height: 31px;\">\n<td style=\"width: 120px; text-align: center; height: 31px;\">3r<\/td>\n<td style=\"width: 172.8px; text-align: center; height: 31px;\">Estefania Petrus<\/td>\n<td style=\"width: 215.2px; text-align: center; height: 31px;\">Marisa Delgado<\/td>\n<td style=\"width: 228px; text-align: center; height: 31px;\"><\/td>\n<\/tr>\n<tr style=\"height: 31px;\">\n<td style=\"width: 120px; text-align: center; height: 31px;\">4t<\/td>\n<td style=\"width: 172.8px; text-align: center; height: 31px;\">Joana Pujol<\/td>\n<td style=\"width: 215.2px; text-align: center; height: 31px;\">Marc Oliva<\/td>\n<td style=\"width: 228px; text-align: center; height: 31px;\"><\/td>\n<\/tr>\n<tr style=\"height: 31px;\">\n<td style=\"width: 120px; text-align: center; height: 31px;\">5\u00e8<\/td>\n<td style=\"width: 172.8px; text-align: center; height: 31px;\">Anna Grau<\/td>\n<td style=\"width: 215.2px; text-align: center; height: 31px;\">Blanca Montero<\/td>\n<td style=\"width: 228px; text-align: center; height: 31px;\"><\/td>\n<\/tr>\n<tr style=\"height: 46px;\">\n<td style=\"width: 120px; text-align: center; height: 46px;\">6\u00e8<\/td>\n<td style=\"width: 172.8px; text-align: center; height: 46px;\">Jordi Ortega<\/td>\n<td style=\"width: 215.2px; text-align: center; height: 46px;\">Ainhoa Guerrero i Cristina Segura<\/td>\n<td style=\"width: 228px; text-align: center; height: 46px;\"><\/td>\n<\/tr>\n<tr style=\"height: 46px;\">\n<td style=\"width: 120px; text-align: center; height: 37px;\">Educaci\u00f3 F\u00edsica<\/td>\n<td style=\"width: 619.2px; text-align: center; height: 37px;\" colspan=\"3\">Cristina Teixidor<\/td>\n<\/tr>\n<tr style=\"height: 31px;\">\n<td style=\"width: 120px; text-align: center; height: 31px;\">M\u00fasica<\/td>\n<td style=\"width: 619.2px; text-align: center; height: 31px;\" colspan=\"3\">Elena N\u00fa\u00f1ez<\/td>\n<\/tr>\n<tr style=\"height: 46px;\">\n<td style=\"width: 120px; text-align: center; height: 46px;\">Educaci\u00f3 Especial<\/td>\n<td style=\"width: 619.2px; text-align: center; height: 46px;\" colspan=\"3\">Montserrat Vega<\/td>\n<\/tr>\n<tr style=\"height: 31px;\">\n<td style=\"width: 120px; text-align: center; height: 31px;\">Angl\u00e8s<\/td>\n<td style=\"width: 172.8px; text-align: center; height: 31px;\" colspan=\"3\">Merc\u00e8 Ferrer<\/td>\n<\/tr>\n<tr style=\"height: 31px;\">\n<td style=\"width: 120px; text-align: center; height: 31px;\">Vetlladora<\/td>\n<td style=\"width: 172.8px; text-align: center; height: 31px;\" colspan=\"3\">Maite Gosin<\/td>\n<\/tr>\n<tr style=\"height: 31px;\">\n<td style=\"width: 120px; text-align: center; height: 31px;\">Equip directiu<\/td>\n<td style=\"width: 619.2px; text-align: center; height: 31px;\" colspan=\"3\">Maite Ribes, Gemma Saderra i N\u00faria Freixas<\/td>\n<\/tr>\n<\/tbody>\n<\/table>\n","protected":false},"excerpt":{"rendered":"<p>Els i les mestres de l&#8217;escola Can Manent ja estem preparant l&#8217;entrada al nou curs amb moltes ganes de retrobar-nos amb tots els infants. Us fem coneixedors\/es dels mestres que enguany acompanyaran als vostres infants. A B C P3 Merc\u00e8 Oll\u00e9 S\u00edlvia Gim\u00e9nez \u00a0 P4 Marta Garcia Esther L\u00f3pez \u00a0 P5 Vanesa Soro Calixte Vallv\u00e9 [&hellip;]<\/p>\n","protected":false},"author":15,"featured_media":0,"comment_status":"open","ping_status":"closed","sticky":false,"template":"","format":"standard","meta":{"_bbp_topic_count":0,"_bbp_reply_count":0,"_bbp_total_topic_count":0,"_bbp_total_reply_count":0,"_bbp_voice_count":0,"_bbp_anonymous_reply_count":0,"_bbp_topic_count_hidden":0,"_bbp_reply_count_hidden":0,"_bbp_forum_subforum_count":0,"site-sidebar-layout":"default","site-content-layout":"","ast-site-content-layout":"","site-content-style":"default","site-sidebar-style":"default","ast-global-header-display":"","ast-banner-title-visibility":"","ast-main-header-display":"","ast-hfb-above-header-display":"","ast-hfb-below-header-display":"","ast-hfb-mobile-header-display":"","site-post-title":"","ast-breadcrumbs-content":"","ast-featured-img":"","footer-sml-layout":"","theme-transparent-header-meta":"","adv-header-id-meta":"","stick-header-meta":"","header-above-stick-meta":"","header-main-stick-meta":"","header-below-stick-meta":"","astra-migrate-meta-layouts":"default","ast-page-background-enabled":"default","ast-page-background-meta":{"desktop":{"background-color":"var(--ast-global-color-4)","background-image":"","background-repeat":"repeat","background-position":"center center","background-size":"auto","background-attachment":"scroll","background-type":"","background-media":"","overlay-type":"","overlay-color":"","overlay-opacity":"","overlay-gradient":""},"tablet":{"background-color":"","background-image":"","background-repeat":"repeat","background-position":"center center","background-size":"auto","background-attachment":"scroll","background-type":"","background-media":"","overlay-type":"","overlay-color":"","overlay-opacity":"","overlay-gradient":""},"mobile":{"background-color":"","background-image":"","background-repeat":"repeat","background-position":"center center","background-size":"auto","background-attachment":"scroll","background-type":"","background-media":"","overlay-type":"","overlay-color":"","overlay-opacity":"","overlay-gradient":""}},"ast-content-background-meta":{"desktop":{"background-color":"var(--ast-global-color-5)","background-image":"","background-repeat":"repeat","background-position":"center center","background-size":"auto","background-attachment":"scroll","background-type":"","background-media":"","overlay-type":"","overlay-color":"","overlay-opacity":"","overlay-gradient":""},"tablet":{"background-color":"var(--ast-global-color-5)","background-image":"","background-repeat":"repeat","background-position":"center center","background-size":"auto","background-attachment":"scroll","background-type":"","background-media":"","overlay-type":"","overlay-color":"","overlay-opacity":"","overlay-gradient":""},"mobile":{"background-color":"var(--ast-global-color-5)","background-image":"","background-repeat":"repeat","background-position":"center center","background-size":"auto","background-attachment":"scroll","background-type":"","background-media":"","overlay-type":"","overlay-color":"","overlay-opacity":"","overlay-gradient":""}},"footnotes":""},"categories":[1,4],"tags":[],"class_list":["post-4354","post","type-post","status-publish","format-standard","hentry","category-general","category-portada"],"post_mailing_queue_ids":[],"_links":{"self":[{"href":"https:\/\/agora.xtec.cat\/ceipcanmanent\/wp-json\/wp\/v2\/posts\/4354","targetHints":{"allow":["GET"]}}],"collection":[{"href":"https:\/\/agora.xtec.cat\/ceipcanmanent\/wp-json\/wp\/v2\/posts"}],"about":[{"href":"https:\/\/agora.xtec.cat\/ceipcanmanent\/wp-json\/wp\/v2\/types\/post"}],"author":[{"embeddable":true,"href":"https:\/\/agora.xtec.cat\/ceipcanmanent\/wp-json\/wp\/v2\/users\/15"}],"replies":[{"embeddable":true,"href":"https:\/\/agora.xtec.cat\/ceipcanmanent\/wp-json\/wp\/v2\/comments?post=4354"}],"version-history":[{"count":4,"href":"https:\/\/agora.xtec.cat\/ceipcanmanent\/wp-json\/wp\/v2\/posts\/4354\/revisions"}],"predecessor-version":[{"id":4754,"href":"https:\/\/agora.xtec.cat\/ceipcanmanent\/wp-json\/wp\/v2\/posts\/4354\/revisions\/4754"}],"wp:attachment":[{"href":"https:\/\/agora.xtec.cat\/ceipcanmanent\/wp-json\/wp\/v2\/media?parent=4354"}],"wp:term":[{"taxonomy":"category","embeddable":true,"href":"https:\/\/agora.xtec.cat\/ceipcanmanent\/wp-json\/wp\/v2\/categories?post=4354"},{"taxonomy":"post_tag","embeddable":true,"href":"https:\/\/agora.xtec.cat\/ceipcanmanent\/wp-json\/wp\/v2\/tags?post=4354"}],"curies":[{"name":"wp","href":"https:\/\/api.w.org\/{rel}","templated":true}]}}