{"id":4110,"date":"2019-04-03T10:39:57","date_gmt":"2019-04-03T08:39:57","guid":{"rendered":"http:\/\/agora.xtec.cat\/ceipcanmanent\/?p=4110"},"modified":"2019-04-03T10:41:19","modified_gmt":"2019-04-03T08:41:19","slug":"5e-entrevista-a-lalcalde","status":"publish","type":"post","link":"https:\/\/agora.xtec.cat\/ceipcanmanent\/general\/5e-entrevista-a-lalcalde\/","title":{"rendered":"5\u00e8. Entrevista a l&#8217;alcalde"},"content":{"rendered":"<p>Les i els alumnes de cinqu\u00e8, dins el projecte anual de la r\u00e0dio, vam anar a fer una visita a l&#8217;ajuntament i vam tenir la sort de poder entrevistar a l&#8217;alcalde, Enric Oliv\u00e9. A continuaci\u00f3 teniu l&#8217;entrevista completa, va ser molt interessant.<\/p>\n<p><a href=\"https:\/\/agora.xtec.cat\/ceipcanmanent\/wp-content\/uploads\/usu153\/2019\/04\/87227B4B-A1A3-41AC-B909-63C0D5080751.jpg\"><img loading=\"lazy\" decoding=\"async\" class=\"wp-image-4112 aligncenter\" src=\"https:\/\/agora.xtec.cat\/ceipcanmanent\/wp-content\/uploads\/usu153\/2019\/04\/87227B4B-A1A3-41AC-B909-63C0D5080751-1024x576.jpg\" alt=\"\" width=\"669\" height=\"376\" srcset=\"https:\/\/agora.xtec.cat\/ceipcanmanent\/wp-content\/uploads\/usu153\/2019\/04\/87227B4B-A1A3-41AC-B909-63C0D5080751-1024x576.jpg 1024w, https:\/\/agora.xtec.cat\/ceipcanmanent\/wp-content\/uploads\/usu153\/2019\/04\/87227B4B-A1A3-41AC-B909-63C0D5080751-300x169.jpg 300w, https:\/\/agora.xtec.cat\/ceipcanmanent\/wp-content\/uploads\/usu153\/2019\/04\/87227B4B-A1A3-41AC-B909-63C0D5080751-768x432.jpg 768w\" sizes=\"auto, (max-width: 669px) 100vw, 669px\" \/><\/a><\/p>\n<p>Bon dia,<\/p>\n<p>Som les nenes i els nens de cinqu\u00e8 de l\u2019escola Can Manent. Aquest any a l\u2019escola estem realitzant el projecte de la r\u00e0dio, on hem escrit not\u00edcies de l\u2019escola, entrevistes a persones conegudes i, fins i tot, li hem fet una entrevista a l\u2019Eduard Pujol, diputat del Parlament de Catalunya.<\/p>\n<p>Avui, aprofitant que venim a l\u2019ajuntament, hem pensat que et podr\u00edem fer una entrevista per con\u00e8ixer la teva opini\u00f3 sobre diferents temes que ens interessen.<\/p>\n<p>&nbsp;<\/p>\n<ol>\n<li>Has sentit a parlar de la Greta Thunberg? Est\u00e0s d\u2019acord amb el que est\u00e0 fent? Qu\u00e8 en penses?<\/li>\n<\/ol>\n<p><strong>S\u00ed, hi estic d\u2019acord. El m\u00f3n necessita gent proactiva amb ganes de canviar ho tot com la Greta, perqu\u00e8 cada dia el m\u00f3n sigui millor i m\u00e9s net. <\/strong><\/p>\n<ol start=\"2\">\n<li>Des de l\u2019ajuntament esteu fent alguna cosa per reduir la contaminaci\u00f3 o revertir el canvi clim\u00e0tic?<\/li>\n<\/ol>\n<p><strong>S\u00ed, tenim previst posar plaques solars a les escoles aprofitant que tenen el sostre pla. <\/strong><\/p>\n<p><strong>Tamb\u00e9 tenim pensat\u00a0 fer un p\u00e0rquing com\u00fa per a cotxes el\u00e8ctrics per a tothom, aix\u00ed ning\u00fa haur\u00e0 de comprar un cotxe. Els cotxes volem que siguin compartits i que gr\u00e0cies a una aplicaci\u00f3 de m\u00f2bil s\u2019obrin i els puguem compartir.<\/strong><\/p>\n<p><strong>\u00a0<\/strong><span style=\"font-family: inherit;font-size: 1em\">Sabem que a diferents pobles fan recollida selectiva porta a porta, teniu pensat fer-ho a Cardedeu.?<\/span><\/p>\n<p><strong>Si, i tant que tenim pensat fer recollida selectiva porta a porta. <\/strong><\/p>\n<p><strong>Per cert, sab\u00edeu que a Cardedeu un 40% de la brossa no es recicla?<\/strong><\/p>\n<ol start=\"4\">\n<li>El dijous 7 de mar\u00e7 vam fer una paradeta per recaptar diners per l\u2019ONG Open Arms; en tenies coneixement? Va ser un \u00e8xit.<\/li>\n<\/ol>\n<p><strong>No en sabia res, per\u00f2 enhorabona per la feina realitzada.<\/strong><\/p>\n<p><strong>5.\u00a0<\/strong><span style=\"font-family: inherit;font-size: 1em\">A la fira de la festa major de Cardedeu, hi ha unes atraccions amb imatges de noies amb biquini. Aquestes imatges ens semblen sexistes; per aix\u00f2 voldr\u00edem proposar que canvi\u00efn o tapin aquestes imatges. Quina opini\u00f3 tens al respecte?<\/span><\/p>\n<p><strong>Estic d\u2019acord amb treure las imatges. Des de l\u2019any passat que vam prohibir les atraccions amb imatges com aquesta. Per aix\u00f2 aquest any les atraccions que tinguin imatges sexistes no hi seran.<\/strong><\/p>\n<ol start=\"6\">\n<li>Al camp d\u2019aviaci\u00f3 del costat de l\u2019escola ens sembla que hi ha un pou sense tapar. Us agrair\u00edem que ho an\u00e9ssiu a comprovar i, si \u00e9s aix\u00ed, que el tap\u00e9ssiu.<\/li>\n<\/ol>\n<p><strong>Pot ser que al camp d\u2019aviaci\u00f3 hi hagi algun pou sense tapar, estem mirant perqu\u00e8 si en trobem algun destapat el taparem. Tot i aix\u00f2 no us vull espantar.<\/strong><\/p>\n<ol start=\"7\">\n<li>Canviant de tema, ens podries dir com vas arribar a ser l\u2019alcalde de Cardedeu?<\/li>\n<\/ol>\n<p><strong>Doncs al igual que vosaltres teniu delegat de classe, jo quan anava a l\u2019escola tamb\u00e9 ho era. Llavors amb els anys em vaig presentar ser alcalde i vaig aconseguir-ho.<\/strong><\/p>\n<ol start=\"8\">\n<li>Com et sents al ser el alcalde de Cardedeu?<\/li>\n<\/ol>\n<p><strong>Em sento molt content i animat com qualsevol altre persona per que sempre he viscut aqu\u00ed.<\/strong><\/p>\n<ol start=\"9\">\n<li>Ens podries explicar com funcionen les eleccions municipals de Cardedeu i quines propostes t\u00e9 el teu partit pol\u00edtic?<\/li>\n<\/ol>\n<p><strong>Hi ha de 9-10 partits pol\u00edtics que es presentaran a les eleccions del 2019 a Cardedeu. A les eleccions votaran tots majors de 18 anys de Cardedeu que vulguin. En funci\u00f3 de les votacions es trien els 17 regidors dels diferents partits votats.<\/strong><\/p>\n<p>&nbsp;<\/p>\n<p>&nbsp;<\/p>\n<p>Moltes gr\u00e0cies per rebre\u2019ns i contestar les nostres preguntes.<\/p>\n<p><a href=\"https:\/\/agora.xtec.cat\/ceipcanmanent\/wp-content\/uploads\/usu153\/2019\/04\/alcalde.jpg\"><img loading=\"lazy\" decoding=\"async\" class=\"wp-image-4113 aligncenter\" src=\"https:\/\/agora.xtec.cat\/ceipcanmanent\/wp-content\/uploads\/usu153\/2019\/04\/alcalde.jpg\" alt=\"\" width=\"651\" height=\"488\" srcset=\"https:\/\/agora.xtec.cat\/ceipcanmanent\/wp-content\/uploads\/usu153\/2019\/04\/alcalde.jpg 960w, https:\/\/agora.xtec.cat\/ceipcanmanent\/wp-content\/uploads\/usu153\/2019\/04\/alcalde-300x225.jpg 300w, https:\/\/agora.xtec.cat\/ceipcanmanent\/wp-content\/uploads\/usu153\/2019\/04\/alcalde-768x576.jpg 768w, https:\/\/agora.xtec.cat\/ceipcanmanent\/wp-content\/uploads\/usu153\/2019\/04\/alcalde-200x150.jpg 200w\" sizes=\"auto, (max-width: 651px) 100vw, 651px\" \/><\/a><\/p>\n","protected":false},"excerpt":{"rendered":"<p>Les i els alumnes de cinqu\u00e8, dins el projecte anual de la r\u00e0dio, vam anar a fer una visita a l&#8217;ajuntament i vam tenir la sort de poder entrevistar a l&#8217;alcalde, Enric Oliv\u00e9. A continuaci\u00f3 teniu l&#8217;entrevista completa, va ser molt interessant. Bon dia, Som les nenes i els nens de cinqu\u00e8 de l\u2019escola Can [&hellip;]<\/p>\n","protected":false},"author":7,"featured_media":4112,"comment_status":"open","ping_status":"closed","sticky":false,"template":"","format":"standard","meta":{"_bbp_topic_count":0,"_bbp_reply_count":0,"_bbp_total_topic_count":0,"_bbp_total_reply_count":0,"_bbp_voice_count":0,"_bbp_anonymous_reply_count":0,"_bbp_topic_count_hidden":0,"_bbp_reply_count_hidden":0,"_bbp_forum_subforum_count":0,"site-sidebar-layout":"default","site-content-layout":"","ast-site-content-layout":"","site-content-style":"default","site-sidebar-style":"default","ast-global-header-display":"","ast-banner-title-visibility":"","ast-main-header-display":"","ast-hfb-above-header-display":"","ast-hfb-below-header-display":"","ast-hfb-mobile-header-display":"","site-post-title":"","ast-breadcrumbs-content":"","ast-featured-img":"","footer-sml-layout":"","theme-transparent-header-meta":"","adv-header-id-meta":"","stick-header-meta":"","header-above-stick-meta":"","header-main-stick-meta":"","header-below-stick-meta":"","astra-migrate-meta-layouts":"default","ast-page-background-enabled":"default","ast-page-background-meta":{"desktop":{"background-color":"var(--ast-global-color-4)","background-image":"","background-repeat":"repeat","background-position":"center center","background-size":"auto","background-attachment":"scroll","background-type":"","background-media":"","overlay-type":"","overlay-color":"","overlay-opacity":"","overlay-gradient":""},"tablet":{"background-color":"","background-image":"","background-repeat":"repeat","background-position":"center center","background-size":"auto","background-attachment":"scroll","background-type":"","background-media":"","overlay-type":"","overlay-color":"","overlay-opacity":"","overlay-gradient":""},"mobile":{"background-color":"","background-image":"","background-repeat":"repeat","background-position":"center center","background-size":"auto","background-attachment":"scroll","background-type":"","background-media":"","overlay-type":"","overlay-color":"","overlay-opacity":"","overlay-gradient":""}},"ast-content-background-meta":{"desktop":{"background-color":"var(--ast-global-color-5)","background-image":"","background-repeat":"repeat","background-position":"center center","background-size":"auto","background-attachment":"scroll","background-type":"","background-media":"","overlay-type":"","overlay-color":"","overlay-opacity":"","overlay-gradient":""},"tablet":{"background-color":"var(--ast-global-color-5)","background-image":"","background-repeat":"repeat","background-position":"center center","background-size":"auto","background-attachment":"scroll","background-type":"","background-media":"","overlay-type":"","overlay-color":"","overlay-opacity":"","overlay-gradient":""},"mobile":{"background-color":"var(--ast-global-color-5)","background-image":"","background-repeat":"repeat","background-position":"center center","background-size":"auto","background-attachment":"scroll","background-type":"","background-media":"","overlay-type":"","overlay-color":"","overlay-opacity":"","overlay-gradient":""}},"footnotes":""},"categories":[14,1,4],"tags":[131,112,178],"class_list":["post-4110","post","type-post","status-publish","format-standard","has-post-thumbnail","hentry","category-5e","category-general","category-portada","tag-5e","tag-comunitat-de-grans","tag-projecte-radio"],"post_mailing_queue_ids":[],"_links":{"self":[{"href":"https:\/\/agora.xtec.cat\/ceipcanmanent\/wp-json\/wp\/v2\/posts\/4110","targetHints":{"allow":["GET"]}}],"collection":[{"href":"https:\/\/agora.xtec.cat\/ceipcanmanent\/wp-json\/wp\/v2\/posts"}],"about":[{"href":"https:\/\/agora.xtec.cat\/ceipcanmanent\/wp-json\/wp\/v2\/types\/post"}],"author":[{"embeddable":true,"href":"https:\/\/agora.xtec.cat\/ceipcanmanent\/wp-json\/wp\/v2\/users\/7"}],"replies":[{"embeddable":true,"href":"https:\/\/agora.xtec.cat\/ceipcanmanent\/wp-json\/wp\/v2\/comments?post=4110"}],"version-history":[{"count":3,"href":"https:\/\/agora.xtec.cat\/ceipcanmanent\/wp-json\/wp\/v2\/posts\/4110\/revisions"}],"predecessor-version":[{"id":4116,"href":"https:\/\/agora.xtec.cat\/ceipcanmanent\/wp-json\/wp\/v2\/posts\/4110\/revisions\/4116"}],"wp:featuredmedia":[{"embeddable":true,"href":"https:\/\/agora.xtec.cat\/ceipcanmanent\/wp-json\/wp\/v2\/media\/4112"}],"wp:attachment":[{"href":"https:\/\/agora.xtec.cat\/ceipcanmanent\/wp-json\/wp\/v2\/media?parent=4110"}],"wp:term":[{"taxonomy":"category","embeddable":true,"href":"https:\/\/agora.xtec.cat\/ceipcanmanent\/wp-json\/wp\/v2\/categories?post=4110"},{"taxonomy":"post_tag","embeddable":true,"href":"https:\/\/agora.xtec.cat\/ceipcanmanent\/wp-json\/wp\/v2\/tags?post=4110"}],"curies":[{"name":"wp","href":"https:\/\/api.w.org\/{rel}","templated":true}]}}