{"id":4056,"date":"2019-03-21T11:45:58","date_gmt":"2019-03-21T10:45:58","guid":{"rendered":"http:\/\/agora.xtec.cat\/ceipcanmanent\/?p=4056"},"modified":"2019-03-21T14:30:27","modified_gmt":"2019-03-21T13:30:27","slug":"can-manent-amb-open-arms-5e","status":"publish","type":"post","link":"https:\/\/agora.xtec.cat\/ceipcanmanent\/general\/can-manent-amb-open-arms-5e\/","title":{"rendered":"5\u00e8: Can Manent amb Open Arms"},"content":{"rendered":"<p>https:\/\/www.youtube.com\/watch?v=X-sgwIE1ies<\/p>\n<p>&nbsp;<\/p>\n<p><strong>A cinqu\u00e8 som proactius\/es! Hem recaptat 2.430\u20ac<\/strong><\/p>\n<p>El dijous 14 de febrer va venir en Toni, un voluntari d\u2019Open Arms i capit\u00e0 de vaixell, a les nostres classes de cinqu\u00e8 a fer-nos una xerrada sobre la ONG. Ens va explicar la feina que fa Open Arms, com es finan\u00e7a la ONG, vam veure v\u00eddeos, ens va explicar la seva experi\u00e8ncia fent de capit\u00e0 de vaixell en dues missions i ens va comentar que actualment el vaixell de la ONG est\u00e0 al port de Badalona sense poder realitzar la seva tasca, que \u00e9s salvament mar\u00edtim de persones al Mar Mediterrani.<\/p>\n<p>Vam adonar-nos que ten\u00edem ganes de ser proactives i poder ajudar, dins la nostra mesura. Per aix\u00f2, les dues classes de cinqu\u00e8 ens vam ajuntar i vam acordar que muntar\u00edem una parada per recaptar diners per a la ONG. Aquella trobada va ser molt profitosa perqu\u00e8 \u00e9s on vam decidir qu\u00e8 far\u00edem el dia de la parada, com ens organitzar\u00edem per fer-ne difusi\u00f3 i quines tasques ens hav\u00edem de repartir des d\u2019aquell moment fins al dia de la parada.<\/p>\n<p>Vam acabar decidint que la parada estaria dividida en dos espais: el primer amb material creat per nosaltres, on no establir\u00edem preus, i el segon on vendr\u00edem material oficial de la ONG. A m\u00e9s, vam decidir que per fer-ne el m\u00e0xim de difusi\u00f3 far\u00edem un cartell per penjar a l\u2019escola, enviar-lo per correu electr\u00f2nic i pels grups de <em>whatsapp<\/em>, i que passar\u00edem per totes les classes de l\u2019escola explicant qu\u00e8 vol\u00edem fer i per a qui anaven destinats els diners.<\/p>\n<p>La parada va ser un \u00e8xit rotund; les fam\u00edlies van col\u00b7laborar molt i nosaltres vam estar molt orgulloses\/os de la feina realitzada!<\/p>\n","protected":false},"excerpt":{"rendered":"<p>https:\/\/www.youtube.com\/watch?v=X-sgwIE1ies &nbsp; A cinqu\u00e8 som proactius\/es! Hem recaptat 2.430\u20ac El dijous 14 de febrer va venir en Toni, un voluntari d\u2019Open Arms i capit\u00e0 de vaixell, a les nostres classes de cinqu\u00e8 a fer-nos una xerrada sobre la ONG. Ens va explicar la feina que fa Open Arms, com es finan\u00e7a la ONG, vam veure [&hellip;]<\/p>\n","protected":false},"author":7,"featured_media":4058,"comment_status":"open","ping_status":"closed","sticky":false,"template":"","format":"standard","meta":{"_bbp_topic_count":0,"_bbp_reply_count":0,"_bbp_total_topic_count":0,"_bbp_total_reply_count":0,"_bbp_voice_count":0,"_bbp_anonymous_reply_count":0,"_bbp_topic_count_hidden":0,"_bbp_reply_count_hidden":0,"_bbp_forum_subforum_count":0,"site-sidebar-layout":"default","site-content-layout":"","ast-site-content-layout":"","site-content-style":"default","site-sidebar-style":"default","ast-global-header-display":"","ast-banner-title-visibility":"","ast-main-header-display":"","ast-hfb-above-header-display":"","ast-hfb-below-header-display":"","ast-hfb-mobile-header-display":"","site-post-title":"","ast-breadcrumbs-content":"","ast-featured-img":"","footer-sml-layout":"","theme-transparent-header-meta":"","adv-header-id-meta":"","stick-header-meta":"","header-above-stick-meta":"","header-main-stick-meta":"","header-below-stick-meta":"","astra-migrate-meta-layouts":"default","ast-page-background-enabled":"default","ast-page-background-meta":{"desktop":{"background-color":"var(--ast-global-color-4)","background-image":"","background-repeat":"repeat","background-position":"center center","background-size":"auto","background-attachment":"scroll","background-type":"","background-media":"","overlay-type":"","overlay-color":"","overlay-opacity":"","overlay-gradient":""},"tablet":{"background-color":"","background-image":"","background-repeat":"repeat","background-position":"center center","background-size":"auto","background-attachment":"scroll","background-type":"","background-media":"","overlay-type":"","overlay-color":"","overlay-opacity":"","overlay-gradient":""},"mobile":{"background-color":"","background-image":"","background-repeat":"repeat","background-position":"center center","background-size":"auto","background-attachment":"scroll","background-type":"","background-media":"","overlay-type":"","overlay-color":"","overlay-opacity":"","overlay-gradient":""}},"ast-content-background-meta":{"desktop":{"background-color":"var(--ast-global-color-5)","background-image":"","background-repeat":"repeat","background-position":"center center","background-size":"auto","background-attachment":"scroll","background-type":"","background-media":"","overlay-type":"","overlay-color":"","overlay-opacity":"","overlay-gradient":""},"tablet":{"background-color":"var(--ast-global-color-5)","background-image":"","background-repeat":"repeat","background-position":"center center","background-size":"auto","background-attachment":"scroll","background-type":"","background-media":"","overlay-type":"","overlay-color":"","overlay-opacity":"","overlay-gradient":""},"mobile":{"background-color":"var(--ast-global-color-5)","background-image":"","background-repeat":"repeat","background-position":"center center","background-size":"auto","background-attachment":"scroll","background-type":"","background-media":"","overlay-type":"","overlay-color":"","overlay-opacity":"","overlay-gradient":""}},"footnotes":""},"categories":[14,1,4,126],"tags":[131,112,177],"class_list":["post-4056","post","type-post","status-publish","format-standard","has-post-thumbnail","hentry","category-5e","category-general","category-portada","category-projectes-a-primaria","tag-5e","tag-comunitat-de-grans","tag-projecte-open-arms"],"post_mailing_queue_ids":[],"_links":{"self":[{"href":"https:\/\/agora.xtec.cat\/ceipcanmanent\/wp-json\/wp\/v2\/posts\/4056","targetHints":{"allow":["GET"]}}],"collection":[{"href":"https:\/\/agora.xtec.cat\/ceipcanmanent\/wp-json\/wp\/v2\/posts"}],"about":[{"href":"https:\/\/agora.xtec.cat\/ceipcanmanent\/wp-json\/wp\/v2\/types\/post"}],"author":[{"embeddable":true,"href":"https:\/\/agora.xtec.cat\/ceipcanmanent\/wp-json\/wp\/v2\/users\/7"}],"replies":[{"embeddable":true,"href":"https:\/\/agora.xtec.cat\/ceipcanmanent\/wp-json\/wp\/v2\/comments?post=4056"}],"version-history":[{"count":3,"href":"https:\/\/agora.xtec.cat\/ceipcanmanent\/wp-json\/wp\/v2\/posts\/4056\/revisions"}],"predecessor-version":[{"id":4071,"href":"https:\/\/agora.xtec.cat\/ceipcanmanent\/wp-json\/wp\/v2\/posts\/4056\/revisions\/4071"}],"wp:featuredmedia":[{"embeddable":true,"href":"https:\/\/agora.xtec.cat\/ceipcanmanent\/wp-json\/wp\/v2\/media\/4058"}],"wp:attachment":[{"href":"https:\/\/agora.xtec.cat\/ceipcanmanent\/wp-json\/wp\/v2\/media?parent=4056"}],"wp:term":[{"taxonomy":"category","embeddable":true,"href":"https:\/\/agora.xtec.cat\/ceipcanmanent\/wp-json\/wp\/v2\/categories?post=4056"},{"taxonomy":"post_tag","embeddable":true,"href":"https:\/\/agora.xtec.cat\/ceipcanmanent\/wp-json\/wp\/v2\/tags?post=4056"}],"curies":[{"name":"wp","href":"https:\/\/api.w.org\/{rel}","templated":true}]}}