{"id":3792,"date":"2018-09-24T16:24:35","date_gmt":"2018-09-24T14:24:35","guid":{"rendered":"http:\/\/agora.xtec.cat\/ceipcanmanent\/?p=3792"},"modified":"2018-09-25T18:27:47","modified_gmt":"2018-09-25T16:27:47","slug":"millora-dels-espais-exteriors-del-centre","status":"publish","type":"post","link":"https:\/\/agora.xtec.cat\/ceipcanmanent\/general\/millora-dels-espais-exteriors-del-centre\/","title":{"rendered":"Millora dels espais exteriors del centre"},"content":{"rendered":"<p>&nbsp;<\/p>\n<p style=\"text-align: justify;\">Com els darrers estius, amb la col\u00b7laboraci\u00f3 de l\u2019Ajuntament de Cardedeu, hem continu\u00eftat aplicant el projecte de millora dels espais exteriors del centre que es deriven de les reflexions pedag\u00f2giques i organitzatives enunciades al vigent \u00a0Projecte de Direcci\u00f3 2014-2018.<\/p>\n<p style=\"text-align: justify;\">Es espais exteriors dels centres acostumen a ser els grans oblidats en les construccions escolars, tamb\u00e9 en les de recent materialitzaci\u00f3. Quan la construcci\u00f3 d\u2019un centre coincideix amb una crisis de recursos econ\u00f2mics p\u00fablics aquesta circumst\u00e0ncia encara es fa m\u00e9s palesa.<\/p>\n<p style=\"text-align: justify;\">Aquest estiu del 2018 amb el suport t\u00e8cnic i econ\u00f2mic de l\u2019ajuntament de Cardedeu i la feina dels jardiners de\u00a0 www.carrojardins.com\u00a0 s&#8217;han fet treballs per renovar del reg autom\u00e0tic del pati de prim\u00e0ria, la reordenaci\u00f3 de la vegetaci\u00f3 i la construcci\u00f3 d\u2019un acc\u00e8s per superar el desnivell que dona acc\u00e9s a la zona del tipi\u2026Aqu\u00ed teniu unes comparatives gr\u00e0fiques de les millores realitzades:<\/p>\n<p><a href=\"http:\/\/agora.xtec.cat\/ceipcanmanent\/__trashed\/attachment\/enjardinament-abans-i-despres-1\/\" rel=\"attachment wp-att-3785\"><img loading=\"lazy\" decoding=\"async\" class=\"alignleft wp-image-3785\" src=\"http:\/\/agora.xtec.cat\/ceipcanmanent\/wp-content\/uploads\/usu153\/2018\/09\/enjardinament-ABANS-i-DESPRES-1-300x212.jpg\" alt=\"\" width=\"730\" height=\"516\" srcset=\"https:\/\/agora.xtec.cat\/ceipcanmanent\/wp-content\/uploads\/usu153\/2018\/09\/enjardinament-ABANS-i-DESPRES-1-300x212.jpg 300w, https:\/\/agora.xtec.cat\/ceipcanmanent\/wp-content\/uploads\/usu153\/2018\/09\/enjardinament-ABANS-i-DESPRES-1-768x543.jpg 768w, https:\/\/agora.xtec.cat\/ceipcanmanent\/wp-content\/uploads\/usu153\/2018\/09\/enjardinament-ABANS-i-DESPRES-1-1024x724.jpg 1024w\" sizes=\"auto, (max-width: 730px) 100vw, 730px\" \/><\/a><\/p>\n<p>&nbsp;<\/p>\n<p><a href=\"http:\/\/agora.xtec.cat\/ceipcanmanent\/__trashed\/attachment\/enjardinament-abans-i-despres-1-2\/\" rel=\"attachment wp-att-3786\"><img loading=\"lazy\" decoding=\"async\" class=\"alignleft wp-image-3786\" src=\"http:\/\/agora.xtec.cat\/ceipcanmanent\/wp-content\/uploads\/usu153\/2018\/09\/enjardinament-ABANS-i-DESPRES-1-2-300x212.jpg\" alt=\"\" width=\"729\" height=\"515\" srcset=\"https:\/\/agora.xtec.cat\/ceipcanmanent\/wp-content\/uploads\/usu153\/2018\/09\/enjardinament-ABANS-i-DESPRES-1-2-300x212.jpg 300w, https:\/\/agora.xtec.cat\/ceipcanmanent\/wp-content\/uploads\/usu153\/2018\/09\/enjardinament-ABANS-i-DESPRES-1-2-768x543.jpg 768w, https:\/\/agora.xtec.cat\/ceipcanmanent\/wp-content\/uploads\/usu153\/2018\/09\/enjardinament-ABANS-i-DESPRES-1-2-1024x724.jpg 1024w\" sizes=\"auto, (max-width: 729px) 100vw, 729px\" \/><\/a><a href=\"http:\/\/agora.xtec.cat\/ceipcanmanent\/__trashed\/attachment\/enjardinament-abans-i-despres-1-3\/\" rel=\"attachment wp-att-3787\"><img loading=\"lazy\" decoding=\"async\" class=\"alignleft wp-image-3787\" src=\"http:\/\/agora.xtec.cat\/ceipcanmanent\/wp-content\/uploads\/usu153\/2018\/09\/enjardinament-ABANS-i-DESPRES-1-3-300x212.jpg\" alt=\"\" width=\"729\" height=\"515\" srcset=\"https:\/\/agora.xtec.cat\/ceipcanmanent\/wp-content\/uploads\/usu153\/2018\/09\/enjardinament-ABANS-i-DESPRES-1-3-300x212.jpg 300w, https:\/\/agora.xtec.cat\/ceipcanmanent\/wp-content\/uploads\/usu153\/2018\/09\/enjardinament-ABANS-i-DESPRES-1-3-768x543.jpg 768w, https:\/\/agora.xtec.cat\/ceipcanmanent\/wp-content\/uploads\/usu153\/2018\/09\/enjardinament-ABANS-i-DESPRES-1-3-1024x724.jpg 1024w\" sizes=\"auto, (max-width: 729px) 100vw, 729px\" \/><\/a><\/p>\n","protected":false},"excerpt":{"rendered":"<p>Com els darrers estius, amb la col\u00b7laboraci\u00f3 de l\u2019Ajuntament de Cardedeu, hem continu\u00eftat aplicant el projecte de millora dels espais exteriors del centre que es deriven de les reflexions pedag\u00f2giques i organitzatives enunciades al vigent \u00a0Projecte de Direcci\u00f3 2014-2018.<\/p>\n<p>Es espais exteriors dels centres acostumen a ser els grans oblidats en les construccions escolars &#8230;<\/p>\n","protected":false},"author":1,"featured_media":3775,"comment_status":"open","ping_status":"closed","sticky":false,"template":"","format":"standard","meta":{"_bbp_topic_count":0,"_bbp_reply_count":0,"_bbp_total_topic_count":0,"_bbp_total_reply_count":0,"_bbp_voice_count":0,"_bbp_anonymous_reply_count":0,"_bbp_topic_count_hidden":0,"_bbp_reply_count_hidden":0,"_bbp_forum_subforum_count":0,"site-sidebar-layout":"default","site-content-layout":"","ast-site-content-layout":"","site-content-style":"default","site-sidebar-style":"default","ast-global-header-display":"","ast-banner-title-visibility":"","ast-main-header-display":"","ast-hfb-above-header-display":"","ast-hfb-below-header-display":"","ast-hfb-mobile-header-display":"","site-post-title":"","ast-breadcrumbs-content":"","ast-featured-img":"","footer-sml-layout":"","theme-transparent-header-meta":"","adv-header-id-meta":"","stick-header-meta":"","header-above-stick-meta":"","header-main-stick-meta":"","header-below-stick-meta":"","astra-migrate-meta-layouts":"default","ast-page-background-enabled":"default","ast-page-background-meta":{"desktop":{"background-color":"var(--ast-global-color-4)","background-image":"","background-repeat":"repeat","background-position":"center center","background-size":"auto","background-attachment":"scroll","background-type":"","background-media":"","overlay-type":"","overlay-color":"","overlay-opacity":"","overlay-gradient":""},"tablet":{"background-color":"","background-image":"","background-repeat":"repeat","background-position":"center center","background-size":"auto","background-attachment":"scroll","background-type":"","background-media":"","overlay-type":"","overlay-color":"","overlay-opacity":"","overlay-gradient":""},"mobile":{"background-color":"","background-image":"","background-repeat":"repeat","background-position":"center center","background-size":"auto","background-attachment":"scroll","background-type":"","background-media":"","overlay-type":"","overlay-color":"","overlay-opacity":"","overlay-gradient":""}},"ast-content-background-meta":{"desktop":{"background-color":"var(--ast-global-color-5)","background-image":"","background-repeat":"repeat","background-position":"center center","background-size":"auto","background-attachment":"scroll","background-type":"","background-media":"","overlay-type":"","overlay-color":"","overlay-opacity":"","overlay-gradient":""},"tablet":{"background-color":"var(--ast-global-color-5)","background-image":"","background-repeat":"repeat","background-position":"center center","background-size":"auto","background-attachment":"scroll","background-type":"","background-media":"","overlay-type":"","overlay-color":"","overlay-opacity":"","overlay-gradient":""},"mobile":{"background-color":"var(--ast-global-color-5)","background-image":"","background-repeat":"repeat","background-position":"center center","background-size":"auto","background-attachment":"scroll","background-type":"","background-media":"","overlay-type":"","overlay-color":"","overlay-opacity":"","overlay-gradient":""}},"footnotes":""},"categories":[1,4,126],"tags":[164,142,47,109,30],"class_list":["post-3792","post","type-post","status-publish","format-standard","has-post-thumbnail","hentry","category-general","category-portada","category-projectes-a-primaria","tag-2018-19","tag-comunitat-mitjans","tag-hort-escolar","tag-innovacio-educativa","tag-primaria-2"],"post_mailing_queue_ids":[],"_links":{"self":[{"href":"https:\/\/agora.xtec.cat\/ceipcanmanent\/wp-json\/wp\/v2\/posts\/3792","targetHints":{"allow":["GET"]}}],"collection":[{"href":"https:\/\/agora.xtec.cat\/ceipcanmanent\/wp-json\/wp\/v2\/posts"}],"about":[{"href":"https:\/\/agora.xtec.cat\/ceipcanmanent\/wp-json\/wp\/v2\/types\/post"}],"author":[{"embeddable":true,"href":"https:\/\/agora.xtec.cat\/ceipcanmanent\/wp-json\/wp\/v2\/users\/1"}],"replies":[{"embeddable":true,"href":"https:\/\/agora.xtec.cat\/ceipcanmanent\/wp-json\/wp\/v2\/comments?post=3792"}],"version-history":[{"count":3,"href":"https:\/\/agora.xtec.cat\/ceipcanmanent\/wp-json\/wp\/v2\/posts\/3792\/revisions"}],"predecessor-version":[{"id":3823,"href":"https:\/\/agora.xtec.cat\/ceipcanmanent\/wp-json\/wp\/v2\/posts\/3792\/revisions\/3823"}],"wp:featuredmedia":[{"embeddable":true,"href":"https:\/\/agora.xtec.cat\/ceipcanmanent\/wp-json\/wp\/v2\/media\/3775"}],"wp:attachment":[{"href":"https:\/\/agora.xtec.cat\/ceipcanmanent\/wp-json\/wp\/v2\/media?parent=3792"}],"wp:term":[{"taxonomy":"category","embeddable":true,"href":"https:\/\/agora.xtec.cat\/ceipcanmanent\/wp-json\/wp\/v2\/categories?post=3792"},{"taxonomy":"post_tag","embeddable":true,"href":"https:\/\/agora.xtec.cat\/ceipcanmanent\/wp-json\/wp\/v2\/tags?post=3792"}],"curies":[{"name":"wp","href":"https:\/\/api.w.org\/{rel}","templated":true}]}}