{"id":3597,"date":"2018-05-25T09:00:22","date_gmt":"2018-05-25T07:00:22","guid":{"rendered":"http:\/\/agora.xtec.cat\/ceipcanmanent\/?p=3597"},"modified":"2018-06-01T10:21:48","modified_gmt":"2018-06-01T08:21:48","slug":"cantania-2018-masterclass-amb-esther-castells","status":"publish","type":"post","link":"https:\/\/agora.xtec.cat\/ceipcanmanent\/general\/cantania-2018-masterclass-amb-esther-castells\/","title":{"rendered":"CANT\u00c0NIA 2018. MASTERCLASS AMB ESTHER CASTELLS"},"content":{"rendered":"<p>El dia 2 de maig, els alumnes de 5\u00e8 de l&#8217;escola,\u00a0 v\u00e0rem fer una Masterclass amb la cantant, professora de cant i reeducadora vocal Esther Castells, mare de l&#8217;escola.<\/p>\n<p>Ens va explicar una mica el funcionament de la veu, on estaven les coredes vocals i com funcionaven i<\/p>\n<p>vam aprendre que per cantar cal:<\/p>\n<p>1r. tenir una bona postura<\/p>\n<p>2n. respirar per la boca i que l&#8217;aire surti suaument i seguit.<\/p>\n<p>3r. quan fem notes agudes cal obrir la boca.<\/p>\n<p>Vam anar fent proves amb les can\u00e7ons i ens vam adonar de la difer\u00e8ncia de fer-ho b\u00e9 o malament.<\/p>\n<p>Va ser una experi\u00e8ncia molt enriquidora.<\/p>\n<p>Moltes gr\u00e0cies Esther per la teva col\u00b7laboraci\u00f3.<\/p>\n<p><a href=\"http:\/\/agora.xtec.cat\/ceipcanmanent\/wp-content\/uploads\/usu153\/2018\/05\/IMG_3868_renamed.jpg\"><img loading=\"lazy\" decoding=\"async\" class=\"alignnone wp-image-3599\" src=\"http:\/\/agora.xtec.cat\/ceipcanmanent\/wp-content\/uploads\/usu153\/2018\/05\/IMG_3868_renamed.jpg\" alt=\"\" width=\"247\" height=\"247\" srcset=\"https:\/\/agora.xtec.cat\/ceipcanmanent\/wp-content\/uploads\/usu153\/2018\/05\/IMG_3868_renamed.jpg 1020w, https:\/\/agora.xtec.cat\/ceipcanmanent\/wp-content\/uploads\/usu153\/2018\/05\/IMG_3868_renamed-150x150.jpg 150w, https:\/\/agora.xtec.cat\/ceipcanmanent\/wp-content\/uploads\/usu153\/2018\/05\/IMG_3868_renamed-300x300.jpg 300w, https:\/\/agora.xtec.cat\/ceipcanmanent\/wp-content\/uploads\/usu153\/2018\/05\/IMG_3868_renamed-768x768.jpg 768w\" sizes=\"auto, (max-width: 247px) 100vw, 247px\" \/><\/a><a href=\"http:\/\/agora.xtec.cat\/ceipcanmanent\/wp-content\/uploads\/usu153\/2018\/05\/IMG_3871_renamed.jpg\"><img loading=\"lazy\" decoding=\"async\" class=\"alignnone wp-image-3602\" src=\"http:\/\/agora.xtec.cat\/ceipcanmanent\/wp-content\/uploads\/usu153\/2018\/05\/IMG_3871_renamed.jpg\" alt=\"\" width=\"247\" height=\"247\" srcset=\"https:\/\/agora.xtec.cat\/ceipcanmanent\/wp-content\/uploads\/usu153\/2018\/05\/IMG_3871_renamed.jpg 1020w, https:\/\/agora.xtec.cat\/ceipcanmanent\/wp-content\/uploads\/usu153\/2018\/05\/IMG_3871_renamed-150x150.jpg 150w, https:\/\/agora.xtec.cat\/ceipcanmanent\/wp-content\/uploads\/usu153\/2018\/05\/IMG_3871_renamed-300x300.jpg 300w, https:\/\/agora.xtec.cat\/ceipcanmanent\/wp-content\/uploads\/usu153\/2018\/05\/IMG_3871_renamed-768x768.jpg 768w\" sizes=\"auto, (max-width: 247px) 100vw, 247px\" \/><\/a><a href=\"http:\/\/agora.xtec.cat\/ceipcanmanent\/wp-content\/uploads\/usu153\/2018\/05\/IMG_3872_renamed.jpg\"><img loading=\"lazy\" decoding=\"async\" class=\"alignnone wp-image-3603\" src=\"http:\/\/agora.xtec.cat\/ceipcanmanent\/wp-content\/uploads\/usu153\/2018\/05\/IMG_3872_renamed.jpg\" alt=\"\" width=\"248\" height=\"248\" srcset=\"https:\/\/agora.xtec.cat\/ceipcanmanent\/wp-content\/uploads\/usu153\/2018\/05\/IMG_3872_renamed.jpg 1020w, https:\/\/agora.xtec.cat\/ceipcanmanent\/wp-content\/uploads\/usu153\/2018\/05\/IMG_3872_renamed-150x150.jpg 150w, https:\/\/agora.xtec.cat\/ceipcanmanent\/wp-content\/uploads\/usu153\/2018\/05\/IMG_3872_renamed-300x300.jpg 300w, https:\/\/agora.xtec.cat\/ceipcanmanent\/wp-content\/uploads\/usu153\/2018\/05\/IMG_3872_renamed-768x768.jpg 768w\" sizes=\"auto, (max-width: 248px) 100vw, 248px\" \/><\/a><a href=\"http:\/\/agora.xtec.cat\/ceipcanmanent\/wp-content\/uploads\/usu153\/2018\/05\/IMG_3867_renamed.jpg\"><img loading=\"lazy\" decoding=\"async\" class=\"alignnone wp-image-3598\" src=\"http:\/\/agora.xtec.cat\/ceipcanmanent\/wp-content\/uploads\/usu153\/2018\/05\/IMG_3867_renamed.jpg\" alt=\"\" width=\"246\" height=\"246\" srcset=\"https:\/\/agora.xtec.cat\/ceipcanmanent\/wp-content\/uploads\/usu153\/2018\/05\/IMG_3867_renamed.jpg 1020w, https:\/\/agora.xtec.cat\/ceipcanmanent\/wp-content\/uploads\/usu153\/2018\/05\/IMG_3867_renamed-150x150.jpg 150w, https:\/\/agora.xtec.cat\/ceipcanmanent\/wp-content\/uploads\/usu153\/2018\/05\/IMG_3867_renamed-300x300.jpg 300w, https:\/\/agora.xtec.cat\/ceipcanmanent\/wp-content\/uploads\/usu153\/2018\/05\/IMG_3867_renamed-768x768.jpg 768w\" sizes=\"auto, (max-width: 246px) 100vw, 246px\" \/><\/a><\/p>\n","protected":false},"excerpt":{"rendered":"<p> El dia 2 de maig, els alumnes de 5\u00e8 de l&#8217;escola,  v\u00e0rem fer una Masterclass amb la cantant, professora de cant i reeducadora vocal Esther Castells, mare de l&#8217;escola. Ens va explicar una mica el funcionament de la veu, on estaven les coredes vocals i com funcionaven i vam aprendre que per cantar cal:<\/p>\n","protected":false},"author":11,"featured_media":3601,"comment_status":"open","ping_status":"closed","sticky":false,"template":"","format":"standard","meta":{"_bbp_topic_count":0,"_bbp_reply_count":0,"_bbp_total_topic_count":0,"_bbp_total_reply_count":0,"_bbp_voice_count":0,"_bbp_anonymous_reply_count":0,"_bbp_topic_count_hidden":0,"_bbp_reply_count_hidden":0,"_bbp_forum_subforum_count":0,"site-sidebar-layout":"default","site-content-layout":"","ast-site-content-layout":"","site-content-style":"default","site-sidebar-style":"default","ast-global-header-display":"","ast-banner-title-visibility":"","ast-main-header-display":"","ast-hfb-above-header-display":"","ast-hfb-below-header-display":"","ast-hfb-mobile-header-display":"","site-post-title":"","ast-breadcrumbs-content":"","ast-featured-img":"","footer-sml-layout":"","theme-transparent-header-meta":"","adv-header-id-meta":"","stick-header-meta":"","header-above-stick-meta":"","header-main-stick-meta":"","header-below-stick-meta":"","astra-migrate-meta-layouts":"default","ast-page-background-enabled":"default","ast-page-background-meta":{"desktop":{"background-color":"var(--ast-global-color-4)","background-image":"","background-repeat":"repeat","background-position":"center center","background-size":"auto","background-attachment":"scroll","background-type":"","background-media":"","overlay-type":"","overlay-color":"","overlay-opacity":"","overlay-gradient":""},"tablet":{"background-color":"","background-image":"","background-repeat":"repeat","background-position":"center center","background-size":"auto","background-attachment":"scroll","background-type":"","background-media":"","overlay-type":"","overlay-color":"","overlay-opacity":"","overlay-gradient":""},"mobile":{"background-color":"","background-image":"","background-repeat":"repeat","background-position":"center center","background-size":"auto","background-attachment":"scroll","background-type":"","background-media":"","overlay-type":"","overlay-color":"","overlay-opacity":"","overlay-gradient":""}},"ast-content-background-meta":{"desktop":{"background-color":"var(--ast-global-color-5)","background-image":"","background-repeat":"repeat","background-position":"center center","background-size":"auto","background-attachment":"scroll","background-type":"","background-media":"","overlay-type":"","overlay-color":"","overlay-opacity":"","overlay-gradient":""},"tablet":{"background-color":"var(--ast-global-color-5)","background-image":"","background-repeat":"repeat","background-position":"center center","background-size":"auto","background-attachment":"scroll","background-type":"","background-media":"","overlay-type":"","overlay-color":"","overlay-opacity":"","overlay-gradient":""},"mobile":{"background-color":"var(--ast-global-color-5)","background-image":"","background-repeat":"repeat","background-position":"center center","background-size":"auto","background-attachment":"scroll","background-type":"","background-media":"","overlay-type":"","overlay-color":"","overlay-opacity":"","overlay-gradient":""}},"footnotes":""},"categories":[14,82,1,67,4],"tags":[159,131,161,112,66,64,62,30,116],"class_list":["post-3597","post","type-post","status-publish","format-standard","has-post-thumbnail","hentry","category-5e","category-grans","category-general","category-musica","category-portada","tag-2017-18","tag-5e","tag-cantania-2018","tag-comunitat-de-grans","tag-festes-populars","tag-instruments","tag-musica","tag-primaria-2","tag-projectes"],"post_mailing_queue_ids":[],"_links":{"self":[{"href":"https:\/\/agora.xtec.cat\/ceipcanmanent\/wp-json\/wp\/v2\/posts\/3597","targetHints":{"allow":["GET"]}}],"collection":[{"href":"https:\/\/agora.xtec.cat\/ceipcanmanent\/wp-json\/wp\/v2\/posts"}],"about":[{"href":"https:\/\/agora.xtec.cat\/ceipcanmanent\/wp-json\/wp\/v2\/types\/post"}],"author":[{"embeddable":true,"href":"https:\/\/agora.xtec.cat\/ceipcanmanent\/wp-json\/wp\/v2\/users\/11"}],"replies":[{"embeddable":true,"href":"https:\/\/agora.xtec.cat\/ceipcanmanent\/wp-json\/wp\/v2\/comments?post=3597"}],"version-history":[{"count":4,"href":"https:\/\/agora.xtec.cat\/ceipcanmanent\/wp-json\/wp\/v2\/posts\/3597\/revisions"}],"predecessor-version":[{"id":3661,"href":"https:\/\/agora.xtec.cat\/ceipcanmanent\/wp-json\/wp\/v2\/posts\/3597\/revisions\/3661"}],"wp:featuredmedia":[{"embeddable":true,"href":"https:\/\/agora.xtec.cat\/ceipcanmanent\/wp-json\/wp\/v2\/media\/3601"}],"wp:attachment":[{"href":"https:\/\/agora.xtec.cat\/ceipcanmanent\/wp-json\/wp\/v2\/media?parent=3597"}],"wp:term":[{"taxonomy":"category","embeddable":true,"href":"https:\/\/agora.xtec.cat\/ceipcanmanent\/wp-json\/wp\/v2\/categories?post=3597"},{"taxonomy":"post_tag","embeddable":true,"href":"https:\/\/agora.xtec.cat\/ceipcanmanent\/wp-json\/wp\/v2\/tags?post=3597"}],"curies":[{"name":"wp","href":"https:\/\/api.w.org\/{rel}","templated":true}]}}