{"id":3585,"date":"2018-05-18T22:35:56","date_gmt":"2018-05-18T20:35:56","guid":{"rendered":"http:\/\/agora.xtec.cat\/ceipcanmanent\/?p=3585"},"modified":"2018-05-18T22:42:41","modified_gmt":"2018-05-18T20:42:41","slug":"recorregut-per-10-anys-dambients-a-can-manent","status":"publish","type":"post","link":"https:\/\/agora.xtec.cat\/ceipcanmanent\/general\/recorregut-per-10-anys-dambients-a-can-manent\/","title":{"rendered":"Recorregut per 10 anys d&#8217;Ambients a Can Manent"},"content":{"rendered":"<p>&nbsp;<\/p>\n<div id=\"contentsContainer\">\n<div id=\"contents\">\n<p class=\"qowt-stl-BodyText\">Fa unes setmanes vam convidar als pares de la comunitat de Petits a vivenciar i reflexionar sobre les estones d&#8217;Ambients que di\u00e0riament viuen els seus fills tots els matints. Aquesta invitaci\u00f3 la fem cada 2 cursos, ara al 2018 s&#8217;ha realitzat en el context de la celebraci\u00f3 del 10\u00e8 aniversari de Can Manent, per remarcar-ho\u00a0 les mestres d&#8217;infantil ens han fet arribar aquest escrit:<\/p>\n<p class=\"qowt-stl-BodyText\" style=\"text-align: justify;\"><strong><em><span id=\"E92\">\u00a0 \u00a0 \u00a0<a href=\"http:\/\/agora.xtec.cat\/ceipcanmanent\/general\/recorregut-per-10-anys-dambients-a-can-manent\/attachment\/img_20180418_165948_259-collage\/\" rel=\"attachment wp-att-3590\"><img loading=\"lazy\" decoding=\"async\" class=\"wp-image-3590 alignleft\" src=\"http:\/\/agora.xtec.cat\/ceipcanmanent\/wp-content\/uploads\/usu153\/2018\/05\/IMG_20180418_165948_259-COLLAGE-300x300.jpg\" alt=\"\" width=\"377\" height=\"377\" srcset=\"https:\/\/agora.xtec.cat\/ceipcanmanent\/wp-content\/uploads\/usu153\/2018\/05\/IMG_20180418_165948_259-COLLAGE-300x300.jpg 300w, https:\/\/agora.xtec.cat\/ceipcanmanent\/wp-content\/uploads\/usu153\/2018\/05\/IMG_20180418_165948_259-COLLAGE-150x150.jpg 150w, https:\/\/agora.xtec.cat\/ceipcanmanent\/wp-content\/uploads\/usu153\/2018\/05\/IMG_20180418_165948_259-COLLAGE-768x768.jpg 768w, https:\/\/agora.xtec.cat\/ceipcanmanent\/wp-content\/uploads\/usu153\/2018\/05\/IMG_20180418_165948_259-COLLAGE-1024x1024.jpg 1024w, https:\/\/agora.xtec.cat\/ceipcanmanent\/wp-content\/uploads\/usu153\/2018\/05\/IMG_20180418_165948_259-COLLAGE.jpg 2046w\" sizes=\"auto, (max-width: 377px) 100vw, 377px\" \/><\/a><\/span><\/em><\/strong><strong><em><span id=\"E92\">&#8220;Els inicis de l\u2019escola estaven impregnats \u201cd\u2019ambients\u201d. Tot girava entorn d\u2019aquests espais que hav\u00edem sentit a parlar, hav\u00edem vist de lluny i que ens van enamorar.<\/span><\/em><\/strong><\/p>\n<p id=\"E94\" class=\"qowt-stl-BodyText\" style=\"text-align: justify;\"><strong><em><span id=\"E95\">Les m\u00e0ximes per posar-los en funcionament van ser la intu\u00efci\u00f3 d\u2019allunyar-nos d\u2019un sistema encaixonat i d\u2019oferir als nostres infants all\u00f2 que m\u00e9s necessiten, all\u00f2 que m\u00e9s els fa cr\u00e9ixer. No ten\u00edem la formaci\u00f3, per\u00f2 s\u00ed el fort desig<\/span><span id=\"E96\"> <\/span><span id=\"E97\">d\u2019arribar-hi.<\/span><\/em><\/strong><\/p>\n<p id=\"E99\" class=\"qowt-stl-BodyText\" style=\"text-align: justify;\"><strong><em><span id=\"E100\">Els primers anys tot va anar amb crosses: necessit\u00e0vem acotar el nombre de nens, tenir grups estables, registrar les assist\u00e8ncies&#8230; F\u00e8iem observacions i les trapass\u00e0vem en reunions de comunitat. Ten\u00edem clar que el que passava als ambients havia de formar part de l\u2019eix dels informes, perqu\u00e8 eren moments de m\u00e0xima espontane\u00eftat en qu\u00e8 cada infant treia el millor d\u2019ell<\/span><span id=\"E101\"> <\/span><span id=\"E102\">mateix.<\/span><\/em><\/strong><\/p>\n<p id=\"E104\" class=\"qowt-stl-BodyText\" style=\"text-align: justify;\"><strong><em><span id=\"E105\">Des de l\u2019inici hi va haver una caracter\u00edstica en la nostra din\u00e0mica com a professionals: ens vam deixar interpel\u00b7lar pel que esdevenia en els ambients. Ens vam adonar en petits detalls que els infants tenien la resposta a les preguntes que ens an\u00e0vem fent. No sempre sab\u00edem llegir-la o no sempre trob\u00e0vem la manera de concretar-la. Per\u00f2 centrar la mirada en ells ens donava moltes pistes.<\/span><\/em><\/strong><\/p>\n<p id=\"E107\" class=\"qowt-stl-BodyText\" style=\"text-align: justify;\"><strong><em><span id=\"E108\">Va ser un per\u00edode tamb\u00e9 de molta formaci\u00f3: els Wild (la mare dels ous), l\u2019escola p\u00fablica Martinet (la mare agosarada que traspassa el contingut dels Wild a l\u2019escola p\u00fablica), els encontres amb les escoles de nova creaci\u00f3&#8230; i tot un moviment en qu\u00e8 moltes mestres volien avan\u00e7ar cap a l\u2019infant que batega, m\u00e9s que no pas cap a unes programacions deslligades de la vida. Converses interminables, apassionades, plenes de connexions intenses que van tocar les nostres vides personals. No treball\u00e0vem per l\u2019escola: constru\u00edem una mirada cap a l\u2019infant. El nostre interior va quedar tocat i modificat, va cr\u00e9ixer amb ells.<\/span><\/em><\/strong><\/p>\n<p class=\"qowt-stl-BodyText\" style=\"text-align: justify;\"><strong><em><span id=\"E108\"><a href=\"http:\/\/agora.xtec.cat\/ceipcanmanent\/general\/recorregut-per-10-anys-dambients-a-can-manent\/attachment\/img_20180418_175621_774-collage\/\" rel=\"attachment wp-att-3588\"><img loading=\"lazy\" decoding=\"async\" class=\" wp-image-3588 alignright\" src=\"http:\/\/agora.xtec.cat\/ceipcanmanent\/wp-content\/uploads\/usu153\/2018\/05\/IMG_20180418_175621_774-COLLAGE-300x300.jpg\" alt=\"\" width=\"419\" height=\"419\" srcset=\"https:\/\/agora.xtec.cat\/ceipcanmanent\/wp-content\/uploads\/usu153\/2018\/05\/IMG_20180418_175621_774-COLLAGE-300x300.jpg 300w, https:\/\/agora.xtec.cat\/ceipcanmanent\/wp-content\/uploads\/usu153\/2018\/05\/IMG_20180418_175621_774-COLLAGE-150x150.jpg 150w, https:\/\/agora.xtec.cat\/ceipcanmanent\/wp-content\/uploads\/usu153\/2018\/05\/IMG_20180418_175621_774-COLLAGE-768x768.jpg 768w, https:\/\/agora.xtec.cat\/ceipcanmanent\/wp-content\/uploads\/usu153\/2018\/05\/IMG_20180418_175621_774-COLLAGE-1024x1024.jpg 1024w, https:\/\/agora.xtec.cat\/ceipcanmanent\/wp-content\/uploads\/usu153\/2018\/05\/IMG_20180418_175621_774-COLLAGE.jpg 2046w\" sizes=\"auto, (max-width: 419px) 100vw, 419px\" \/><\/a><\/span><\/em><\/strong><\/p>\n<\/div>\n<\/div>\n<div id=\"pageBorders\" style=\"text-align: justify;\"><strong><em>\u00a0<\/em><\/strong><\/div>\n<div id=\"contentsContainer\">\n<div id=\"contents\">\n<p id=\"E113\" class=\"qowt-stl-BodyText\" style=\"text-align: justify;\"><strong><em><span id=\"E114\">Hem tingut molts ambients: aigua, textures, teatre\/expressi\u00f3, casa, construccions, esmorzar\/fruita, botiga, metalls, activitats aut\u00f2nomes, art\u00edstic, llum i ombres, aire lliure, sorra, llavors, salut, fang, invents&#8230; tot aix\u00f2 fins a dia d\u2019avui. Hi haur\u00e0 nous matisos, segur.<\/span><\/em><\/strong><\/p>\n<p id=\"E116\" class=\"qowt-stl-BodyText\" style=\"text-align: justify;\"><span id=\"E117\"><strong><em>Amb el pas del temps i la incorporaci\u00f3 de persones motivades en el mateix sentit, hem aprofundit en cada detall dels ambients te\u00f2ric i pr\u00e0ctic.<\/em><\/strong><\/span><\/p>\n<p id=\"E119\" class=\"qowt-li-0_0 qowt-list qowt-stl-ListParagraph\" style=\"text-align: justify;\"><strong><em><span id=\"E120\">Hem afinat en el que ofertem: material, tem\u00e0tica, adequaci\u00f3 a l\u2019edat, varietat, autonomia per accedir al<\/span><span id=\"E121\"> <\/span><span id=\"E122\">material&#8230;<\/span><\/em><\/strong><\/p>\n<p id=\"E123\" class=\"qowt-li-0_0 qowt-list qowt-stl-ListParagraph\" style=\"text-align: justify;\"><strong><em><span id=\"E124\">Hem apostat per lLa lliure circulaci\u00f3 entre grups i<\/span><span id=\"E125\"> <\/span><span id=\"E126\">ambients.<\/span><\/em><\/strong><\/p>\n<p id=\"E127\" class=\"qowt-li-0_0 qowt-list qowt-stl-ListParagraph\" style=\"text-align: justify;\"><strong><em><span id=\"E128\">Hem creat unes r\u00fabriques d\u2019observaci\u00f3 que es basen en el que hem recollit al llarg dels dies per poder fer un seguiment de l\u2019alumnat<\/span><\/em><\/strong><\/p>\n<p id=\"E129\" class=\"qowt-li-0_0 qowt-list qowt-stl-ListParagraph\" style=\"text-align: justify;\"><strong><em><span id=\"E130\">Hem reflexionat i definit el paper de<\/span><span id=\"E131\"> <\/span><span id=\"E132\">l\u2019adult<\/span><\/em><\/strong><\/p>\n<p id=\"E133\" class=\"qowt-li-0_0 qowt-list qowt-stl-ListParagraph\" style=\"text-align: justify;\"><strong><em><span id=\"E134\">Hem incorporat el \u201cFer-pensar-comunicar\u201d per intentar plasmar el moment que ha viscut l\u2019infant, vincular el que ha passat amb l\u2019aprenentatge.<\/span><\/em><\/strong><\/p>\n<p id=\"E136\" class=\"qowt-stl-BodyText\"><strong><em><span id=\"E137\">A dia d\u2019avui, seguim conscients que queda molt a millorar, no hi ha res afincat&#8230; mentre hi hagi un infant nou, el cam\u00ed queda<\/span><span id=\"E138\"> <\/span><span id=\"E139\">obert.<\/span><\/em><\/strong><\/p>\n<p id=\"E141\" class=\"qowt-stl-BodyText\"><strong><em><span id=\"E142\">Viure els ambients \u00e9s una grand\u00edssima escola per aprendre a con\u00e8ixer els nens i nenes, una oportunitat per a meravellar-nos-en. Sens dubte un dels millors regals que hem gaudit com a<\/span><span id=\"E143\"> <\/span><span id=\"E144\">professionals.&#8221;<\/span><\/em><\/strong><\/p>\n<\/div>\n<\/div>\n<p>&nbsp;<\/p>\n","protected":false},"excerpt":{"rendered":"<p>Fa unes setmanes vam convidar als pares de la comunitat de Petits a vivenciar i reflexionar sobre les estones d&#8217;Ambients que di\u00e0riament viuen els seus fills tots els matints. Aquesta invitaci\u00f3 la fem cada 2 cursos, ara al 2018 s&#8217;ha realitzat en el context de la celebraci\u00f3 del 10\u00e8 aniversari de Can Manent, per remarcar-ho  les mestres d&#8217;infantil ens han fet arribar aquest escrit:<\/p>\n","protected":false},"author":1,"featured_media":3590,"comment_status":"open","ping_status":"closed","sticky":false,"template":"","format":"standard","meta":{"_bbp_topic_count":0,"_bbp_reply_count":0,"_bbp_total_topic_count":0,"_bbp_total_reply_count":0,"_bbp_voice_count":0,"_bbp_anonymous_reply_count":0,"_bbp_topic_count_hidden":0,"_bbp_reply_count_hidden":0,"_bbp_forum_subforum_count":0,"site-sidebar-layout":"default","site-content-layout":"","ast-site-content-layout":"","site-content-style":"default","site-sidebar-style":"default","ast-global-header-display":"","ast-banner-title-visibility":"","ast-main-header-display":"","ast-hfb-above-header-display":"","ast-hfb-below-header-display":"","ast-hfb-mobile-header-display":"","site-post-title":"","ast-breadcrumbs-content":"","ast-featured-img":"","footer-sml-layout":"","theme-transparent-header-meta":"","adv-header-id-meta":"","stick-header-meta":"","header-above-stick-meta":"","header-main-stick-meta":"","header-below-stick-meta":"","astra-migrate-meta-layouts":"default","ast-page-background-enabled":"default","ast-page-background-meta":{"desktop":{"background-color":"var(--ast-global-color-4)","background-image":"","background-repeat":"repeat","background-position":"center center","background-size":"auto","background-attachment":"scroll","background-type":"","background-media":"","overlay-type":"","overlay-color":"","overlay-opacity":"","overlay-gradient":""},"tablet":{"background-color":"","background-image":"","background-repeat":"repeat","background-position":"center center","background-size":"auto","background-attachment":"scroll","background-type":"","background-media":"","overlay-type":"","overlay-color":"","overlay-opacity":"","overlay-gradient":""},"mobile":{"background-color":"","background-image":"","background-repeat":"repeat","background-position":"center center","background-size":"auto","background-attachment":"scroll","background-type":"","background-media":"","overlay-type":"","overlay-color":"","overlay-opacity":"","overlay-gradient":""}},"ast-content-background-meta":{"desktop":{"background-color":"var(--ast-global-color-5)","background-image":"","background-repeat":"repeat","background-position":"center center","background-size":"auto","background-attachment":"scroll","background-type":"","background-media":"","overlay-type":"","overlay-color":"","overlay-opacity":"","overlay-gradient":""},"tablet":{"background-color":"var(--ast-global-color-5)","background-image":"","background-repeat":"repeat","background-position":"center center","background-size":"auto","background-attachment":"scroll","background-type":"","background-media":"","overlay-type":"","overlay-color":"","overlay-opacity":"","overlay-gradient":""},"mobile":{"background-color":"var(--ast-global-color-5)","background-image":"","background-repeat":"repeat","background-position":"center center","background-size":"auto","background-attachment":"scroll","background-type":"","background-media":"","overlay-type":"","overlay-color":"","overlay-opacity":"","overlay-gradient":""}},"footnotes":""},"categories":[1,4],"tags":[159,109,43],"class_list":["post-3585","post","type-post","status-publish","format-standard","has-post-thumbnail","hentry","category-general","category-portada","tag-2017-18","tag-innovacio-educativa","tag-manipulacio-ambients"],"post_mailing_queue_ids":[],"_links":{"self":[{"href":"https:\/\/agora.xtec.cat\/ceipcanmanent\/wp-json\/wp\/v2\/posts\/3585","targetHints":{"allow":["GET"]}}],"collection":[{"href":"https:\/\/agora.xtec.cat\/ceipcanmanent\/wp-json\/wp\/v2\/posts"}],"about":[{"href":"https:\/\/agora.xtec.cat\/ceipcanmanent\/wp-json\/wp\/v2\/types\/post"}],"author":[{"embeddable":true,"href":"https:\/\/agora.xtec.cat\/ceipcanmanent\/wp-json\/wp\/v2\/users\/1"}],"replies":[{"embeddable":true,"href":"https:\/\/agora.xtec.cat\/ceipcanmanent\/wp-json\/wp\/v2\/comments?post=3585"}],"version-history":[{"count":3,"href":"https:\/\/agora.xtec.cat\/ceipcanmanent\/wp-json\/wp\/v2\/posts\/3585\/revisions"}],"predecessor-version":[{"id":3596,"href":"https:\/\/agora.xtec.cat\/ceipcanmanent\/wp-json\/wp\/v2\/posts\/3585\/revisions\/3596"}],"wp:featuredmedia":[{"embeddable":true,"href":"https:\/\/agora.xtec.cat\/ceipcanmanent\/wp-json\/wp\/v2\/media\/3590"}],"wp:attachment":[{"href":"https:\/\/agora.xtec.cat\/ceipcanmanent\/wp-json\/wp\/v2\/media?parent=3585"}],"wp:term":[{"taxonomy":"category","embeddable":true,"href":"https:\/\/agora.xtec.cat\/ceipcanmanent\/wp-json\/wp\/v2\/categories?post=3585"},{"taxonomy":"post_tag","embeddable":true,"href":"https:\/\/agora.xtec.cat\/ceipcanmanent\/wp-json\/wp\/v2\/tags?post=3585"}],"curies":[{"name":"wp","href":"https:\/\/api.w.org\/{rel}","templated":true}]}}