{"id":3454,"date":"2018-03-15T13:39:11","date_gmt":"2018-03-15T12:39:11","guid":{"rendered":"http:\/\/agora.xtec.cat\/ceipcanmanent\/?p=3454"},"modified":"2018-03-17T16:25:23","modified_gmt":"2018-03-17T15:25:23","slug":"entrevista-a-lartista-sabala","status":"publish","type":"post","link":"https:\/\/agora.xtec.cat\/ceipcanmanent\/general\/entrevista-a-lartista-sabala\/","title":{"rendered":"Entrevista a l&#8217;artista Elisabeth Sabala"},"content":{"rendered":"<p><a href=\"http:\/\/agora.xtec.cat\/ceipcanmanent\/general\/entrevista-a-lartista-sabala\/attachment\/img_20180315_094753_858\/\" rel=\"attachment wp-att-3517\"><img loading=\"lazy\" decoding=\"async\" class=\"alignleft size-medium wp-image-3517\" src=\"http:\/\/agora.xtec.cat\/ceipcanmanent\/wp-content\/uploads\/usu153\/2018\/03\/IMG_20180315_094753_858-300x225.jpg\" alt=\"\" width=\"300\" height=\"225\" srcset=\"https:\/\/agora.xtec.cat\/ceipcanmanent\/wp-content\/uploads\/usu153\/2018\/03\/IMG_20180315_094753_858-300x225.jpg 300w, https:\/\/agora.xtec.cat\/ceipcanmanent\/wp-content\/uploads\/usu153\/2018\/03\/IMG_20180315_094753_858-768x576.jpg 768w, https:\/\/agora.xtec.cat\/ceipcanmanent\/wp-content\/uploads\/usu153\/2018\/03\/IMG_20180315_094753_858-1024x768.jpg 1024w, https:\/\/agora.xtec.cat\/ceipcanmanent\/wp-content\/uploads\/usu153\/2018\/03\/IMG_20180315_094753_858-200x150.jpg 200w\" sizes=\"auto, (max-width: 300px) 100vw, 300px\" \/><\/a>Avui ha estat un dia especial a la nostra escola. L\u2019Artista Sabala ens ha visitat i hem estat els primers a rebre-la. Per qu\u00e8 hem estat els primers, els nens i nenes de 5\u00e8 A i B? B\u00e9, no tots, una petita representaci\u00f3. Doncs perqu\u00e8 hem tingut l\u2019honor d\u2019estrenar-nos fent-li una entrevista a la r\u00e0dio. A la nostra;\u00a0 R\u00e0dio Can Manent.<\/p>\n<p><a href=\"https:\/\/photos.app.goo.gl\/ppIr6n9znAfoLghK2\">Aqu\u00ed podeu mirar m\u00e9s imatges de la visita<\/a><\/p>\n<!--[if lt IE 9]><script>document.createElement('audio');<\/script><![endif]-->\n<audio class=\"wp-audio-shortcode\" id=\"audio-3454-1\" preload=\"none\" style=\"width: 100%;\" controls=\"controls\"><source type=\"audio\/mpeg\" src=\"http:\/\/agora.xtec.cat\/ceipcanmanent\/wp-content\/uploads\/usu153\/2018\/03\/Entrevista-a-la-Sabala-ok..mp3?_=1\" \/><a href=\"http:\/\/agora.xtec.cat\/ceipcanmanent\/wp-content\/uploads\/usu153\/2018\/03\/Entrevista-a-la-Sabala-ok..mp3\">http:\/\/agora.xtec.cat\/ceipcanmanent\/wp-content\/uploads\/usu153\/2018\/03\/Entrevista-a-la-Sabala-ok..mp3<\/a><\/audio>\n","protected":false},"excerpt":{"rendered":"<p>Avui ha estat un dia especial a la nostra escola. L\u2019Artista Sabala ens ha visitat i hem estat els primers a rebre-la. Per qu\u00e8 hem estat els primers, els nens i nenes de 5\u00e8 A i B? B\u00e9, no tots, una petita representaci\u00f3. Doncs perqu\u00e8 hem tingut l\u2019honor d\u2019estrenar-nos fent-li una entrevista a la r\u00e0dio. [&hellip;]<\/p>\n","protected":false},"author":7,"featured_media":3518,"comment_status":"open","ping_status":"closed","sticky":false,"template":"","format":"standard","meta":{"_bbp_topic_count":0,"_bbp_reply_count":0,"_bbp_total_topic_count":0,"_bbp_total_reply_count":0,"_bbp_voice_count":0,"_bbp_anonymous_reply_count":0,"_bbp_topic_count_hidden":0,"_bbp_reply_count_hidden":0,"_bbp_forum_subforum_count":0,"site-sidebar-layout":"default","site-content-layout":"","ast-site-content-layout":"","site-content-style":"default","site-sidebar-style":"default","ast-global-header-display":"","ast-banner-title-visibility":"","ast-main-header-display":"","ast-hfb-above-header-display":"","ast-hfb-below-header-display":"","ast-hfb-mobile-header-display":"","site-post-title":"","ast-breadcrumbs-content":"","ast-featured-img":"","footer-sml-layout":"","theme-transparent-header-meta":"","adv-header-id-meta":"","stick-header-meta":"","header-above-stick-meta":"","header-main-stick-meta":"","header-below-stick-meta":"","astra-migrate-meta-layouts":"default","ast-page-background-enabled":"default","ast-page-background-meta":{"desktop":{"background-color":"var(--ast-global-color-4)","background-image":"","background-repeat":"repeat","background-position":"center center","background-size":"auto","background-attachment":"scroll","background-type":"","background-media":"","overlay-type":"","overlay-color":"","overlay-opacity":"","overlay-gradient":""},"tablet":{"background-color":"","background-image":"","background-repeat":"repeat","background-position":"center center","background-size":"auto","background-attachment":"scroll","background-type":"","background-media":"","overlay-type":"","overlay-color":"","overlay-opacity":"","overlay-gradient":""},"mobile":{"background-color":"","background-image":"","background-repeat":"repeat","background-position":"center center","background-size":"auto","background-attachment":"scroll","background-type":"","background-media":"","overlay-type":"","overlay-color":"","overlay-opacity":"","overlay-gradient":""}},"ast-content-background-meta":{"desktop":{"background-color":"var(--ast-global-color-5)","background-image":"","background-repeat":"repeat","background-position":"center center","background-size":"auto","background-attachment":"scroll","background-type":"","background-media":"","overlay-type":"","overlay-color":"","overlay-opacity":"","overlay-gradient":""},"tablet":{"background-color":"var(--ast-global-color-5)","background-image":"","background-repeat":"repeat","background-position":"center center","background-size":"auto","background-attachment":"scroll","background-type":"","background-media":"","overlay-type":"","overlay-color":"","overlay-opacity":"","overlay-gradient":""},"mobile":{"background-color":"var(--ast-global-color-5)","background-image":"","background-repeat":"repeat","background-position":"center center","background-size":"auto","background-attachment":"scroll","background-type":"","background-media":"","overlay-type":"","overlay-color":"","overlay-opacity":"","overlay-gradient":""}},"footnotes":""},"categories":[14,82,1,4],"tags":[159,131,112,40],"class_list":["post-3454","post","type-post","status-publish","format-standard","has-post-thumbnail","hentry","category-5e","category-grans","category-general","category-portada","tag-2017-18","tag-5e","tag-comunitat-de-grans","tag-radio-escolar"],"post_mailing_queue_ids":[],"_links":{"self":[{"href":"https:\/\/agora.xtec.cat\/ceipcanmanent\/wp-json\/wp\/v2\/posts\/3454","targetHints":{"allow":["GET"]}}],"collection":[{"href":"https:\/\/agora.xtec.cat\/ceipcanmanent\/wp-json\/wp\/v2\/posts"}],"about":[{"href":"https:\/\/agora.xtec.cat\/ceipcanmanent\/wp-json\/wp\/v2\/types\/post"}],"author":[{"embeddable":true,"href":"https:\/\/agora.xtec.cat\/ceipcanmanent\/wp-json\/wp\/v2\/users\/7"}],"replies":[{"embeddable":true,"href":"https:\/\/agora.xtec.cat\/ceipcanmanent\/wp-json\/wp\/v2\/comments?post=3454"}],"version-history":[{"count":3,"href":"https:\/\/agora.xtec.cat\/ceipcanmanent\/wp-json\/wp\/v2\/posts\/3454\/revisions"}],"predecessor-version":[{"id":3522,"href":"https:\/\/agora.xtec.cat\/ceipcanmanent\/wp-json\/wp\/v2\/posts\/3454\/revisions\/3522"}],"wp:featuredmedia":[{"embeddable":true,"href":"https:\/\/agora.xtec.cat\/ceipcanmanent\/wp-json\/wp\/v2\/media\/3518"}],"wp:attachment":[{"href":"https:\/\/agora.xtec.cat\/ceipcanmanent\/wp-json\/wp\/v2\/media?parent=3454"}],"wp:term":[{"taxonomy":"category","embeddable":true,"href":"https:\/\/agora.xtec.cat\/ceipcanmanent\/wp-json\/wp\/v2\/categories?post=3454"},{"taxonomy":"post_tag","embeddable":true,"href":"https:\/\/agora.xtec.cat\/ceipcanmanent\/wp-json\/wp\/v2\/tags?post=3454"}],"curies":[{"name":"wp","href":"https:\/\/api.w.org\/{rel}","templated":true}]}}