{"id":3307,"date":"2018-01-11T13:26:13","date_gmt":"2018-01-11T12:26:13","guid":{"rendered":"http:\/\/agora.xtec.cat\/ceipcanmanent\/?p=3307"},"modified":"2018-02-02T17:14:57","modified_gmt":"2018-02-02T16:14:57","slug":"cantania-2018-particules","status":"publish","type":"post","link":"https:\/\/agora.xtec.cat\/ceipcanmanent\/general\/cantania-2018-particules\/","title":{"rendered":"CANT\u00c0NIA 2018. PART\u00cdCULES"},"content":{"rendered":"<h3><\/h3>\n<p>M\u00fasica de Llu\u00eds Vidal \/ Text de Segi Belbel<\/p>\n<p>Com cada curs, els nens i les nenes de 5\u00e8 comencem a preparar les can\u00e7ons del Cant\u00e0nia d&#8217;aquest curs.<\/p>\n<p><a href=\"http:\/\/agora.xtec.cat\/ceipcanmanent\/wp-content\/uploads\/usu153\/2018\/01\/Portada_Particules_2018.jpg\"><img loading=\"lazy\" decoding=\"async\" class=\"alignnone size-full wp-image-3309\" src=\"http:\/\/agora.xtec.cat\/ceipcanmanent\/wp-content\/uploads\/usu153\/2018\/01\/Portada_Particules_2018.jpg\" alt=\"\" width=\"320\" height=\"320\" srcset=\"https:\/\/agora.xtec.cat\/ceipcanmanent\/wp-content\/uploads\/usu153\/2018\/01\/Portada_Particules_2018.jpg 320w, https:\/\/agora.xtec.cat\/ceipcanmanent\/wp-content\/uploads\/usu153\/2018\/01\/Portada_Particules_2018-150x150.jpg 150w, https:\/\/agora.xtec.cat\/ceipcanmanent\/wp-content\/uploads\/usu153\/2018\/01\/Portada_Particules_2018-300x300.jpg 300w\" sizes=\"auto, (max-width: 320px) 100vw, 320px\" \/><\/a><\/p>\n<h3><\/h3>\n<p>M\u00fasica de Llu\u00eds Vidal \/ Text de Segi Belbel<\/p>\n<p><a href=\"http:\/\/agora.xtec.cat\/ceipcanmanent\/wp-content\/uploads\/usu153\/2018\/01\/Llu\u00eds-Vidal.jpg\"><img loading=\"lazy\" decoding=\"async\" class=\"alignnone wp-image-3312\" src=\"http:\/\/agora.xtec.cat\/ceipcanmanent\/wp-content\/uploads\/usu153\/2018\/01\/Llu\u00eds-Vidal.jpg\" alt=\"\" width=\"260\" height=\"392\" srcset=\"https:\/\/agora.xtec.cat\/ceipcanmanent\/wp-content\/uploads\/usu153\/2018\/01\/Llu\u00eds-Vidal.jpg 447w, https:\/\/agora.xtec.cat\/ceipcanmanent\/wp-content\/uploads\/usu153\/2018\/01\/Llu\u00eds-Vidal-199x300.jpg 199w\" sizes=\"auto, (max-width: 260px) 100vw, 260px\" \/><\/a><\/p>\n<p>Llu\u00eds Vidal <a href=\"http:\/\/www.lluisvidal.net\/bio-molt-breu\">http:\/\/www.lluisvidal.net\/bio-molt-breu<\/a><\/p>\n<p><a href=\"http:\/\/agora.xtec.cat\/ceipcanmanent\/wp-content\/uploads\/usu153\/2018\/01\/belbel.jpg\"><img loading=\"lazy\" decoding=\"async\" class=\"alignnone size-full wp-image-3310\" src=\"http:\/\/agora.xtec.cat\/ceipcanmanent\/wp-content\/uploads\/usu153\/2018\/01\/belbel.jpg\" alt=\"\" width=\"275\" height=\"183\" \/><\/a><\/p>\n<p>Sergi Belbel<\/p>\n<p><i>&#8220;No recordo com va ser que vaig decidir que la hist\u00f2ria de l&#8217;Univers podia constituir la base del text de la Cant\u00e0nia del 2018 quan la meravellosa gent de l&#8217;Auditori que s&#8217;encarrega d&#8217;organitzar-les em van fer la proposta.\u00a0<\/i><i>Fa disset anys havia escrit un musical amb el compositor \u00d2scar Roig sobre la fam\u00edlia, el temps i la mort, a partir de la interpretaci\u00f3 sui generis d&#8217;alguns conceptes de f\u00edsica qu\u00e0ntica (El temps de Planck, que es va veure l&#8217;any 2000 al Teatre Romea) i des d&#8217;aleshores el tema de l&#8217;Univers, de com es va originar a partir d&#8217;una gran explosi\u00f3 (&#8220;Big Bang&#8221;) fa tretze mil milions d&#8217;anys i de les lleis cient\u00edfiques que el regeixen, sempre m&#8217;havia atret. <\/i><br \/>\n<i><br \/>\n<\/i> <i>A l&#8217;Univers, tot es belluga. Tot s&#8217;escalfa o es refreda. Les part\u00edcules vibren. I qu\u00e8 \u00e9s la m\u00fasica? Exactament aix\u00f2: vibraci\u00f3, temperatura, part\u00edcules en moviment fren\u00e8tic o pausat, ca\u00f2tic o harm\u00f2nic. Per\u00f2 tamb\u00e9 \u00e9s \u00e0nima, sentiment, misteri. No podem at\u00e8nyer nom\u00e9s amb la ra\u00f3 la immensitat de l&#8217;Univers i la m\u00fasica ens pot ajudar a entendre&#8217;l. I \u00e9s el que ha fet en Llu\u00eds Vidal amb la seva composici\u00f3 lleugera i profunda alhora, &#8220;c\u00f2smica&#8221;, plena de color, de joc, de saviesa, de vida&#8230; Ha sabut tocar la m\u00fasica de l&#8217;Univers. Misteriosa i evocadora.&#8221;<\/i><br \/>\n<i><br \/>\n<\/i><\/p>\n<p>Els cient\u00edfics afirmen que fa aproximadament tretze mil milions d&#8217;anys, una gran explosi\u00f3 va originar el nostre Univers. En els primers instants de la seva exist\u00e8ncia, es varen crear les quatre dimensions que ara anomenem &#8220;espaitemps&#8221;: tres d&#8217;espai i una de temps. Quatre forces tamb\u00e9 es van separar ja en el primer segon de vida: la for\u00e7a electromagn\u00e8tica, les dues forces nuclears -forta i d\u00e8bil- i la for\u00e7a gravitacional. Tamb\u00e9 des d&#8217;aquests primers instants, apareixen les part\u00edcules: protons, electrons, neutrons. En aquests inicis, tot t\u00e9 la forma d&#8217;una mena de sopa ca\u00f2tica i incandescent. Despr\u00e9s, l&#8217;Univers progressa i la temperatura, extremadament calenta, es va refredant de mica en mica.<\/p>\n<p>Aquest refredament provoca que les part\u00edcules comencin a agrupar-se entre elles.\u00a0I \u00e9s aix\u00ed com comen\u00e7aran a apar\u00e8ixer els \u00e0toms: combinacions de nuclis de neutrons i protons amb electrons donant-hi voltes.\u00a0I l&#8217;Univers es refredar\u00e0 encara m\u00e9s i els \u00e0toms es combinaran entre ells conformant mol\u00e8cules. I les mol\u00e8cules s&#8217;ajuntaran entre elles, etc\u00e8tera. Es crea, d&#8217;aquesta manera, el que anomenem &#8220;mat\u00e8ria&#8221;. L&#8217;Univers continuar\u00e0 avan\u00e7ant en la dimensi\u00f3 temporal i es refredar\u00e0 cada cop m\u00e9s, i apareixeran tota mena de combinacions de part\u00edcules que conformaran gal\u00e0xies, nebuloses, estrelles, planetes&#8230;<\/p>\n<p>En un d&#8217;ells, anomentat Terra, milers de milions d&#8217;anys m\u00e9s tard, aquestes combinacions de part\u00edcules i d&#8217;elements produiran aigua i altres components que faran sorgir la vida. I la vida crear\u00e0 \u00e9ssers amb capacitat d&#8217;observar i de recrear tota aquesta hist\u00f2ria: la m\u00fasica de l&#8217;Univers.<\/p>\n<p>Sinopsi de Sergi Belbel<\/p>\n<p>Si voleu saber com va comen\u00e7ar el projecte Cant\u00e0nia cliqueu en aquest enlla\u00e7 <a href=\"http:\/\/auditoricantania.blogspot.com.es\/p\/el-projecte.html\">http:\/\/auditoricantania.blogspot.com.es\/p\/el-projecte.html<\/a><\/p>\n","protected":false},"excerpt":{"rendered":"<p>US PRESENTEM LA CANT\u00c0NIA 2017\/18: &#8220;PART\u00cdCULES&#8221;!<br \/>\n\u201cNo recordo com va ser que vaig decidir que la hist\u00f2ria de l\u2019Univers podia constituir la base del text de la Cant\u00e0nia del 2018 quan la meravellosa gent de l\u2019Auditori que s\u2019encarrega d\u2019organitzar-les em van fer la proposta. <\/p>\n","protected":false},"author":11,"featured_media":3309,"comment_status":"open","ping_status":"closed","sticky":false,"template":"","format":"standard","meta":{"_bbp_topic_count":0,"_bbp_reply_count":0,"_bbp_total_topic_count":0,"_bbp_total_reply_count":0,"_bbp_voice_count":0,"_bbp_anonymous_reply_count":0,"_bbp_topic_count_hidden":0,"_bbp_reply_count_hidden":0,"_bbp_forum_subforum_count":0,"site-sidebar-layout":"default","site-content-layout":"","ast-site-content-layout":"","site-content-style":"default","site-sidebar-style":"default","ast-global-header-display":"","ast-banner-title-visibility":"","ast-main-header-display":"","ast-hfb-above-header-display":"","ast-hfb-below-header-display":"","ast-hfb-mobile-header-display":"","site-post-title":"","ast-breadcrumbs-content":"","ast-featured-img":"","footer-sml-layout":"","theme-transparent-header-meta":"","adv-header-id-meta":"","stick-header-meta":"","header-above-stick-meta":"","header-main-stick-meta":"","header-below-stick-meta":"","astra-migrate-meta-layouts":"default","ast-page-background-enabled":"default","ast-page-background-meta":{"desktop":{"background-color":"var(--ast-global-color-4)","background-image":"","background-repeat":"repeat","background-position":"center center","background-size":"auto","background-attachment":"scroll","background-type":"","background-media":"","overlay-type":"","overlay-color":"","overlay-opacity":"","overlay-gradient":""},"tablet":{"background-color":"","background-image":"","background-repeat":"repeat","background-position":"center center","background-size":"auto","background-attachment":"scroll","background-type":"","background-media":"","overlay-type":"","overlay-color":"","overlay-opacity":"","overlay-gradient":""},"mobile":{"background-color":"","background-image":"","background-repeat":"repeat","background-position":"center center","background-size":"auto","background-attachment":"scroll","background-type":"","background-media":"","overlay-type":"","overlay-color":"","overlay-opacity":"","overlay-gradient":""}},"ast-content-background-meta":{"desktop":{"background-color":"var(--ast-global-color-5)","background-image":"","background-repeat":"repeat","background-position":"center center","background-size":"auto","background-attachment":"scroll","background-type":"","background-media":"","overlay-type":"","overlay-color":"","overlay-opacity":"","overlay-gradient":""},"tablet":{"background-color":"var(--ast-global-color-5)","background-image":"","background-repeat":"repeat","background-position":"center center","background-size":"auto","background-attachment":"scroll","background-type":"","background-media":"","overlay-type":"","overlay-color":"","overlay-opacity":"","overlay-gradient":""},"mobile":{"background-color":"var(--ast-global-color-5)","background-image":"","background-repeat":"repeat","background-position":"center center","background-size":"auto","background-attachment":"scroll","background-type":"","background-media":"","overlay-type":"","overlay-color":"","overlay-opacity":"","overlay-gradient":""}},"footnotes":""},"categories":[14,82,1,67,4],"tags":[131,161,62],"class_list":["post-3307","post","type-post","status-publish","format-standard","has-post-thumbnail","hentry","category-5e","category-grans","category-general","category-musica","category-portada","tag-5e","tag-cantania-2018","tag-musica"],"post_mailing_queue_ids":[],"_links":{"self":[{"href":"https:\/\/agora.xtec.cat\/ceipcanmanent\/wp-json\/wp\/v2\/posts\/3307","targetHints":{"allow":["GET"]}}],"collection":[{"href":"https:\/\/agora.xtec.cat\/ceipcanmanent\/wp-json\/wp\/v2\/posts"}],"about":[{"href":"https:\/\/agora.xtec.cat\/ceipcanmanent\/wp-json\/wp\/v2\/types\/post"}],"author":[{"embeddable":true,"href":"https:\/\/agora.xtec.cat\/ceipcanmanent\/wp-json\/wp\/v2\/users\/11"}],"replies":[{"embeddable":true,"href":"https:\/\/agora.xtec.cat\/ceipcanmanent\/wp-json\/wp\/v2\/comments?post=3307"}],"version-history":[{"count":3,"href":"https:\/\/agora.xtec.cat\/ceipcanmanent\/wp-json\/wp\/v2\/posts\/3307\/revisions"}],"predecessor-version":[{"id":3396,"href":"https:\/\/agora.xtec.cat\/ceipcanmanent\/wp-json\/wp\/v2\/posts\/3307\/revisions\/3396"}],"wp:featuredmedia":[{"embeddable":true,"href":"https:\/\/agora.xtec.cat\/ceipcanmanent\/wp-json\/wp\/v2\/media\/3309"}],"wp:attachment":[{"href":"https:\/\/agora.xtec.cat\/ceipcanmanent\/wp-json\/wp\/v2\/media?parent=3307"}],"wp:term":[{"taxonomy":"category","embeddable":true,"href":"https:\/\/agora.xtec.cat\/ceipcanmanent\/wp-json\/wp\/v2\/categories?post=3307"},{"taxonomy":"post_tag","embeddable":true,"href":"https:\/\/agora.xtec.cat\/ceipcanmanent\/wp-json\/wp\/v2\/tags?post=3307"}],"curies":[{"name":"wp","href":"https:\/\/api.w.org\/{rel}","templated":true}]}}