{"id":3285,"date":"2017-12-15T19:20:47","date_gmt":"2017-12-15T18:20:47","guid":{"rendered":"http:\/\/agora.xtec.cat\/ceipcanmanent\/?p=3285"},"modified":"2017-12-17T19:38:05","modified_gmt":"2017-12-17T18:38:05","slug":"festa-de-nadal-2017","status":"publish","type":"post","link":"https:\/\/agora.xtec.cat\/ceipcanmanent\/general\/festa-de-nadal-2017\/","title":{"rendered":"Festa de Nadal 2017"},"content":{"rendered":"<p>No podia faltar un bon caldo\u00a0 ben calent\u00f3 per acompanyar les celebracions del Nadal organitzats per les fam\u00edlies de l&#8217;escola. La tarda anterior una colla de rabad\u00e0s musicals hav\u00eden passat per les aules de l&#8217;escola per recollir totes les verdures pel caldo: cebes, naps, patates, pastanagues, cols, xirivies, apis&#8230; Amb tots aquests ingredients i una\u00a0 pacient cocci\u00f3 va quedar un beuratge d&#8217;all\u00f2 m\u00e9s bo!.<\/p>\n<p>Els berenars de 6\u00e8. els tallers i la musica nadalenca en directe van acabar d&#8217;arrodonir una estona molt ben gaudida per petits i grans.<\/p>\n<table style=\"width: 779px; height: 804px;\">\n<tbody>\n<tr style=\"height: 262px;\">\n<td style=\"width: 368px; height: 262px; padding-left: 30px;\"><img loading=\"lazy\" decoding=\"async\" class=\"wp-image-3297 aligncenter\" src=\"http:\/\/agora.xtec.cat\/ceipcanmanent\/wp-content\/uploads\/usu153\/2017\/12\/brou_gallina_8-300x225.jpg\" alt=\"\" width=\"295\" height=\"221\" srcset=\"https:\/\/agora.xtec.cat\/ceipcanmanent\/wp-content\/uploads\/usu153\/2017\/12\/brou_gallina_8-300x225.jpg 300w, https:\/\/agora.xtec.cat\/ceipcanmanent\/wp-content\/uploads\/usu153\/2017\/12\/brou_gallina_8-768x576.jpg 768w, https:\/\/agora.xtec.cat\/ceipcanmanent\/wp-content\/uploads\/usu153\/2017\/12\/brou_gallina_8-200x150.jpg 200w, https:\/\/agora.xtec.cat\/ceipcanmanent\/wp-content\/uploads\/usu153\/2017\/12\/brou_gallina_8.jpg 800w\" sizes=\"auto, (max-width: 295px) 100vw, 295px\" \/><\/td>\n<td style=\"width: 403px; height: 262px;\"><img loading=\"lazy\" decoding=\"async\" class=\"wp-image-3296 alignnone\" src=\"http:\/\/agora.xtec.cat\/ceipcanmanent\/wp-content\/uploads\/usu153\/2017\/12\/IMG_20171215_163438_138-300x169.jpg\" alt=\"\" width=\"384\" height=\"216\" srcset=\"https:\/\/agora.xtec.cat\/ceipcanmanent\/wp-content\/uploads\/usu153\/2017\/12\/IMG_20171215_163438_138-300x169.jpg 300w, https:\/\/agora.xtec.cat\/ceipcanmanent\/wp-content\/uploads\/usu153\/2017\/12\/IMG_20171215_163438_138-768x432.jpg 768w, https:\/\/agora.xtec.cat\/ceipcanmanent\/wp-content\/uploads\/usu153\/2017\/12\/IMG_20171215_163438_138-1024x576.jpg 1024w\" sizes=\"auto, (max-width: 384px) 100vw, 384px\" \/><\/td>\n<\/tr>\n<tr style=\"height: 262px;\">\n<td style=\"width: 368px; height: 262px;\"><img loading=\"lazy\" decoding=\"async\" class=\"wp-image-3294 aligncenter\" src=\"http:\/\/agora.xtec.cat\/ceipcanmanent\/wp-content\/uploads\/usu153\/2017\/12\/IMG_20171215_163509_217-300x169.jpg\" alt=\"\" width=\"380\" height=\"214\" srcset=\"https:\/\/agora.xtec.cat\/ceipcanmanent\/wp-content\/uploads\/usu153\/2017\/12\/IMG_20171215_163509_217-300x169.jpg 300w, https:\/\/agora.xtec.cat\/ceipcanmanent\/wp-content\/uploads\/usu153\/2017\/12\/IMG_20171215_163509_217-768x432.jpg 768w, https:\/\/agora.xtec.cat\/ceipcanmanent\/wp-content\/uploads\/usu153\/2017\/12\/IMG_20171215_163509_217-1024x576.jpg 1024w\" sizes=\"auto, (max-width: 380px) 100vw, 380px\" \/><\/td>\n<td style=\"width: 403px; height: 262px;\"><img loading=\"lazy\" decoding=\"async\" class=\"wp-image-3289 aligncenter\" src=\"http:\/\/agora.xtec.cat\/ceipcanmanent\/wp-content\/uploads\/usu153\/2017\/12\/DSC_0152-300x225.jpg\" alt=\"\" width=\"266\" height=\"200\" srcset=\"https:\/\/agora.xtec.cat\/ceipcanmanent\/wp-content\/uploads\/usu153\/2017\/12\/DSC_0152-300x225.jpg 300w, https:\/\/agora.xtec.cat\/ceipcanmanent\/wp-content\/uploads\/usu153\/2017\/12\/DSC_0152-768x576.jpg 768w, https:\/\/agora.xtec.cat\/ceipcanmanent\/wp-content\/uploads\/usu153\/2017\/12\/DSC_0152-1024x768.jpg 1024w, https:\/\/agora.xtec.cat\/ceipcanmanent\/wp-content\/uploads\/usu153\/2017\/12\/DSC_0152-200x150.jpg 200w\" sizes=\"auto, (max-width: 266px) 100vw, 266px\" \/><\/td>\n<\/tr>\n<tr style=\"height: 262px;\">\n<td style=\"width: 368px; height: 262px;\"><img loading=\"lazy\" decoding=\"async\" class=\"size-medium wp-image-3288 aligncenter\" src=\"http:\/\/agora.xtec.cat\/ceipcanmanent\/wp-content\/uploads\/usu153\/2017\/12\/DSC_0154-300x225.jpg\" alt=\"\" width=\"300\" height=\"225\" srcset=\"https:\/\/agora.xtec.cat\/ceipcanmanent\/wp-content\/uploads\/usu153\/2017\/12\/DSC_0154-300x225.jpg 300w, https:\/\/agora.xtec.cat\/ceipcanmanent\/wp-content\/uploads\/usu153\/2017\/12\/DSC_0154-768x576.jpg 768w, https:\/\/agora.xtec.cat\/ceipcanmanent\/wp-content\/uploads\/usu153\/2017\/12\/DSC_0154-1024x768.jpg 1024w, https:\/\/agora.xtec.cat\/ceipcanmanent\/wp-content\/uploads\/usu153\/2017\/12\/DSC_0154-200x150.jpg 200w\" sizes=\"auto, (max-width: 300px) 100vw, 300px\" \/><\/td>\n<td style=\"width: 403px; height: 262px;\"><img loading=\"lazy\" decoding=\"async\" class=\"size-medium wp-image-3286 aligncenter\" src=\"http:\/\/agora.xtec.cat\/ceipcanmanent\/wp-content\/uploads\/usu153\/2017\/12\/DSC_0156-300x225.jpg\" alt=\"\" width=\"300\" height=\"225\" srcset=\"https:\/\/agora.xtec.cat\/ceipcanmanent\/wp-content\/uploads\/usu153\/2017\/12\/DSC_0156-300x225.jpg 300w, https:\/\/agora.xtec.cat\/ceipcanmanent\/wp-content\/uploads\/usu153\/2017\/12\/DSC_0156-768x576.jpg 768w, https:\/\/agora.xtec.cat\/ceipcanmanent\/wp-content\/uploads\/usu153\/2017\/12\/DSC_0156-1024x768.jpg 1024w, https:\/\/agora.xtec.cat\/ceipcanmanent\/wp-content\/uploads\/usu153\/2017\/12\/DSC_0156-200x150.jpg 200w\" sizes=\"auto, (max-width: 300px) 100vw, 300px\" \/><\/td>\n<\/tr>\n<tr style=\"height: 8px;\">\n<td style=\"width: 368px; height: 8px;\"><\/td>\n<td style=\"width: 403px; height: 8px;\"><\/td>\n<\/tr>\n<\/tbody>\n<\/table>\n","protected":false},"excerpt":{"rendered":"<p>No podia faltar un bon caldo  ben calent\u00f3 per acompanyar les celebracions del Nadal organitzats per les fam\u00edlies de l&#8217;escola. Els berenars de 6\u00e8. els tallers i la musica nadalenca en directe van acabar d&#8217;arrodonir una estona molt ben gaudida per petits i grans.<\/p>\n","protected":false},"author":1,"featured_media":3290,"comment_status":"open","ping_status":"closed","sticky":false,"template":"","format":"standard","meta":{"_bbp_topic_count":0,"_bbp_reply_count":0,"_bbp_total_topic_count":0,"_bbp_total_reply_count":0,"_bbp_voice_count":0,"_bbp_anonymous_reply_count":0,"_bbp_topic_count_hidden":0,"_bbp_reply_count_hidden":0,"_bbp_forum_subforum_count":0,"site-sidebar-layout":"default","site-content-layout":"","ast-site-content-layout":"","site-content-style":"default","site-sidebar-style":"default","ast-global-header-display":"","ast-banner-title-visibility":"","ast-main-header-display":"","ast-hfb-above-header-display":"","ast-hfb-below-header-display":"","ast-hfb-mobile-header-display":"","site-post-title":"","ast-breadcrumbs-content":"","ast-featured-img":"","footer-sml-layout":"","theme-transparent-header-meta":"","adv-header-id-meta":"","stick-header-meta":"","header-above-stick-meta":"","header-main-stick-meta":"","header-below-stick-meta":"","astra-migrate-meta-layouts":"default","ast-page-background-enabled":"default","ast-page-background-meta":{"desktop":{"background-color":"var(--ast-global-color-4)","background-image":"","background-repeat":"repeat","background-position":"center center","background-size":"auto","background-attachment":"scroll","background-type":"","background-media":"","overlay-type":"","overlay-color":"","overlay-opacity":"","overlay-gradient":""},"tablet":{"background-color":"","background-image":"","background-repeat":"repeat","background-position":"center center","background-size":"auto","background-attachment":"scroll","background-type":"","background-media":"","overlay-type":"","overlay-color":"","overlay-opacity":"","overlay-gradient":""},"mobile":{"background-color":"","background-image":"","background-repeat":"repeat","background-position":"center center","background-size":"auto","background-attachment":"scroll","background-type":"","background-media":"","overlay-type":"","overlay-color":"","overlay-opacity":"","overlay-gradient":""}},"ast-content-background-meta":{"desktop":{"background-color":"var(--ast-global-color-5)","background-image":"","background-repeat":"repeat","background-position":"center center","background-size":"auto","background-attachment":"scroll","background-type":"","background-media":"","overlay-type":"","overlay-color":"","overlay-opacity":"","overlay-gradient":""},"tablet":{"background-color":"var(--ast-global-color-5)","background-image":"","background-repeat":"repeat","background-position":"center center","background-size":"auto","background-attachment":"scroll","background-type":"","background-media":"","overlay-type":"","overlay-color":"","overlay-opacity":"","overlay-gradient":""},"mobile":{"background-color":"var(--ast-global-color-5)","background-image":"","background-repeat":"repeat","background-position":"center center","background-size":"auto","background-attachment":"scroll","background-type":"","background-media":"","overlay-type":"","overlay-color":"","overlay-opacity":"","overlay-gradient":""}},"footnotes":""},"categories":[82,81,2,1,67,4],"tags":[159,100,66,64,62,68,80],"class_list":["post-3285","post","type-post","status-publish","format-standard","has-post-thumbnail","hentry","category-grans","category-mitjans","category-activitats","category-general","category-musica","category-portada","tag-2017-18","tag-calendari-escolar-2016-17","tag-festes-populars","tag-instruments","tag-musica","tag-nadal","tag-tallers"],"post_mailing_queue_ids":[],"_links":{"self":[{"href":"https:\/\/agora.xtec.cat\/ceipcanmanent\/wp-json\/wp\/v2\/posts\/3285","targetHints":{"allow":["GET"]}}],"collection":[{"href":"https:\/\/agora.xtec.cat\/ceipcanmanent\/wp-json\/wp\/v2\/posts"}],"about":[{"href":"https:\/\/agora.xtec.cat\/ceipcanmanent\/wp-json\/wp\/v2\/types\/post"}],"author":[{"embeddable":true,"href":"https:\/\/agora.xtec.cat\/ceipcanmanent\/wp-json\/wp\/v2\/users\/1"}],"replies":[{"embeddable":true,"href":"https:\/\/agora.xtec.cat\/ceipcanmanent\/wp-json\/wp\/v2\/comments?post=3285"}],"version-history":[{"count":3,"href":"https:\/\/agora.xtec.cat\/ceipcanmanent\/wp-json\/wp\/v2\/posts\/3285\/revisions"}],"predecessor-version":[{"id":3300,"href":"https:\/\/agora.xtec.cat\/ceipcanmanent\/wp-json\/wp\/v2\/posts\/3285\/revisions\/3300"}],"wp:featuredmedia":[{"embeddable":true,"href":"https:\/\/agora.xtec.cat\/ceipcanmanent\/wp-json\/wp\/v2\/media\/3290"}],"wp:attachment":[{"href":"https:\/\/agora.xtec.cat\/ceipcanmanent\/wp-json\/wp\/v2\/media?parent=3285"}],"wp:term":[{"taxonomy":"category","embeddable":true,"href":"https:\/\/agora.xtec.cat\/ceipcanmanent\/wp-json\/wp\/v2\/categories?post=3285"},{"taxonomy":"post_tag","embeddable":true,"href":"https:\/\/agora.xtec.cat\/ceipcanmanent\/wp-json\/wp\/v2\/tags?post=3285"}],"curies":[{"name":"wp","href":"https:\/\/api.w.org\/{rel}","templated":true}]}}