{"id":2783,"date":"2017-07-09T10:00:19","date_gmt":"2017-07-09T08:00:19","guid":{"rendered":"http:\/\/agora.xtec.cat\/ceipcanmanent\/?p=2783"},"modified":"2017-07-09T13:20:23","modified_gmt":"2017-07-09T11:20:23","slug":"musica-i-poesia-6e-de-primaria","status":"publish","type":"post","link":"https:\/\/agora.xtec.cat\/ceipcanmanent\/general\/musica-i-poesia-6e-de-primaria\/","title":{"rendered":"M\u00fasica i poesia. 6\u00e8 de prim\u00e0ria"},"content":{"rendered":"<p>Aquest curs hem treballat la creativita i la improvisaci\u00f3 al llarg del segon i el tercer trimestre, una de les activitats ha estat posar m\u00fasica a uns poemes sobre la primavera i Sant Jordi. Ho han fet en petit grup. Aqu\u00ed teniu una mostra dels treballs fets.<\/p>\n<p><iframe loading=\"lazy\" src=\"\/\/www.youtube.com\/embed\/Pq_BC98kiSE\" width=\"560\" height=\"314\"><\/iframe><iframe loading=\"lazy\" src=\"\/\/www.youtube.com\/embed\/EVYu13ALGCg\" width=\"560\" height=\"314\"><\/iframe><\/p>\n<p><iframe loading=\"lazy\" src=\"\/\/www.youtube.com\/embed\/hxnenprLrYs\" width=\"560\" height=\"314\"><\/iframe><iframe loading=\"lazy\" src=\"\/\/www.youtube.com\/embed\/FgB3pKXkJck\" width=\"560\" height=\"314\"><\/iframe><iframe loading=\"lazy\" src=\"\/\/www.youtube.com\/embed\/dcx1-A9Rem0\" width=\"560\" height=\"314\"><\/iframe><iframe loading=\"lazy\" src=\"\/\/www.youtube.com\/embed\/GN5uW9rn2o0\" width=\"560\" height=\"314\"><\/iframe><\/p>\n<div class=\"poema\">\n<p>&nbsp;<\/p>\n<div>\n<table class=\" alignleft\" style=\"height: 1819px;width: 741px\">\n<tbody>\n<tr style=\"height: 496px\">\n<td style=\"width: 335.95px;height: 496px\">\n<h5 class=\"p1\">PRIMAVERA<\/h5>\n<h5>Olor de la primavera<br \/>\nen el huerto de mi casa.<\/h5>\n<h5>Olor de frutas maduras<br \/>\ny olor de miel de la ca\u00f1a.<\/h5>\n<h5>Olor de la rosa nueva<br \/>\ny olor del jazm\u00edn de plata.<\/h5>\n<h5>Olor de tierra con lluvia<br \/>\ny olor de brisa que pasa.<\/h5>\n<h5>Todos los voy percibiendo<br \/>\nen la luz de la ma\u00f1ana.<\/h5>\n<h5><span class=\"firma40\">\u00a0\u00a0\u00a0\u00a0\u00a0\u00a0\u00a0\u00a0\u00a0\u00a0\u00a0\u00a0\u00a0\u00a0\u00a0\u00a0\u00a0\u00a0\u00a0\u00a0\u00a0\u00a0\u00a0\u00a0\u00a0 Manuel Felipe Rugeles<\/span><\/h5>\n<\/td>\n<td style=\"width: 371.55px;height: 496px\">\n<h5>POSEU-ME AL BALC\u00d3<\/h5>\n<h5><\/h5>\n<h5>Poseu-me, al balc\u00f3,<\/h5>\n<h5>dol\u00e7a primavera,<\/h5>\n<h5>eixa flor primera<\/h5>\n<h5>qui ha portat el sol.<\/h5>\n<h5>Copsarem les flaires<\/h5>\n<h5>de cada carrer,<\/h5>\n<h5>sabem que esdev\u00e9:<\/h5>\n<h5>sentir-se captaire.<\/h5>\n<h5>Poseu-me al balc\u00f3:<\/h5>\n<h5>xiscles d&#8217;oreneta<\/h5>\n<h5>en gran trafegar,<\/h5>\n<h5>anirem llavors<\/h5>\n<h5>a trobar la festa<\/h5>\n<h5>per si es vol quedar.<\/h5>\n<h5>\u00a0\u00a0\u00a0\u00a0\u00a0\u00a0\u00a0\u00a0\u00a0\u00a0\u00a0\u00a0\u00a0\u00a0\u00a0\u00a0\u00a0\u00a0\u00a0\u00a0\u00a0\u00a0\u00a0 Joan Josep Roca<\/h5>\n<p>&nbsp;<\/td>\n<td style=\"width: 23.5px;height: 496px\"><\/td>\n<\/tr>\n<tr style=\"height: 59px\">\n<td style=\"width: 335.95px;height: 59px\">\n<h5 style=\"text-align: center\"><strong>\u00a0VAYA, VAYA, PUES&#8230;<\/strong><\/h5>\n<h5 style=\"text-align: center\"><\/h5>\n<h5 style=\"text-align: center\">Primavera fr\u00eda<\/h5>\n<h5 style=\"text-align: center\">no quiero tener.<\/h5>\n<h5 style=\"text-align: center\">Los hielos de marzo<\/h5>\n<h5 style=\"text-align: center\">me queman la piel.<\/h5>\n<h5 style=\"text-align: center\">\u00a1Vaya, vaya, vaya,<\/h5>\n<h5 style=\"text-align: center\">vaya, vaya, pues!<\/h5>\n<h5 style=\"text-align: center\"><\/h5>\n<h5 style=\"text-align: center\">\u00bfD\u00f3nde est\u00e1 mi rosa,<\/h5>\n<h5 style=\"text-align: center\">d\u00f3nde mi clavel?<\/h5>\n<h5 style=\"text-align: center\">Por diverso rumbo<\/h5>\n<h5 style=\"text-align: center\">cada cual se fu\u00e9.<\/h5>\n<h5 style=\"text-align: center\">\u00a1Vaya, vaya, vaya,<\/h5>\n<h5 style=\"text-align: center\">vaya, vaya, pues!<\/h5>\n<h5 style=\"text-align: center\"><\/h5>\n<h5 style=\"text-align: center\">Tan lejos partieron<\/h5>\n<h5 style=\"text-align: center\">que no se les ve:<\/h5>\n<h5 style=\"text-align: center\">mi rosa, a la Luna,<\/h5>\n<h5 style=\"text-align: center\">al Sol, mi clavel.<\/h5>\n<h5 style=\"text-align: center\"><\/h5>\n<h5 style=\"text-align: center\">\u00a1Vaya, vaya, vaya,<\/h5>\n<h5 style=\"text-align: center\">vaya, vaya, pues!<\/h5>\n<h5 style=\"text-align: center\">\u00a0\u00a0\u00a0\u00a0\u00a0\u00a0\u00a0\u00a0\u00a0 Nicol\u00e0s Guill\u00e9n<\/h5>\n<p>&nbsp;<\/p>\n<h5><b>L\u2019ocell<\/b><\/h5>\n<h5><\/h5>\n<h5><\/h5>\n<h5>Miro saltar l\u2019ocell,<\/h5>\n<h5>un ocell que xerroteja,<\/h5>\n<h5>un ocell tancat en una g\u00e0bia.<\/h5>\n<h5>Escolto el cant de l\u2019ocell,<\/h5>\n<h5>un ocell verd,<\/h5>\n<h5>un ocell petit de cua llarga.<\/h5>\n<h5>L\u2019ocell canta des del seu m\u00f3n<\/h5>\n<h5>en forma de g\u00e0bia.<\/h5>\n<h5>\u00a0\u00a0\u00a0\u00a0\u00a0\u00a0\u00a0\u00a0\u00a0\u00a0\u00a0\u00a0\u00a0\u00a0\u00a0\u00a0\u00a0\u00a0\u00a0\u00a0\u00a0\u00a0\u00a0\u00a0 <a href=\"http:\/\/bibliopoemes.blogspot.com.es\/search\/label\/Joan%20Brossa\" target=\"_blank\">Joan Brossa<\/a><\/h5>\n<p>&nbsp;<\/td>\n<td style=\"width: 371.55px;height: 59px\">\n<h5 style=\"text-align: center\">SANT JORDI<\/h5>\n<h5 style=\"text-align: left\">Pel caminet de vora el riu,<\/h5>\n<h5 style=\"text-align: left\">tresca que tresca,<\/h5>\n<h5 style=\"text-align: left\">va galopant un cavaller.<\/h5>\n<h5 style=\"text-align: left\">\u00a0 \u00a0 \u00a0 \u00a0 \u00a0 \u00a0 \u00a0 \u00a0 \u00a0 \u00a0 \u00a0 \u00a0 \u00a0 Sant Jordi va,<\/h5>\n<h5 style=\"text-align: left\">\u00a0\u00a0\u00a0\u00a0\u00a0\u00a0\u00a0\u00a0\u00a0\u00a0\u00a0\u00a0\u00a0\u00a0\u00a0\u00a0\u00a0\u00a0\u00a0\u00a0\u00a0\u00a0\u00a0\u00a0\u00a0\u00a0\u00a0\u00a0\u00a0\u00a0\u00a0\u00a0\u00a0 Sant Jordi ve!<\/h5>\n<h5 style=\"text-align: left\">Ha senti dir que hi ha un pa\u00eds<\/h5>\n<h5 style=\"text-align: left\">plora que plora<\/h5>\n<h5 style=\"text-align: left\">perqu\u00e8 d&#8217;un drac \u00e9s presoner.<\/h5>\n<h5 style=\"text-align: left\">\u00a0\u00a0\u00a0\u00a0\u00a0\u00a0\u00a0\u00a0\u00a0\u00a0\u00a0\u00a0\u00a0\u00a0\u00a0\u00a0\u00a0\u00a0\u00a0\u00a0\u00a0\u00a0\u00a0\u00a0\u00a0 Sant Jordi va,<\/h5>\n<h5 style=\"text-align: left\">\u00a0\u00a0\u00a0\u00a0\u00a0\u00a0\u00a0\u00a0\u00a0\u00a0\u00a0\u00a0\u00a0\u00a0\u00a0\u00a0\u00a0\u00a0\u00a0\u00a0\u00a0\u00a0\u00a0\u00a0\u00a0\u00a0\u00a0\u00a0\u00a0\u00a0\u00a0\u00a0\u00a0 Sant Jordi ve!<\/h5>\n<h5 style=\"text-align: left\">La seva espasa al raig del sol<\/h5>\n<h5 style=\"text-align: left\">brilla que brilla.<\/h5>\n<h5 style=\"text-align: left\">-Cercar\u00e9 el drac i el vencer\u00e9!<\/h5>\n<h5 style=\"text-align: left\">\u00a0\u00a0\u00a0\u00a0\u00a0\u00a0\u00a0\u00a0\u00a0\u00a0\u00a0\u00a0\u00a0\u00a0\u00a0\u00a0\u00a0\u00a0\u00a0\u00a0\u00a0\u00a0\u00a0\u00a0\u00a0\u00a0 Sant Jordi va,<\/h5>\n<h5 style=\"text-align: left\">\u00a0\u00a0\u00a0\u00a0\u00a0\u00a0\u00a0\u00a0\u00a0\u00a0\u00a0\u00a0\u00a0\u00a0\u00a0\u00a0\u00a0\u00a0\u00a0\u00a0\u00a0\u00a0\u00a0\u00a0\u00a0\u00a0\u00a0\u00a0\u00a0\u00a0\u00a0\u00a0\u00a0\u00a0 Sant Jordi ve!<\/h5>\n<h5 style=\"text-align: left\">I tot tornant, quan l&#8217;ha ven\u00e7ut,<\/h5>\n<h5 style=\"text-align: left\">dubta que dubta:<\/h5>\n<h5 style=\"text-align: left\">-Potser aquest drac no \u00e9s el darrer&#8230;<\/h5>\n<h5 style=\"text-align: left\">\u00a0\u00a0\u00a0\u00a0\u00a0\u00a0\u00a0\u00a0\u00a0\u00a0\u00a0\u00a0\u00a0\u00a0\u00a0\u00a0\u00a0\u00a0\u00a0\u00a0\u00a0\u00a0\u00a0\u00a0\u00a0\u00a0 Sant Jordi va,<\/h5>\n<h5 style=\"text-align: left\">\u00a0\u00a0\u00a0\u00a0\u00a0\u00a0\u00a0\u00a0\u00a0\u00a0\u00a0\u00a0\u00a0\u00a0\u00a0\u00a0\u00a0\u00a0\u00a0\u00a0\u00a0\u00a0\u00a0\u00a0\u00a0\u00a0\u00a0\u00a0\u00a0\u00a0\u00a0\u00a0\u00a0\u00a0\u00a0 Sant Jordi ve!<\/h5>\n<h5 style=\"text-align: left\"><\/h5>\n<h5 style=\"text-align: left\"><i>\u00a0\u00a0\u00a0\u00a0\u00a0\u00a0\u00a0\u00a0\u00a0\u00a0\u00a0 \u00a0 \u00a0 \u00a0 \u00a0 \u00a0 \u00a0 \u00a0 \u00a0 \u00a0 \u00a0 \u00a0 \u00a0<\/i> \u00a0 \u00a0\u00a0 Joana Raspall<i><br \/>\n<\/i><\/h5>\n<\/td>\n<td style=\"width: 23.5px;height: 59px\"><\/td>\n<\/tr>\n<\/tbody>\n<\/table>\n<\/div>\n<\/div>\n","protected":false},"excerpt":{"rendered":"<p>treball de creativitat i improvisaci\u00f3 a partir de poemes.<\/p>\n","protected":false},"author":11,"featured_media":2817,"comment_status":"open","ping_status":"closed","sticky":false,"template":"","format":"standard","meta":{"_bbp_topic_count":0,"_bbp_reply_count":0,"_bbp_total_topic_count":0,"_bbp_total_reply_count":0,"_bbp_voice_count":0,"_bbp_anonymous_reply_count":0,"_bbp_topic_count_hidden":0,"_bbp_reply_count_hidden":0,"_bbp_forum_subforum_count":0,"site-sidebar-layout":"default","site-content-layout":"","ast-site-content-layout":"","site-content-style":"default","site-sidebar-style":"default","ast-global-header-display":"","ast-banner-title-visibility":"","ast-main-header-display":"","ast-hfb-above-header-display":"","ast-hfb-below-header-display":"","ast-hfb-mobile-header-display":"","site-post-title":"","ast-breadcrumbs-content":"","ast-featured-img":"","footer-sml-layout":"","theme-transparent-header-meta":"","adv-header-id-meta":"","stick-header-meta":"","header-above-stick-meta":"","header-main-stick-meta":"","header-below-stick-meta":"","astra-migrate-meta-layouts":"default","ast-page-background-enabled":"default","ast-page-background-meta":{"desktop":{"background-color":"var(--ast-global-color-4)","background-image":"","background-repeat":"repeat","background-position":"center center","background-size":"auto","background-attachment":"scroll","background-type":"","background-media":"","overlay-type":"","overlay-color":"","overlay-opacity":"","overlay-gradient":""},"tablet":{"background-color":"","background-image":"","background-repeat":"repeat","background-position":"center center","background-size":"auto","background-attachment":"scroll","background-type":"","background-media":"","overlay-type":"","overlay-color":"","overlay-opacity":"","overlay-gradient":""},"mobile":{"background-color":"","background-image":"","background-repeat":"repeat","background-position":"center center","background-size":"auto","background-attachment":"scroll","background-type":"","background-media":"","overlay-type":"","overlay-color":"","overlay-opacity":"","overlay-gradient":""}},"ast-content-background-meta":{"desktop":{"background-color":"var(--ast-global-color-5)","background-image":"","background-repeat":"repeat","background-position":"center center","background-size":"auto","background-attachment":"scroll","background-type":"","background-media":"","overlay-type":"","overlay-color":"","overlay-opacity":"","overlay-gradient":""},"tablet":{"background-color":"var(--ast-global-color-5)","background-image":"","background-repeat":"repeat","background-position":"center center","background-size":"auto","background-attachment":"scroll","background-type":"","background-media":"","overlay-type":"","overlay-color":"","overlay-opacity":"","overlay-gradient":""},"mobile":{"background-color":"var(--ast-global-color-5)","background-image":"","background-repeat":"repeat","background-position":"center center","background-size":"auto","background-attachment":"scroll","background-type":"","background-media":"","overlay-type":"","overlay-color":"","overlay-opacity":"","overlay-gradient":""}},"footnotes":""},"categories":[15,82,1,67,4],"tags":[63,112,62,141],"class_list":["post-2783","post","type-post","status-publish","format-standard","has-post-thumbnail","hentry","category-6e","category-grans","category-general","category-musica","category-portada","tag-6e","tag-comunitat-de-grans","tag-musica","tag-poesia"],"post_mailing_queue_ids":[],"_links":{"self":[{"href":"https:\/\/agora.xtec.cat\/ceipcanmanent\/wp-json\/wp\/v2\/posts\/2783","targetHints":{"allow":["GET"]}}],"collection":[{"href":"https:\/\/agora.xtec.cat\/ceipcanmanent\/wp-json\/wp\/v2\/posts"}],"about":[{"href":"https:\/\/agora.xtec.cat\/ceipcanmanent\/wp-json\/wp\/v2\/types\/post"}],"author":[{"embeddable":true,"href":"https:\/\/agora.xtec.cat\/ceipcanmanent\/wp-json\/wp\/v2\/users\/11"}],"replies":[{"embeddable":true,"href":"https:\/\/agora.xtec.cat\/ceipcanmanent\/wp-json\/wp\/v2\/comments?post=2783"}],"version-history":[{"count":3,"href":"https:\/\/agora.xtec.cat\/ceipcanmanent\/wp-json\/wp\/v2\/posts\/2783\/revisions"}],"predecessor-version":[{"id":2820,"href":"https:\/\/agora.xtec.cat\/ceipcanmanent\/wp-json\/wp\/v2\/posts\/2783\/revisions\/2820"}],"wp:featuredmedia":[{"embeddable":true,"href":"https:\/\/agora.xtec.cat\/ceipcanmanent\/wp-json\/wp\/v2\/media\/2817"}],"wp:attachment":[{"href":"https:\/\/agora.xtec.cat\/ceipcanmanent\/wp-json\/wp\/v2\/media?parent=2783"}],"wp:term":[{"taxonomy":"category","embeddable":true,"href":"https:\/\/agora.xtec.cat\/ceipcanmanent\/wp-json\/wp\/v2\/categories?post=2783"},{"taxonomy":"post_tag","embeddable":true,"href":"https:\/\/agora.xtec.cat\/ceipcanmanent\/wp-json\/wp\/v2\/tags?post=2783"}],"curies":[{"name":"wp","href":"https:\/\/api.w.org\/{rel}","templated":true}]}}