{"id":2526,"date":"2017-03-08T11:58:44","date_gmt":"2017-03-08T10:58:44","guid":{"rendered":"http:\/\/agora.xtec.cat\/ceipcanmanent\/?p=2526"},"modified":"2017-03-08T11:58:44","modified_gmt":"2017-03-08T10:58:44","slug":"creacio-de-la-xarxa-descoles-hortelanes-de-la-comarca","status":"publish","type":"post","link":"https:\/\/agora.xtec.cat\/ceipcanmanent\/activitats\/creacio-de-la-xarxa-descoles-hortelanes-de-la-comarca\/","title":{"rendered":"Creaci\u00f3 de la Xarxa d&#8217;Escoles Hortelanes de la comarca"},"content":{"rendered":"<p>Despr\u00e9s d&#8217;uns mesos de treball preparatori, la pr\u00f2xima setmana es presenta aquesta xarxa d&#8217;Escoles Hortolanes que pret\u00e9n donar suport i visualitzaci\u00f3 a la tasca individual que fan molts centres de la comarca. Impulsat pel moviment de <a href=\"https:\/\/granollersentransicio.wordpress.com\/\">Transici\u00f3 de Granollers<\/a> a trav\u00e9s del <a href=\"https:\/\/casaldelmestregranollers.wordpress.com\/\">Casal del Mestre de Granollers<\/a>\u00a0, amb el suport d&#8217;altres entitats i l&#8217;Ajuntament de la ciutat.<br \/>\n<a href=\"http:\/\/agora.xtec.cat\/ceipcanmanent\/wp-content\/uploads\/usu153\/2017\/03\/Escoles-Hortolanes.png\"><img loading=\"lazy\" decoding=\"async\" class=\"aligncenter size-full wp-image-2528\" src=\"http:\/\/agora.xtec.cat\/ceipcanmanent\/wp-content\/uploads\/usu153\/2017\/03\/Escoles-Hortolanes.png\" alt=\"escoles-hortolanes\" width=\"647\" height=\"432\" srcset=\"https:\/\/agora.xtec.cat\/ceipcanmanent\/wp-content\/uploads\/usu153\/2017\/03\/Escoles-Hortolanes.png 647w, https:\/\/agora.xtec.cat\/ceipcanmanent\/wp-content\/uploads\/usu153\/2017\/03\/Escoles-Hortolanes-300x200.png 300w\" sizes=\"auto, (max-width: 647px) 100vw, 647px\" \/><\/a><\/p>\n","protected":false},"excerpt":{"rendered":"<p>Despr\u00e9s d&#8217;uns mesos de treball preparatori, la pr\u00f2xima setmana es presenta aquesta xarxa d&#8217;Escoles Hortolanes que pret\u00e9n donar suport i visualitzaci\u00f3 a la tasca individual que fan molts centres de la comarca. Impulsat pel moviment de Transici\u00f3 de Granollers a trav\u00e9s del Casal del Mestre de Granollers\u00a0, amb el suport d&#8217;altres entitats i l&#8217;Ajuntament de [&hellip;]<\/p>\n","protected":false},"author":1,"featured_media":2527,"comment_status":"open","ping_status":"open","sticky":false,"template":"","format":"standard","meta":{"_bbp_topic_count":0,"_bbp_reply_count":0,"_bbp_total_topic_count":0,"_bbp_total_reply_count":0,"_bbp_voice_count":0,"_bbp_anonymous_reply_count":0,"_bbp_topic_count_hidden":0,"_bbp_reply_count_hidden":0,"_bbp_forum_subforum_count":0,"site-sidebar-layout":"default","site-content-layout":"","ast-site-content-layout":"","site-content-style":"default","site-sidebar-style":"default","ast-global-header-display":"","ast-banner-title-visibility":"","ast-main-header-display":"","ast-hfb-above-header-display":"","ast-hfb-below-header-display":"","ast-hfb-mobile-header-display":"","site-post-title":"","ast-breadcrumbs-content":"","ast-featured-img":"","footer-sml-layout":"","theme-transparent-header-meta":"","adv-header-id-meta":"","stick-header-meta":"","header-above-stick-meta":"","header-main-stick-meta":"","header-below-stick-meta":"","astra-migrate-meta-layouts":"default","ast-page-background-enabled":"default","ast-page-background-meta":{"desktop":{"background-color":"var(--ast-global-color-4)","background-image":"","background-repeat":"repeat","background-position":"center center","background-size":"auto","background-attachment":"scroll","background-type":"","background-media":"","overlay-type":"","overlay-color":"","overlay-opacity":"","overlay-gradient":""},"tablet":{"background-color":"","background-image":"","background-repeat":"repeat","background-position":"center center","background-size":"auto","background-attachment":"scroll","background-type":"","background-media":"","overlay-type":"","overlay-color":"","overlay-opacity":"","overlay-gradient":""},"mobile":{"background-color":"","background-image":"","background-repeat":"repeat","background-position":"center center","background-size":"auto","background-attachment":"scroll","background-type":"","background-media":"","overlay-type":"","overlay-color":"","overlay-opacity":"","overlay-gradient":""}},"ast-content-background-meta":{"desktop":{"background-color":"var(--ast-global-color-5)","background-image":"","background-repeat":"repeat","background-position":"center center","background-size":"auto","background-attachment":"scroll","background-type":"","background-media":"","overlay-type":"","overlay-color":"","overlay-opacity":"","overlay-gradient":""},"tablet":{"background-color":"var(--ast-global-color-5)","background-image":"","background-repeat":"repeat","background-position":"center center","background-size":"auto","background-attachment":"scroll","background-type":"","background-media":"","overlay-type":"","overlay-color":"","overlay-opacity":"","overlay-gradient":""},"mobile":{"background-color":"var(--ast-global-color-5)","background-image":"","background-repeat":"repeat","background-position":"center center","background-size":"auto","background-attachment":"scroll","background-type":"","background-media":"","overlay-type":"","overlay-color":"","overlay-opacity":"","overlay-gradient":""}},"footnotes":""},"categories":[82,2,4],"tags":[47,109,51,80],"class_list":["post-2526","post","type-post","status-publish","format-standard","has-post-thumbnail","hentry","category-grans","category-activitats","category-portada","tag-hort-escolar","tag-innovacio-educativa","tag-permacultura","tag-tallers"],"post_mailing_queue_ids":[],"_links":{"self":[{"href":"https:\/\/agora.xtec.cat\/ceipcanmanent\/wp-json\/wp\/v2\/posts\/2526","targetHints":{"allow":["GET"]}}],"collection":[{"href":"https:\/\/agora.xtec.cat\/ceipcanmanent\/wp-json\/wp\/v2\/posts"}],"about":[{"href":"https:\/\/agora.xtec.cat\/ceipcanmanent\/wp-json\/wp\/v2\/types\/post"}],"author":[{"embeddable":true,"href":"https:\/\/agora.xtec.cat\/ceipcanmanent\/wp-json\/wp\/v2\/users\/1"}],"replies":[{"embeddable":true,"href":"https:\/\/agora.xtec.cat\/ceipcanmanent\/wp-json\/wp\/v2\/comments?post=2526"}],"version-history":[{"count":1,"href":"https:\/\/agora.xtec.cat\/ceipcanmanent\/wp-json\/wp\/v2\/posts\/2526\/revisions"}],"predecessor-version":[{"id":2529,"href":"https:\/\/agora.xtec.cat\/ceipcanmanent\/wp-json\/wp\/v2\/posts\/2526\/revisions\/2529"}],"wp:featuredmedia":[{"embeddable":true,"href":"https:\/\/agora.xtec.cat\/ceipcanmanent\/wp-json\/wp\/v2\/media\/2527"}],"wp:attachment":[{"href":"https:\/\/agora.xtec.cat\/ceipcanmanent\/wp-json\/wp\/v2\/media?parent=2526"}],"wp:term":[{"taxonomy":"category","embeddable":true,"href":"https:\/\/agora.xtec.cat\/ceipcanmanent\/wp-json\/wp\/v2\/categories?post=2526"},{"taxonomy":"post_tag","embeddable":true,"href":"https:\/\/agora.xtec.cat\/ceipcanmanent\/wp-json\/wp\/v2\/tags?post=2526"}],"curies":[{"name":"wp","href":"https:\/\/api.w.org\/{rel}","templated":true}]}}