{"id":2411,"date":"2017-01-20T19:50:43","date_gmt":"2017-01-20T18:50:43","guid":{"rendered":"http:\/\/agora.xtec.cat\/ceipcanmanent\/?p=2411"},"modified":"2017-01-22T18:03:03","modified_gmt":"2017-01-22T17:03:03","slug":"cantania-2017","status":"publish","type":"post","link":"https:\/\/agora.xtec.cat\/ceipcanmanent\/portada\/cantania-2017\/","title":{"rendered":"Cant\u00e0nia 2017"},"content":{"rendered":"<p><a href=\"http:\/\/agora.xtec.cat\/ceipcanmanent\/wp-content\/uploads\/usu153\/2017\/01\/portada_MALSONS_830.jpg\"><img loading=\"lazy\" decoding=\"async\" class=\" wp-image-2413 aligncenter\" src=\"http:\/\/agora.xtec.cat\/ceipcanmanent\/wp-content\/uploads\/usu153\/2017\/01\/portada_MALSONS_830.jpg\" alt=\"portada_malsons_830\" width=\"567\" height=\"417\" srcset=\"https:\/\/agora.xtec.cat\/ceipcanmanent\/wp-content\/uploads\/usu153\/2017\/01\/portada_MALSONS_830.jpg 830w, https:\/\/agora.xtec.cat\/ceipcanmanent\/wp-content\/uploads\/usu153\/2017\/01\/portada_MALSONS_830-300x220.jpg 300w, https:\/\/agora.xtec.cat\/ceipcanmanent\/wp-content\/uploads\/usu153\/2017\/01\/portada_MALSONS_830-768x564.jpg 768w\" sizes=\"auto, (max-width: 567px) 100vw, 567px\" \/><\/a><\/p>\n<p>Ja hem comen\u00e7at a assajar la Cant\u00e0nia d&#8217;aquest any i tamb\u00e9 ja sabem el dia que farem l&#8217;actuaci\u00f3, agafeu les agendes i anoteu:<\/p>\n<h3><strong>diumenge, 11 de juny a les 5h de la tarda.<\/strong><\/h3>\n<h1>CANT\u00c0NIA &#8220;LA NIT DELS MALSONS&#8221;<\/h1>\n<p>\u00c0lex Mart\u00ednez, composici\u00f3 musical<br \/>\nMarta Buchaca, text de la Cantata<br \/>\nIgnasi Tom\u00e0s i Lourdes Sol\u00e0, direcci\u00f3 esc\u00e8nica<br \/>\nJosep Prats, Elisenda Carrasco, Oriol Castanyer i Montse Meneses, direcci\u00f3 musical<\/p>\n<p>Aquesta cantata ser\u00e0 for\u00e7a diferent a les que hem cantat fins ara, per\u00f2 \u00e9s molt &#8220;marxosa&#8221;. Tamb\u00e9 \u00e9s especial perqu\u00e8 el compositor \u00e9s un ve\u00ed de Cardedeu, l&#8217;\u00c0lex Mart\u00ednez i per aix\u00f2 tamb\u00e9 ens fa molta il\u00b7lusi\u00f3 interpretar-la.<\/p>\n<p>A partir d&#8217;ara tots el v\u00eddeos i la informaci\u00f3 la trobareu clicant l&#8217;etiqueta M\u00fasica, o b\u00e9 cinqu\u00e8 o Cant\u00e0nia 2017, comunitat de grans&#8230;<\/p>\n<p>&nbsp;<\/p>\n<h2><\/h2>\n","protected":false},"excerpt":{"rendered":"<p>Ep!  Fam\u00edlies de 5\u00e8 Anoteu a les agendes!<br \/>\nDiumenge 11 de juny a les 17 h al teatre-Auditori de Granollers<\/p>\n","protected":false},"author":11,"featured_media":2413,"comment_status":"open","ping_status":"open","sticky":false,"template":"","format":"standard","meta":{"_bbp_topic_count":0,"_bbp_reply_count":0,"_bbp_total_topic_count":0,"_bbp_total_reply_count":0,"_bbp_voice_count":0,"_bbp_anonymous_reply_count":0,"_bbp_topic_count_hidden":0,"_bbp_reply_count_hidden":0,"_bbp_forum_subforum_count":0,"site-sidebar-layout":"default","site-content-layout":"","ast-site-content-layout":"","site-content-style":"default","site-sidebar-style":"default","ast-global-header-display":"","ast-banner-title-visibility":"","ast-main-header-display":"","ast-hfb-above-header-display":"","ast-hfb-below-header-display":"","ast-hfb-mobile-header-display":"","site-post-title":"","ast-breadcrumbs-content":"","ast-featured-img":"","footer-sml-layout":"","theme-transparent-header-meta":"","adv-header-id-meta":"","stick-header-meta":"","header-above-stick-meta":"","header-main-stick-meta":"","header-below-stick-meta":"","astra-migrate-meta-layouts":"default","ast-page-background-enabled":"default","ast-page-background-meta":{"desktop":{"background-color":"var(--ast-global-color-4)","background-image":"","background-repeat":"repeat","background-position":"center center","background-size":"auto","background-attachment":"scroll","background-type":"","background-media":"","overlay-type":"","overlay-color":"","overlay-opacity":"","overlay-gradient":""},"tablet":{"background-color":"","background-image":"","background-repeat":"repeat","background-position":"center center","background-size":"auto","background-attachment":"scroll","background-type":"","background-media":"","overlay-type":"","overlay-color":"","overlay-opacity":"","overlay-gradient":""},"mobile":{"background-color":"","background-image":"","background-repeat":"repeat","background-position":"center center","background-size":"auto","background-attachment":"scroll","background-type":"","background-media":"","overlay-type":"","overlay-color":"","overlay-opacity":"","overlay-gradient":""}},"ast-content-background-meta":{"desktop":{"background-color":"var(--ast-global-color-5)","background-image":"","background-repeat":"repeat","background-position":"center center","background-size":"auto","background-attachment":"scroll","background-type":"","background-media":"","overlay-type":"","overlay-color":"","overlay-opacity":"","overlay-gradient":""},"tablet":{"background-color":"var(--ast-global-color-5)","background-image":"","background-repeat":"repeat","background-position":"center center","background-size":"auto","background-attachment":"scroll","background-type":"","background-media":"","overlay-type":"","overlay-color":"","overlay-opacity":"","overlay-gradient":""},"mobile":{"background-color":"var(--ast-global-color-5)","background-image":"","background-repeat":"repeat","background-position":"center center","background-size":"auto","background-attachment":"scroll","background-type":"","background-media":"","overlay-type":"","overlay-color":"","overlay-opacity":"","overlay-gradient":""}},"footnotes":""},"categories":[14,122,82,67,4],"tags":[],"class_list":["post-2411","post","type-post","status-publish","format-standard","has-post-thumbnail","hentry","category-5e","category-cantania-2020","category-grans","category-musica","category-portada"],"post_mailing_queue_ids":[],"_links":{"self":[{"href":"https:\/\/agora.xtec.cat\/ceipcanmanent\/wp-json\/wp\/v2\/posts\/2411","targetHints":{"allow":["GET"]}}],"collection":[{"href":"https:\/\/agora.xtec.cat\/ceipcanmanent\/wp-json\/wp\/v2\/posts"}],"about":[{"href":"https:\/\/agora.xtec.cat\/ceipcanmanent\/wp-json\/wp\/v2\/types\/post"}],"author":[{"embeddable":true,"href":"https:\/\/agora.xtec.cat\/ceipcanmanent\/wp-json\/wp\/v2\/users\/11"}],"replies":[{"embeddable":true,"href":"https:\/\/agora.xtec.cat\/ceipcanmanent\/wp-json\/wp\/v2\/comments?post=2411"}],"version-history":[{"count":3,"href":"https:\/\/agora.xtec.cat\/ceipcanmanent\/wp-json\/wp\/v2\/posts\/2411\/revisions"}],"predecessor-version":[{"id":2418,"href":"https:\/\/agora.xtec.cat\/ceipcanmanent\/wp-json\/wp\/v2\/posts\/2411\/revisions\/2418"}],"wp:featuredmedia":[{"embeddable":true,"href":"https:\/\/agora.xtec.cat\/ceipcanmanent\/wp-json\/wp\/v2\/media\/2413"}],"wp:attachment":[{"href":"https:\/\/agora.xtec.cat\/ceipcanmanent\/wp-json\/wp\/v2\/media?parent=2411"}],"wp:term":[{"taxonomy":"category","embeddable":true,"href":"https:\/\/agora.xtec.cat\/ceipcanmanent\/wp-json\/wp\/v2\/categories?post=2411"},{"taxonomy":"post_tag","embeddable":true,"href":"https:\/\/agora.xtec.cat\/ceipcanmanent\/wp-json\/wp\/v2\/tags?post=2411"}],"curies":[{"name":"wp","href":"https:\/\/api.w.org\/{rel}","templated":true}]}}