{"id":2329,"date":"2017-01-12T18:56:40","date_gmt":"2017-01-12T17:56:40","guid":{"rendered":"http:\/\/agora.xtec.cat\/ceipcanmanent\/?p=2329"},"modified":"2017-01-12T19:06:42","modified_gmt":"2017-01-12T18:06:42","slug":"la-setmana-dels-barbuts","status":"publish","type":"post","link":"https:\/\/agora.xtec.cat\/ceipcanmanent\/general\/la-setmana-dels-barbuts\/","title":{"rendered":"La Setmana dels Barbuts&#8230;"},"content":{"rendered":"<p>&nbsp;<\/p>\n<p><a href=\"http:\/\/agora.xtec.cat\/ceipcanmanent\/wp-content\/uploads\/usu153\/2017\/01\/comicbarbuts-1.jpg\"><img loading=\"lazy\" decoding=\"async\" class=\"aligncenter size-full wp-image-2328\" src=\"http:\/\/agora.xtec.cat\/ceipcanmanent\/wp-content\/uploads\/usu153\/2017\/01\/comicbarbuts-1.jpg\" alt=\"comicbarbuts-1\" width=\"376\" height=\"266\" srcset=\"https:\/\/agora.xtec.cat\/ceipcanmanent\/wp-content\/uploads\/usu153\/2017\/01\/comicbarbuts-1.jpg 376w, https:\/\/agora.xtec.cat\/ceipcanmanent\/wp-content\/uploads\/usu153\/2017\/01\/comicbarbuts-1-300x212.jpg 300w\" sizes=\"auto, (max-width: 376px) 100vw, 376px\" \/><\/a><\/p>\n<p>&nbsp;<\/p>\n<p>En la tradici\u00f3 popular catalana hi ha tota una muni\u00f3 de sants posse\u00efdors de llargues i espesses barbes que celebren la seva onom\u00e0stica en el decurs de la mateixa setmana. Per aquest motiu, la c\u00e0ustica popular ha batejat tal lapse de temps amb el nom de \u201cLa Setmana dels Barbuts\u201d, la m\u00e9s freda de l&#8217;any.<\/p>\n<p>El per\u00edode de temps que hi ha entre el cicle de festes de Nadal i el de Carnestoltes es coneix popularment amb el nom de \u201cLa Setmana dels Barbuts\u201d. Es tracta d\u2019un conjunt de celebracions festives importants a casa nostra que tenen lloc durant la segona quinzena de gener i que queden al marge de les grans temporades o cicles de celebracions del m\u00f3n mediterrani.<\/p>\n<p><b>Qui s\u00f3n els sants barbuts?<\/b><\/p>\n<p>Les principals diades que inclou la Setmana dels Barbuts s\u00f3n les dedicades a tres sants que es representen tradicionalment amb barba: Sant Pau ermit\u00e0 (15 de gener), Sant Antoni Abat (17 de gener) i Sant Ma\u00fcr (18 de gener). Tamb\u00e9 hi ha qui inclou dins aquests sants a Sant Vicen\u00e7 m\u00e0rtir (22 de gener) i altres sants barbuts menors, com Sant Benet i Sant Efigi (15 de gener), Sant Faci (18 de gener) i Sant Canut (19 de gener).<\/p>\n<p>Tot i que la celebraci\u00f3 de Sant Sebasti\u00e0 s\u2019escau dins aquest per\u00edode (20 de gener) i malgrat ser la festa major d\u2019hivern de moltes poblacions catalanes, no s\u2019acostuma a incloure dins d\u2019aquest per\u00edode perqu\u00e8 popularment no es representa al sant amb barba, sin\u00f3 com a un jove afaitat i m\u00e9s aviat escanyolit. Tampoc \u00e9s un dels sants barbuts Sant Pau Ap\u00f2stol, la diada del qual es celebra el 25 de gener.<\/p>\n<p>D\u2019entre les festes m\u00e9s importants de la setmana dels Barbuts hi ha, per la seva extensi\u00f3 dins el territori i la seva popularitat, Sant Antoni Abat, m\u00e9s conegut com Sant Antoni del porquet o dels ases, protector dels animals de peu rod\u00f3, els animals de treball de la pagesia i, per extensi\u00f3, de tots els animals dom\u00e8stics. La seva festa \u00e9s una de les m\u00e9s importants de l\u2019any en moltes poblacions de les terres de parla catalana i es celebra amb les tradicionals bene\u00efdes d\u2019animals, els Tres Tombs i amb les representacions parateatrals que tenen al sant i a les seves temptacions, els dimonis, com a protagonistes.<\/p>\n<p>Font: <a href=\"http:\/\/www.festes.org\/articles.php?id=275\">festes.org<\/a><\/p>\n<p>&nbsp;<\/p>\n","protected":false},"excerpt":{"rendered":"<p>El 15 de gener comen\u00e7a la setmana dels barbuts.<\/p>\n<p>Els barbuts s\u00f3n Sant Maure i Sant Pau ermit\u00e0, el dia 15 de gener.<\/p>\n<p>El m\u00e9s celebrat \u00e9s Sant Antoni Abat el 17 de gener.<\/p>\n<p>Les dites catalanes sempre han reconegut que aquesta setmana \u00e9s la m\u00e9s freda de l\u2019any<\/p>\n<p>\u201cQuan venen els tres barbuts, venen els freds cascarruts\u201d<\/p>\n<p>\u201cPer la setmana dels barbuts governen els tres germans, tos, moquita i amagamans\u201d<\/p>\n<p>\u201cLa setmana dels barbuts, setmana d\u2019esternuts\u201d.<\/p>\n","protected":false},"author":1,"featured_media":2328,"comment_status":"open","ping_status":"open","sticky":false,"template":"","format":"standard","meta":{"_bbp_topic_count":0,"_bbp_reply_count":0,"_bbp_total_topic_count":0,"_bbp_total_reply_count":0,"_bbp_voice_count":0,"_bbp_anonymous_reply_count":0,"_bbp_topic_count_hidden":0,"_bbp_reply_count_hidden":0,"_bbp_forum_subforum_count":0,"site-sidebar-layout":"default","site-content-layout":"","ast-site-content-layout":"","site-content-style":"default","site-sidebar-style":"default","ast-global-header-display":"","ast-banner-title-visibility":"","ast-main-header-display":"","ast-hfb-above-header-display":"","ast-hfb-below-header-display":"","ast-hfb-mobile-header-display":"","site-post-title":"","ast-breadcrumbs-content":"","ast-featured-img":"","footer-sml-layout":"","theme-transparent-header-meta":"","adv-header-id-meta":"","stick-header-meta":"","header-above-stick-meta":"","header-main-stick-meta":"","header-below-stick-meta":"","astra-migrate-meta-layouts":"default","ast-page-background-enabled":"default","ast-page-background-meta":{"desktop":{"background-color":"var(--ast-global-color-4)","background-image":"","background-repeat":"repeat","background-position":"center center","background-size":"auto","background-attachment":"scroll","background-type":"","background-media":"","overlay-type":"","overlay-color":"","overlay-opacity":"","overlay-gradient":""},"tablet":{"background-color":"","background-image":"","background-repeat":"repeat","background-position":"center center","background-size":"auto","background-attachment":"scroll","background-type":"","background-media":"","overlay-type":"","overlay-color":"","overlay-opacity":"","overlay-gradient":""},"mobile":{"background-color":"","background-image":"","background-repeat":"repeat","background-position":"center center","background-size":"auto","background-attachment":"scroll","background-type":"","background-media":"","overlay-type":"","overlay-color":"","overlay-opacity":"","overlay-gradient":""}},"ast-content-background-meta":{"desktop":{"background-color":"var(--ast-global-color-5)","background-image":"","background-repeat":"repeat","background-position":"center center","background-size":"auto","background-attachment":"scroll","background-type":"","background-media":"","overlay-type":"","overlay-color":"","overlay-opacity":"","overlay-gradient":""},"tablet":{"background-color":"var(--ast-global-color-5)","background-image":"","background-repeat":"repeat","background-position":"center center","background-size":"auto","background-attachment":"scroll","background-type":"","background-media":"","overlay-type":"","overlay-color":"","overlay-opacity":"","overlay-gradient":""},"mobile":{"background-color":"var(--ast-global-color-5)","background-image":"","background-repeat":"repeat","background-position":"center center","background-size":"auto","background-attachment":"scroll","background-type":"","background-media":"","overlay-type":"","overlay-color":"","overlay-opacity":"","overlay-gradient":""}},"footnotes":""},"categories":[1,4],"tags":[100,66,68],"class_list":["post-2329","post","type-post","status-publish","format-standard","has-post-thumbnail","hentry","category-general","category-portada","tag-calendari-escolar-2016-17","tag-festes-populars","tag-nadal"],"post_mailing_queue_ids":[],"_links":{"self":[{"href":"https:\/\/agora.xtec.cat\/ceipcanmanent\/wp-json\/wp\/v2\/posts\/2329","targetHints":{"allow":["GET"]}}],"collection":[{"href":"https:\/\/agora.xtec.cat\/ceipcanmanent\/wp-json\/wp\/v2\/posts"}],"about":[{"href":"https:\/\/agora.xtec.cat\/ceipcanmanent\/wp-json\/wp\/v2\/types\/post"}],"author":[{"embeddable":true,"href":"https:\/\/agora.xtec.cat\/ceipcanmanent\/wp-json\/wp\/v2\/users\/1"}],"replies":[{"embeddable":true,"href":"https:\/\/agora.xtec.cat\/ceipcanmanent\/wp-json\/wp\/v2\/comments?post=2329"}],"version-history":[{"count":3,"href":"https:\/\/agora.xtec.cat\/ceipcanmanent\/wp-json\/wp\/v2\/posts\/2329\/revisions"}],"predecessor-version":[{"id":2333,"href":"https:\/\/agora.xtec.cat\/ceipcanmanent\/wp-json\/wp\/v2\/posts\/2329\/revisions\/2333"}],"wp:featuredmedia":[{"embeddable":true,"href":"https:\/\/agora.xtec.cat\/ceipcanmanent\/wp-json\/wp\/v2\/media\/2328"}],"wp:attachment":[{"href":"https:\/\/agora.xtec.cat\/ceipcanmanent\/wp-json\/wp\/v2\/media?parent=2329"}],"wp:term":[{"taxonomy":"category","embeddable":true,"href":"https:\/\/agora.xtec.cat\/ceipcanmanent\/wp-json\/wp\/v2\/categories?post=2329"},{"taxonomy":"post_tag","embeddable":true,"href":"https:\/\/agora.xtec.cat\/ceipcanmanent\/wp-json\/wp\/v2\/tags?post=2329"}],"curies":[{"name":"wp","href":"https:\/\/api.w.org\/{rel}","templated":true}]}}