{"id":2313,"date":"2016-12-27T21:24:37","date_gmt":"2016-12-27T20:24:37","guid":{"rendered":"http:\/\/agora.xtec.cat\/ceipcanmanent\/?p=2313"},"modified":"2017-07-02T00:01:41","modified_gmt":"2017-07-01T22:01:41","slug":"informacio-escola","status":"publish","type":"post","link":"https:\/\/agora.xtec.cat\/ceipcanmanent\/general\/informacio-escola\/","title":{"rendered":"Christmas Cards Exchange"},"content":{"rendered":"<p>Des de l\u2019\u00e0rea d\u2019angl\u00e8s, enguany hem participat en un projecte europeu en el qual hem intercanviat felicitacions de Nadal amb escoles d\u2019altres pa\u00efsos europeus, que tamb\u00e9 tenen l\u2019angl\u00e8s com a llengua estrangera. Els pa\u00efsos participants en aquest projecte han estat: Pol\u00f2nia, Gr\u00e8cia, Romania, Espa\u00f1a (Toledo), It\u00e0lia, Turquia, Litu\u00e0nia, Rep\u00fablica Txeca, Cro\u00e0cia, Su\u00e8cia, Fran\u00e7a, Illa Reuni\u00f3n (Fran\u00e7a) i Eslov\u00e0quia.<\/p>\n<p><em>Etwinning <\/em>\u00e9s un portal educatiu online on mestres i escoles europees poden compartir projectes. L\u2019objectiu de fer projectes de manera conjunta, utilitzant l\u2019angl\u00e8s com a llengua comuna, ajuda als alumnes a entendre l\u2019angl\u00e8s com a llengua internacional de comunicaci\u00f3 i per tant , a veure-hi un \u00fas concret i necessari. A m\u00e9s, tamb\u00e9 ens proporciona l&#8217;oportunitat de con\u00e8ixer diferents cultures i maneres de fer.<\/p>\n<p>El projecte\u00a0 \u201c Christmas Cards Exchange\u201d consistia en fer postals de Nadal, felicitant les festes en angl\u00e8s i en la llengua pr\u00f2pia. Hem fet postals de primer a sis\u00e8, i els alumnes m\u00e9s grans tamb\u00e9 han fet escrits explicant les nostres tradicions nadalenques. Ha estat molt interessant poder llegir la felicitaci\u00f3 en diferents lleng\u00fces i aprendre sobre com celebren el Nadal altres cultures.<\/p>\n<p>Els alumnes opinen:<\/p>\n<figure id=\"attachment_2315\" aria-describedby=\"caption-attachment-2315\" style=\"width: 578px\" class=\"wp-caption alignnone\"><a href=\"http:\/\/agora.xtec.cat\/ceipcanmanent\/wp-content\/uploads\/usu153\/2016\/12\/1r-B-e1482869390352.jpg\"><img loading=\"lazy\" decoding=\"async\" class=\" wp-image-2315\" src=\"http:\/\/agora.xtec.cat\/ceipcanmanent\/wp-content\/uploads\/usu153\/2016\/12\/1r-B-e1482869390352.jpg\" alt=\"OLYMPUS DIGITAL CAMERA\" width=\"578\" height=\"433\" \/><\/a><figcaption id=\"caption-attachment-2315\" class=\"wp-caption-text\">\u201c<strong>Ens han agradat molt les vostres postals perqu\u00e8 estan molt ben dibuixades, sobretot la del Pare Noel, de Pol\u00f2nia\u201d (1er)<\/strong><\/figcaption><\/figure>\n<p>&nbsp;<\/p>\n<p><a href=\"http:\/\/agora.xtec.cat\/ceipcanmanent\/wp-content\/uploads\/usu153\/2016\/12\/2n-B.jpg\"><img loading=\"lazy\" decoding=\"async\" class=\"size-full wp-image-2316\" src=\"http:\/\/agora.xtec.cat\/ceipcanmanent\/wp-content\/uploads\/usu153\/2016\/12\/2n-B.jpg\" alt=\"OLYMPUS DIGITAL CAMERA\" width=\"536\" height=\"402\" srcset=\"https:\/\/agora.xtec.cat\/ceipcanmanent\/wp-content\/uploads\/usu153\/2016\/12\/2n-B.jpg 536w, https:\/\/agora.xtec.cat\/ceipcanmanent\/wp-content\/uploads\/usu153\/2016\/12\/2n-B-300x225.jpg 300w, https:\/\/agora.xtec.cat\/ceipcanmanent\/wp-content\/uploads\/usu153\/2016\/12\/2n-B-200x150.jpg 200w\" sizes=\"auto, (max-width: 536px) 100vw, 536px\" \/><\/a><\/p>\n<p><strong>\u201cEns ha agradat dibuixar les postals i enviar-les\u201d (2n)<\/strong><\/p>\n<p>&nbsp;<\/p>\n<figure id=\"attachment_2317\" aria-describedby=\"caption-attachment-2317\" style=\"width: 551px\" class=\"wp-caption alignnone\"><a href=\"http:\/\/agora.xtec.cat\/ceipcanmanent\/wp-content\/uploads\/usu153\/2016\/12\/3r-B.jpg\"><img loading=\"lazy\" decoding=\"async\" class=\" wp-image-2317\" src=\"http:\/\/agora.xtec.cat\/ceipcanmanent\/wp-content\/uploads\/usu153\/2016\/12\/3r-B.jpg\" alt=\"OLYMPUS DIGITAL CAMERA\" width=\"551\" height=\"413\" srcset=\"https:\/\/agora.xtec.cat\/ceipcanmanent\/wp-content\/uploads\/usu153\/2016\/12\/3r-B.jpg 804w, https:\/\/agora.xtec.cat\/ceipcanmanent\/wp-content\/uploads\/usu153\/2016\/12\/3r-B-300x225.jpg 300w, https:\/\/agora.xtec.cat\/ceipcanmanent\/wp-content\/uploads\/usu153\/2016\/12\/3r-B-768x576.jpg 768w, https:\/\/agora.xtec.cat\/ceipcanmanent\/wp-content\/uploads\/usu153\/2016\/12\/3r-B-200x150.jpg 200w\" sizes=\"auto, (max-width: 551px) 100vw, 551px\" \/><\/a><figcaption id=\"caption-attachment-2317\" class=\"wp-caption-text\"><strong>\u201cEns ha agradat molt obrir les postals de Nadal de Fran\u00e7a, Gr\u00e8cia, Pol\u00f2nia, It\u00e0lia&#8230; En aquestes postals ens felicitaven en molts idiomes i en angl\u00e8s tamb\u00e9: Merry Christmas and a Happy New Year. Hem apr\u00e8s que el Nadal \u00e9s important per tothom\u201d (3er)<\/strong><\/figcaption><\/figure>\n<p>&nbsp;<\/p>\n<p><a href=\"http:\/\/agora.xtec.cat\/ceipcanmanent\/wp-content\/uploads\/usu153\/2016\/12\/4t-B.jpg\"><img loading=\"lazy\" decoding=\"async\" class=\"wp-image-2319 aligncenter\" src=\"http:\/\/agora.xtec.cat\/ceipcanmanent\/wp-content\/uploads\/usu153\/2016\/12\/4t-B.jpg\" alt=\"OLYMPUS DIGITAL CAMERA\" width=\"499\" height=\"374\" srcset=\"https:\/\/agora.xtec.cat\/ceipcanmanent\/wp-content\/uploads\/usu153\/2016\/12\/4t-B.jpg 864w, https:\/\/agora.xtec.cat\/ceipcanmanent\/wp-content\/uploads\/usu153\/2016\/12\/4t-B-300x225.jpg 300w, https:\/\/agora.xtec.cat\/ceipcanmanent\/wp-content\/uploads\/usu153\/2016\/12\/4t-B-768x576.jpg 768w, https:\/\/agora.xtec.cat\/ceipcanmanent\/wp-content\/uploads\/usu153\/2016\/12\/4t-B-200x150.jpg 200w\" sizes=\"auto, (max-width: 499px) 100vw, 499px\" \/><\/a><\/p>\n<p><strong>\u00a0 \u00a0 \u00a0 \u00a0 \u00a0 \u201cEns ha agradat molt enviar i rebre postals d\u2019altres pa\u00efsos i obrir-les per primer cop\u201d (4t)<\/strong><\/p>\n<p><a href=\"http:\/\/agora.xtec.cat\/ceipcanmanent\/wp-content\/uploads\/usu153\/2016\/12\/5\u00e8-tots.jpg\"><img loading=\"lazy\" decoding=\"async\" class=\" wp-image-2321\" src=\"http:\/\/agora.xtec.cat\/ceipcanmanent\/wp-content\/uploads\/usu153\/2016\/12\/5\u00e8-tots.jpg\" alt=\"OLYMPUS DIGITAL CAMERA\" width=\"527\" height=\"395\" srcset=\"https:\/\/agora.xtec.cat\/ceipcanmanent\/wp-content\/uploads\/usu153\/2016\/12\/5\u00e8-tots.jpg 576w, https:\/\/agora.xtec.cat\/ceipcanmanent\/wp-content\/uploads\/usu153\/2016\/12\/5\u00e8-tots-300x225.jpg 300w, https:\/\/agora.xtec.cat\/ceipcanmanent\/wp-content\/uploads\/usu153\/2016\/12\/5\u00e8-tots-200x150.jpg 200w\" sizes=\"auto, (max-width: 527px) 100vw, 527px\" \/><\/a><\/p>\n<p><strong>\u201cPensem que aquest projecte ha estat divertit i creatiu perqu\u00e8 ens pod\u00edem comunicar-nos amb gent de diferents pa\u00efsos. Ens han fet dibuixos divertits, explicant costums de Nadal. Comunicar-se amb gent d\u2019altres pa\u00efsos \u00e9s una experi\u00e8ncia nova.\u201d (5\u00e8)<\/strong><\/p>\n<p>&nbsp;<\/p>\n<figure id=\"attachment_2320\" aria-describedby=\"caption-attachment-2320\" style=\"width: 558px\" class=\"wp-caption aligncenter\"><a href=\"http:\/\/agora.xtec.cat\/ceipcanmanent\/wp-content\/uploads\/usu153\/2016\/12\/6\u00e8-A-1.jpg\"><img loading=\"lazy\" decoding=\"async\" class=\" wp-image-2320\" src=\"http:\/\/agora.xtec.cat\/ceipcanmanent\/wp-content\/uploads\/usu153\/2016\/12\/6\u00e8-A-1.jpg\" alt=\"OLYMPUS DIGITAL CAMERA\" width=\"558\" height=\"418\" srcset=\"https:\/\/agora.xtec.cat\/ceipcanmanent\/wp-content\/uploads\/usu153\/2016\/12\/6\u00e8-A-1.jpg 864w, https:\/\/agora.xtec.cat\/ceipcanmanent\/wp-content\/uploads\/usu153\/2016\/12\/6\u00e8-A-1-300x225.jpg 300w, https:\/\/agora.xtec.cat\/ceipcanmanent\/wp-content\/uploads\/usu153\/2016\/12\/6\u00e8-A-1-768x576.jpg 768w, https:\/\/agora.xtec.cat\/ceipcanmanent\/wp-content\/uploads\/usu153\/2016\/12\/6\u00e8-A-1-200x150.jpg 200w\" sizes=\"auto, (max-width: 558px) 100vw, 558px\" \/><\/a><figcaption id=\"caption-attachment-2320\" class=\"wp-caption-text\"><strong>\u201cHa estat interessant rebre postals i adonar-nos que tots tenim tradicions diferents i que nosaltres som els \u00fanics que fem cagar el ti\u00f3.\u00a0 L\u2019emoci\u00f3 de veure que et van arribant postals\u00a0 i que en cada una d\u2019elles aprenem alguna cosa nova, tamb\u00e9 ha estat especial.\u201d (6\u00e8)<\/strong><\/figcaption><\/figure>\n","protected":false},"excerpt":{"rendered":"<p>Des de l\u2019\u00e0rea d\u2019angl\u00e8s, enguany hem participat en un projecte europeu en el qual hem intercanviat felicitacions de Nadal amb escoles d\u2019altres pa\u00efsos europeus, que tamb\u00e9 tenen l\u2019angl\u00e8s com a llengua estrangera. Els pa\u00efsos participants en aquest projecte han estat: Pol\u00f2nia, Gr\u00e8cia, Romania, Espa\u00f1a (Toledo), It\u00e0lia, Turquia, Litu\u00e0nia, Rep\u00fablica Txeca, Cro\u00e0cia, Su\u00e8cia, Fran\u00e7a, Illa Reuni\u00f3n [&hellip;]<\/p>\n","protected":false},"author":1,"featured_media":2321,"comment_status":"open","ping_status":"closed","sticky":false,"template":"","format":"standard","meta":{"_bbp_topic_count":0,"_bbp_reply_count":0,"_bbp_total_topic_count":0,"_bbp_total_reply_count":0,"_bbp_voice_count":0,"_bbp_anonymous_reply_count":0,"_bbp_topic_count_hidden":0,"_bbp_reply_count_hidden":0,"_bbp_forum_subforum_count":0,"site-sidebar-layout":"default","site-content-layout":"","ast-site-content-layout":"","site-content-style":"default","site-sidebar-style":"default","ast-global-header-display":"","ast-banner-title-visibility":"","ast-main-header-display":"","ast-hfb-above-header-display":"","ast-hfb-below-header-display":"","ast-hfb-mobile-header-display":"","site-post-title":"","ast-breadcrumbs-content":"","ast-featured-img":"","footer-sml-layout":"","theme-transparent-header-meta":"","adv-header-id-meta":"","stick-header-meta":"","header-above-stick-meta":"","header-main-stick-meta":"","header-below-stick-meta":"","astra-migrate-meta-layouts":"default","ast-page-background-enabled":"default","ast-page-background-meta":{"desktop":{"background-color":"var(--ast-global-color-4)","background-image":"","background-repeat":"repeat","background-position":"center center","background-size":"auto","background-attachment":"scroll","background-type":"","background-media":"","overlay-type":"","overlay-color":"","overlay-opacity":"","overlay-gradient":""},"tablet":{"background-color":"","background-image":"","background-repeat":"repeat","background-position":"center center","background-size":"auto","background-attachment":"scroll","background-type":"","background-media":"","overlay-type":"","overlay-color":"","overlay-opacity":"","overlay-gradient":""},"mobile":{"background-color":"","background-image":"","background-repeat":"repeat","background-position":"center center","background-size":"auto","background-attachment":"scroll","background-type":"","background-media":"","overlay-type":"","overlay-color":"","overlay-opacity":"","overlay-gradient":""}},"ast-content-background-meta":{"desktop":{"background-color":"var(--ast-global-color-5)","background-image":"","background-repeat":"repeat","background-position":"center center","background-size":"auto","background-attachment":"scroll","background-type":"","background-media":"","overlay-type":"","overlay-color":"","overlay-opacity":"","overlay-gradient":""},"tablet":{"background-color":"var(--ast-global-color-5)","background-image":"","background-repeat":"repeat","background-position":"center center","background-size":"auto","background-attachment":"scroll","background-type":"","background-media":"","overlay-type":"","overlay-color":"","overlay-opacity":"","overlay-gradient":""},"mobile":{"background-color":"var(--ast-global-color-5)","background-image":"","background-repeat":"repeat","background-position":"center center","background-size":"auto","background-attachment":"scroll","background-type":"","background-media":"","overlay-type":"","overlay-color":"","overlay-opacity":"","overlay-gradient":""}},"footnotes":""},"categories":[82,81,117,1,4],"tags":[109],"class_list":["post-2313","post","type-post","status-publish","format-standard","has-post-thumbnail","hentry","category-grans","category-mitjans","category-english","category-general","category-portada","tag-innovacio-educativa"],"post_mailing_queue_ids":[],"_links":{"self":[{"href":"https:\/\/agora.xtec.cat\/ceipcanmanent\/wp-json\/wp\/v2\/posts\/2313","targetHints":{"allow":["GET"]}}],"collection":[{"href":"https:\/\/agora.xtec.cat\/ceipcanmanent\/wp-json\/wp\/v2\/posts"}],"about":[{"href":"https:\/\/agora.xtec.cat\/ceipcanmanent\/wp-json\/wp\/v2\/types\/post"}],"author":[{"embeddable":true,"href":"https:\/\/agora.xtec.cat\/ceipcanmanent\/wp-json\/wp\/v2\/users\/1"}],"replies":[{"embeddable":true,"href":"https:\/\/agora.xtec.cat\/ceipcanmanent\/wp-json\/wp\/v2\/comments?post=2313"}],"version-history":[{"count":3,"href":"https:\/\/agora.xtec.cat\/ceipcanmanent\/wp-json\/wp\/v2\/posts\/2313\/revisions"}],"predecessor-version":[{"id":2385,"href":"https:\/\/agora.xtec.cat\/ceipcanmanent\/wp-json\/wp\/v2\/posts\/2313\/revisions\/2385"}],"wp:featuredmedia":[{"embeddable":true,"href":"https:\/\/agora.xtec.cat\/ceipcanmanent\/wp-json\/wp\/v2\/media\/2321"}],"wp:attachment":[{"href":"https:\/\/agora.xtec.cat\/ceipcanmanent\/wp-json\/wp\/v2\/media?parent=2313"}],"wp:term":[{"taxonomy":"category","embeddable":true,"href":"https:\/\/agora.xtec.cat\/ceipcanmanent\/wp-json\/wp\/v2\/categories?post=2313"},{"taxonomy":"post_tag","embeddable":true,"href":"https:\/\/agora.xtec.cat\/ceipcanmanent\/wp-json\/wp\/v2\/tags?post=2313"}],"curies":[{"name":"wp","href":"https:\/\/api.w.org\/{rel}","templated":true}]}}