{"id":2310,"date":"2017-01-16T09:58:48","date_gmt":"2017-01-16T08:58:48","guid":{"rendered":"http:\/\/agora.xtec.cat\/ceipcanmanent\/?p=2310"},"modified":"2017-04-18T21:24:14","modified_gmt":"2017-04-18T19:24:14","slug":"els-de-p5-fem-escenografies","status":"publish","type":"post","link":"https:\/\/agora.xtec.cat\/ceipcanmanent\/general\/els-de-p5-fem-escenografies\/","title":{"rendered":"ELS DE P5 FEM ESCENOGRAFIES!"},"content":{"rendered":"<p><a href=\"http:\/\/agora.xtec.cat\/ceipcanmanent\/wp-content\/uploads\/usu153\/2017\/01\/castells.jpg\"><img loading=\"lazy\" decoding=\"async\" class=\"wp-image-2334 alignleft\" src=\"http:\/\/agora.xtec.cat\/ceipcanmanent\/wp-content\/uploads\/usu153\/2017\/01\/castells.jpg\" alt=\"castells\" width=\"250\" height=\"156\" srcset=\"https:\/\/agora.xtec.cat\/ceipcanmanent\/wp-content\/uploads\/usu153\/2017\/01\/castells.jpg 640w, https:\/\/agora.xtec.cat\/ceipcanmanent\/wp-content\/uploads\/usu153\/2017\/01\/castells-300x188.jpg 300w\" sizes=\"auto, (max-width: 250px) 100vw, 250px\" \/><\/a>Els nens i nenes de P-5 hem visitat l\u2019exposici\u00f3 \u201cDEL TALLER A L\u2019ESCENARI\u201d, organitzada pel Museu Arxiu Tom\u00e0s Balvey\u00a0 dins el Cicle Cardedeu en l\u2019Art Vigent 2016. La capacitat creativa dels artistes Jordi i Josep Castells se\u2019ns encomana. Veure decorats gegantins ens fa imaginar les hist\u00f2ries que representen. De seguida ens animem a fer com ells: el nostre repte ser\u00e0 preparar una escenografia en grup. Aquesta tasca suposa una organitzaci\u00f3 i una coordinaci\u00f3 amb els altres en les diferents fases del proc\u00e9s.<\/p>\n<p>Per comen\u00e7ar, cada grup es posa d\u2019acord en quina mena d\u2019art esc\u00e8nica es vol ubicar. El teatre i el circ en s\u00f3n les protagonistes. Aleshores, cal imaginar en quina mena d\u2019escenari volen desplegar una petita representaci\u00f3. Fer un dibuix entre tots els membres del grup ajuda a perfilar el projecte com\u00fa. Cada grup troba les seves estrat\u00e8gies per fer aquest primer disseny conjunt, assegurant que cadascun d\u2019ell\/es hi aporti el seu gra de sorra: alguns s\u2019ordenen del m\u00e9s gran al m\u00e9s petit, altres s\u2019organitzen segons el color que volen utilitzar, altres segons com van fluint les idees&#8230; Tot seguit, cada grup exposa als altres el projecte que han comen\u00e7at a idear i com s\u2019han organitzat.<\/p>\n<p><a href=\"http:\/\/agora.xtec.cat\/ceipcanmanent\/wp-content\/uploads\/usu153\/2017\/01\/IMGP1332.jpg\"><img loading=\"lazy\" decoding=\"async\" class=\"wp-image-2336 alignleft\" src=\"http:\/\/agora.xtec.cat\/ceipcanmanent\/wp-content\/uploads\/usu153\/2017\/01\/IMGP1332-1024x768.jpg\" alt=\"imgp1332\" width=\"336\" height=\"252\" \/><\/a>\u00a0Un altre dia, projectem aquests dibuixos. Els observem amb m\u00e9s detall i, tots plegats, fem una pluja d\u2019idees sobre com donar forma a aquests dissenys per a convertir-los en unes escenografies que ens confonguin amb la realitat. La creativitat ens porta a posar en com\u00fa un reguitzell d\u2019idees que parlen de materials (caixes, teles, pals&#8230;) i t\u00e8cniques pl\u00e0stiques (pintures,<a href=\"http:\/\/agora.xtec.cat\/ceipcanmanent\/wp-content\/uploads\/usu153\/2017\/01\/IMGP1330.jpg\"><img loading=\"lazy\" decoding=\"async\" class=\"wp-image-2335 alignright\" src=\"http:\/\/agora.xtec.cat\/ceipcanmanent\/wp-content\/uploads\/usu153\/2017\/01\/IMGP1330-1024x768.jpg\" alt=\"imgp1330\" width=\"335\" height=\"251\" srcset=\"https:\/\/agora.xtec.cat\/ceipcanmanent\/wp-content\/uploads\/usu153\/2017\/01\/IMGP1330-1024x768.jpg 1024w, https:\/\/agora.xtec.cat\/ceipcanmanent\/wp-content\/uploads\/usu153\/2017\/01\/IMGP1330-300x225.jpg 300w, https:\/\/agora.xtec.cat\/ceipcanmanent\/wp-content\/uploads\/usu153\/2017\/01\/IMGP1330-768x576.jpg 768w, https:\/\/agora.xtec.cat\/ceipcanmanent\/wp-content\/uploads\/usu153\/2017\/01\/IMGP1330-200x150.jpg 200w\" sizes=\"auto, (max-width: 335px) 100vw, 335px\" \/><\/a> ceres, enganxar, retallar&#8230;). A continuaci\u00f3, ens tornem a reunir per petits grups per decidir \u00a0els materials que necessitarem i concretar-los en una llista escrita a m\u00e0. La llista es transformar\u00e0 en un \u201cav\u00eds per casa\u201d fet amb entusiasme. Ens resulta f\u00e0cil emocionar-nos, ens resulta m\u00e9s complicat elaborar un fil conductor per les escenes que volem representar. Per\u00f2 entre\u00a0tots ens anem ensortint, i els petits assajos van perfilant hist\u00f2ries. Amb l\u2019arribada dels materials, els grups vivifiquen els projectes i comencen els assajos.<\/p>\n<p>&nbsp;<\/p>\n<h2 style=\"text-align: center;\">M&#8217;HE COMPRAT UN ELEFANT<\/h2>\n<p style=\"text-align: center;\">Hem representat la can\u00e7\u00f3 de l&#8217;elefant que cau per les escales, quin tip de riure !!!<\/p>\n<p><a href=\"http:\/\/agora.xtec.cat\/ceipcanmanent\/wp-content\/uploads\/usu153\/2017\/01\/PB240083.jpg\"><img loading=\"lazy\" decoding=\"async\" class=\" wp-image-2338\" src=\"http:\/\/agora.xtec.cat\/ceipcanmanent\/wp-content\/uploads\/usu153\/2017\/01\/PB240083-1024x768.jpg\" alt=\"OLYMPUS DIGITAL CAMERA\" width=\"360\" height=\"270\" srcset=\"https:\/\/agora.xtec.cat\/ceipcanmanent\/wp-content\/uploads\/usu153\/2017\/01\/PB240083.jpg 1024w, https:\/\/agora.xtec.cat\/ceipcanmanent\/wp-content\/uploads\/usu153\/2017\/01\/PB240083-300x225.jpg 300w, https:\/\/agora.xtec.cat\/ceipcanmanent\/wp-content\/uploads\/usu153\/2017\/01\/PB240083-768x576.jpg 768w, https:\/\/agora.xtec.cat\/ceipcanmanent\/wp-content\/uploads\/usu153\/2017\/01\/PB240083-200x150.jpg 200w\" sizes=\"auto, (max-width: 360px) 100vw, 360px\" \/><\/a>\u00a0 \u00a0\u00a0<a href=\"http:\/\/agora.xtec.cat\/ceipcanmanent\/wp-content\/uploads\/usu153\/2017\/01\/PB240091.jpg\"><img loading=\"lazy\" decoding=\"async\" class=\"wp-image-2339 alignright\" src=\"http:\/\/agora.xtec.cat\/ceipcanmanent\/wp-content\/uploads\/usu153\/2017\/01\/PB240091-1024x768.jpg\" alt=\"OLYMPUS DIGITAL CAMERA\" width=\"358\" height=\"268\" srcset=\"https:\/\/agora.xtec.cat\/ceipcanmanent\/wp-content\/uploads\/usu153\/2017\/01\/PB240091.jpg 1024w, https:\/\/agora.xtec.cat\/ceipcanmanent\/wp-content\/uploads\/usu153\/2017\/01\/PB240091-300x225.jpg 300w, https:\/\/agora.xtec.cat\/ceipcanmanent\/wp-content\/uploads\/usu153\/2017\/01\/PB240091-768x576.jpg 768w, https:\/\/agora.xtec.cat\/ceipcanmanent\/wp-content\/uploads\/usu153\/2017\/01\/PB240091-200x150.jpg 200w\" sizes=\"auto, (max-width: 358px) 100vw, 358px\" \/><\/a><\/p>\n<h2 style=\"text-align: center;\">EL CIRC<\/h2>\n<p><a href=\"http:\/\/agora.xtec.cat\/ceipcanmanent\/wp-content\/uploads\/usu153\/2017\/01\/CIRC4..jpg\"><img loading=\"lazy\" decoding=\"async\" class=\"wp-image-2347 alignleft\" src=\"http:\/\/agora.xtec.cat\/ceipcanmanent\/wp-content\/uploads\/usu153\/2017\/01\/CIRC4..jpg\" alt=\"circ4\" width=\"383\" height=\"265\" srcset=\"https:\/\/agora.xtec.cat\/ceipcanmanent\/wp-content\/uploads\/usu153\/2017\/01\/CIRC4..jpg 640w, https:\/\/agora.xtec.cat\/ceipcanmanent\/wp-content\/uploads\/usu153\/2017\/01\/CIRC4.-300x208.jpg 300w\" sizes=\"auto, (max-width: 383px) 100vw, 383px\" \/><\/a>PERSONATGES:\u00a0 ARAN, AINHOA, ARLETT I IU: Equilibristes,\u00a0ESTER: Ballarina<\/p>\n<p>Els equilibristes passaran per les cordes i les passarel\u00b7les i faran veure que cauen al matal\u00e0s.<a href=\"http:\/\/agora.xtec.cat\/ceipcanmanent\/wp-content\/uploads\/usu153\/2017\/01\/circ-1-3.jpg\"><img loading=\"lazy\" decoding=\"async\" class=\"wp-image-2346 alignright\" src=\"http:\/\/agora.xtec.cat\/ceipcanmanent\/wp-content\/uploads\/usu153\/2017\/01\/circ-1-3-1024x768.jpg\" alt=\"circ-1-3\" width=\"379\" height=\"284\" srcset=\"https:\/\/agora.xtec.cat\/ceipcanmanent\/wp-content\/uploads\/usu153\/2017\/01\/circ-1-3.jpg 1024w, https:\/\/agora.xtec.cat\/ceipcanmanent\/wp-content\/uploads\/usu153\/2017\/01\/circ-1-3-300x225.jpg 300w, https:\/\/agora.xtec.cat\/ceipcanmanent\/wp-content\/uploads\/usu153\/2017\/01\/circ-1-3-768x576.jpg 768w, https:\/\/agora.xtec.cat\/ceipcanmanent\/wp-content\/uploads\/usu153\/2017\/01\/circ-1-3-200x150.jpg 200w\" sizes=\"auto, (max-width: 379px) 100vw, 379px\" \/><\/a><\/p>\n<p>&nbsp;<\/p>\n<p>&nbsp;<\/p>\n<p>&nbsp;<\/p>\n<p>&nbsp;<\/p>\n<p>La ballarina ballar\u00e0 pel voltant.<\/p>\n<p>M\u00daSICA: L\u2019EQUILIBRISTA, de\u00a0LA TRESCA I LA VERDESCA<\/p>\n<p>&nbsp;<\/p>\n<h2 style=\"text-align: center;\">HALLOWEN<\/h2>\n<p>La casa terror\u00edfica plena de personatges de por. Ens encanta tastar la sang fresca de vampir i veure els gatets com juguen amb la troca de llana.<\/p>\n<p><a href=\"http:\/\/agora.xtec.cat\/ceipcanmanent\/wp-content\/uploads\/usu153\/2017\/01\/captura-halloween2-1.jpg\"><img loading=\"lazy\" decoding=\"async\" class=\" wp-image-2349 aligncenter\" src=\"http:\/\/agora.xtec.cat\/ceipcanmanent\/wp-content\/uploads\/usu153\/2017\/01\/captura-halloween2-1.jpg\" alt=\"captura-halloween2-1\" width=\"461\" height=\"247\" srcset=\"https:\/\/agora.xtec.cat\/ceipcanmanent\/wp-content\/uploads\/usu153\/2017\/01\/captura-halloween2-1.jpg 541w, https:\/\/agora.xtec.cat\/ceipcanmanent\/wp-content\/uploads\/usu153\/2017\/01\/captura-halloween2-1-300x161.jpg 300w\" sizes=\"auto, (max-width: 461px) 100vw, 461px\" \/><\/a><\/p>\n<p><a href=\"http:\/\/agora.xtec.cat\/ceipcanmanent\/wp-content\/uploads\/usu153\/2017\/01\/Captura-halloween3.jpg\"><img loading=\"lazy\" decoding=\"async\" class=\"alignnone wp-image-2350\" src=\"http:\/\/agora.xtec.cat\/ceipcanmanent\/wp-content\/uploads\/usu153\/2017\/01\/Captura-halloween3.jpg\" alt=\"captura-halloween3\" width=\"296\" height=\"150\" srcset=\"https:\/\/agora.xtec.cat\/ceipcanmanent\/wp-content\/uploads\/usu153\/2017\/01\/Captura-halloween3.jpg 665w, https:\/\/agora.xtec.cat\/ceipcanmanent\/wp-content\/uploads\/usu153\/2017\/01\/Captura-halloween3-300x152.jpg 300w\" sizes=\"auto, (max-width: 296px) 100vw, 296px\" \/><\/a><a href=\"http:\/\/agora.xtec.cat\/ceipcanmanent\/wp-content\/uploads\/usu153\/2017\/01\/Captura-halloween4.jpg\"><img loading=\"lazy\" decoding=\"async\" class=\"alignnone wp-image-2351\" src=\"http:\/\/agora.xtec.cat\/ceipcanmanent\/wp-content\/uploads\/usu153\/2017\/01\/Captura-halloween4.jpg\" alt=\"captura-halloween4\" width=\"292\" height=\"149\" srcset=\"https:\/\/agora.xtec.cat\/ceipcanmanent\/wp-content\/uploads\/usu153\/2017\/01\/Captura-halloween4.jpg 673w, https:\/\/agora.xtec.cat\/ceipcanmanent\/wp-content\/uploads\/usu153\/2017\/01\/Captura-halloween4-300x153.jpg 300w\" sizes=\"auto, (max-width: 292px) 100vw, 292px\" \/><\/a><a href=\"http:\/\/agora.xtec.cat\/ceipcanmanent\/wp-content\/uploads\/usu153\/2017\/01\/Captura-halloween5.jpg\"><img loading=\"lazy\" decoding=\"async\" class=\"alignnone wp-image-2352\" src=\"http:\/\/agora.xtec.cat\/ceipcanmanent\/wp-content\/uploads\/usu153\/2017\/01\/Captura-halloween5.jpg\" alt=\"captura-halloween5\" width=\"272\" height=\"150\" srcset=\"https:\/\/agora.xtec.cat\/ceipcanmanent\/wp-content\/uploads\/usu153\/2017\/01\/Captura-halloween5.jpg 672w, https:\/\/agora.xtec.cat\/ceipcanmanent\/wp-content\/uploads\/usu153\/2017\/01\/Captura-halloween5-300x166.jpg 300w\" sizes=\"auto, (max-width: 272px) 100vw, 272px\" \/><\/a><\/p>\n<h2 style=\"text-align: center;\">UN P\u00cdCNIC DE POR<\/h2>\n<p>En un castell molt lluny\u00e0, hi vivien dos vampirs i dos &#8220;zombis&#8221;. Una nena va seure al banc del davant del castell per llegir un conte. Aleshores&#8230;<\/p>\n<p><a href=\"http:\/\/agora.xtec.cat\/ceipcanmanent\/wp-content\/uploads\/usu153\/2017\/01\/un-p\u00edcnic-de-por-3.jpg\"><img loading=\"lazy\" decoding=\"async\" class=\"wp-image-2356 alignnone\" src=\"http:\/\/agora.xtec.cat\/ceipcanmanent\/wp-content\/uploads\/usu153\/2017\/01\/un-p\u00edcnic-de-por-3-1024x768.jpg\" alt=\"un-picnic-de-por-3\" width=\"405\" height=\"304\" srcset=\"https:\/\/agora.xtec.cat\/ceipcanmanent\/wp-content\/uploads\/usu153\/2017\/01\/un-p\u00edcnic-de-por-3.jpg 1024w, https:\/\/agora.xtec.cat\/ceipcanmanent\/wp-content\/uploads\/usu153\/2017\/01\/un-p\u00edcnic-de-por-3-300x225.jpg 300w, https:\/\/agora.xtec.cat\/ceipcanmanent\/wp-content\/uploads\/usu153\/2017\/01\/un-p\u00edcnic-de-por-3-768x576.jpg 768w, https:\/\/agora.xtec.cat\/ceipcanmanent\/wp-content\/uploads\/usu153\/2017\/01\/un-p\u00edcnic-de-por-3-200x150.jpg 200w\" sizes=\"auto, (max-width: 405px) 100vw, 405px\" \/><\/a>\u00a0 \u00a0<a href=\"http:\/\/agora.xtec.cat\/ceipcanmanent\/wp-content\/uploads\/usu153\/2017\/01\/un-p\u00edcnic-de-por-4.jpg\"><img loading=\"lazy\" decoding=\"async\" class=\"wp-image-2357 alignnone\" src=\"http:\/\/agora.xtec.cat\/ceipcanmanent\/wp-content\/uploads\/usu153\/2017\/01\/un-p\u00edcnic-de-por-4-1024x768.jpg\" alt=\"un-picnic-de-por-4\" width=\"407\" height=\"305\" srcset=\"https:\/\/agora.xtec.cat\/ceipcanmanent\/wp-content\/uploads\/usu153\/2017\/01\/un-p\u00edcnic-de-por-4.jpg 1024w, https:\/\/agora.xtec.cat\/ceipcanmanent\/wp-content\/uploads\/usu153\/2017\/01\/un-p\u00edcnic-de-por-4-300x225.jpg 300w, https:\/\/agora.xtec.cat\/ceipcanmanent\/wp-content\/uploads\/usu153\/2017\/01\/un-p\u00edcnic-de-por-4-768x576.jpg 768w, https:\/\/agora.xtec.cat\/ceipcanmanent\/wp-content\/uploads\/usu153\/2017\/01\/un-p\u00edcnic-de-por-4-200x150.jpg 200w\" sizes=\"auto, (max-width: 407px) 100vw, 407px\" \/><\/a><\/p>\n<h2 style=\"text-align: center;\">DINOSAURES<\/h2>\n<p>A DINOSAURES van aconseguir representar pedres volc\u00e0niques i lava amb boles de paper que, m\u00e9s tard, vam llen\u00e7ar enlaire tots plegats! Tamb\u00e9 van crear l&#8217;efecte sorpresa amb uns dinosaures marins amagats a sota &#8220;l&#8217;aigua&#8221;.<\/p>\n<p><a href=\"http:\/\/agora.xtec.cat\/ceipcanmanent\/wp-content\/uploads\/usu153\/2017\/01\/PB220116.jpg\"><img loading=\"lazy\" decoding=\"async\" class=\"aligncenter wp-image-2362\" src=\"http:\/\/agora.xtec.cat\/ceipcanmanent\/wp-content\/uploads\/usu153\/2017\/01\/PB220116-1024x768.jpg\" alt=\"OLYMPUS DIGITAL CAMERA\" width=\"518\" height=\"389\" srcset=\"https:\/\/agora.xtec.cat\/ceipcanmanent\/wp-content\/uploads\/usu153\/2017\/01\/PB220116.jpg 1024w, https:\/\/agora.xtec.cat\/ceipcanmanent\/wp-content\/uploads\/usu153\/2017\/01\/PB220116-300x225.jpg 300w, https:\/\/agora.xtec.cat\/ceipcanmanent\/wp-content\/uploads\/usu153\/2017\/01\/PB220116-768x576.jpg 768w, https:\/\/agora.xtec.cat\/ceipcanmanent\/wp-content\/uploads\/usu153\/2017\/01\/PB220116-200x150.jpg 200w\" sizes=\"auto, (max-width: 518px) 100vw, 518px\" \/><\/a><\/p>\n<p>&nbsp;<\/p>\n<h2 style=\"text-align: center;\">EL BEB\u00c9 PERDUT<\/h2>\n<p>Hi havia una vegada una fam\u00edlia que vivia en una ciutat.<\/p>\n<p>Un dia, quan van anar a dormir, el beb\u00e9 va sentir un soroll que venia de fora. Aleshores, gatejant, va obrir una porta m\u00e0gica i secreta. Va sortir al carrer de la ciutat buscant d&#8217;on venia el soroll&#8230;..<\/p>\n<p><a href=\"http:\/\/agora.xtec.cat\/ceipcanmanent\/wp-content\/uploads\/usu153\/2017\/01\/el-beb\u00e8-perdut-3.jpg\"><img loading=\"lazy\" decoding=\"async\" class=\"alignnone wp-image-2366\" src=\"http:\/\/agora.xtec.cat\/ceipcanmanent\/wp-content\/uploads\/usu153\/2017\/01\/el-beb\u00e8-perdut-3-1024x768.jpg\" alt=\"el-bebe-perdut-3\" width=\"331\" height=\"248\" srcset=\"https:\/\/agora.xtec.cat\/ceipcanmanent\/wp-content\/uploads\/usu153\/2017\/01\/el-beb\u00e8-perdut-3.jpg 1024w, https:\/\/agora.xtec.cat\/ceipcanmanent\/wp-content\/uploads\/usu153\/2017\/01\/el-beb\u00e8-perdut-3-300x225.jpg 300w, https:\/\/agora.xtec.cat\/ceipcanmanent\/wp-content\/uploads\/usu153\/2017\/01\/el-beb\u00e8-perdut-3-768x576.jpg 768w, https:\/\/agora.xtec.cat\/ceipcanmanent\/wp-content\/uploads\/usu153\/2017\/01\/el-beb\u00e8-perdut-3-200x150.jpg 200w\" sizes=\"auto, (max-width: 331px) 100vw, 331px\" \/><\/a>\u00a0\u00a0<a href=\"http:\/\/agora.xtec.cat\/ceipcanmanent\/wp-content\/uploads\/usu153\/2017\/01\/el-beb\u00e8-perdut-4.jpg\"><img loading=\"lazy\" decoding=\"async\" class=\"alignnone wp-image-2367\" src=\"http:\/\/agora.xtec.cat\/ceipcanmanent\/wp-content\/uploads\/usu153\/2017\/01\/el-beb\u00e8-perdut-4-1024x768.jpg\" alt=\"el-bebe-perdut-4\" width=\"422\" height=\"317\" srcset=\"https:\/\/agora.xtec.cat\/ceipcanmanent\/wp-content\/uploads\/usu153\/2017\/01\/el-beb\u00e8-perdut-4.jpg 1024w, https:\/\/agora.xtec.cat\/ceipcanmanent\/wp-content\/uploads\/usu153\/2017\/01\/el-beb\u00e8-perdut-4-300x225.jpg 300w, https:\/\/agora.xtec.cat\/ceipcanmanent\/wp-content\/uploads\/usu153\/2017\/01\/el-beb\u00e8-perdut-4-768x576.jpg 768w, https:\/\/agora.xtec.cat\/ceipcanmanent\/wp-content\/uploads\/usu153\/2017\/01\/el-beb\u00e8-perdut-4-200x150.jpg 200w\" sizes=\"auto, (max-width: 422px) 100vw, 422px\" \/><\/a><\/p>\n<h2 style=\"text-align: center;\">LA PAPALLONA I EL FOC<\/h2>\n<p>A la PAPALLONA I EL FOC ens vam trobar personatges de contes com ara les Caputxetes, els Ogres i el Petit \u00d3s. Ens va sorprendre la manera amb qu\u00e8 van simular foc amb un tros de roba!!!<\/p>\n<p><a href=\"http:\/\/agora.xtec.cat\/ceipcanmanent\/wp-content\/uploads\/usu153\/2017\/01\/PB210090.jpg\"><img loading=\"lazy\" decoding=\"async\" class=\"wp-image-2369 aligncenter\" src=\"http:\/\/agora.xtec.cat\/ceipcanmanent\/wp-content\/uploads\/usu153\/2017\/01\/PB210090-1024x768.jpg\" alt=\"OLYMPUS DIGITAL CAMERA\" width=\"403\" height=\"302\" srcset=\"https:\/\/agora.xtec.cat\/ceipcanmanent\/wp-content\/uploads\/usu153\/2017\/01\/PB210090.jpg 1024w, https:\/\/agora.xtec.cat\/ceipcanmanent\/wp-content\/uploads\/usu153\/2017\/01\/PB210090-300x225.jpg 300w, https:\/\/agora.xtec.cat\/ceipcanmanent\/wp-content\/uploads\/usu153\/2017\/01\/PB210090-768x576.jpg 768w, https:\/\/agora.xtec.cat\/ceipcanmanent\/wp-content\/uploads\/usu153\/2017\/01\/PB210090-200x150.jpg 200w\" sizes=\"auto, (max-width: 403px) 100vw, 403px\" \/><\/a><\/p>\n<p>&nbsp;<\/p>\n<h2 style=\"text-align: center;\">L&#8217;ESPASA M\u00c0GICA<\/h2>\n<p>En un bosc molt lluny\u00e0, vivia una ballarina amb la seva germana en una autocaravana. Un dia van anar a passejar pel bosc.<\/p>\n<p>Dos llops que passaven per all\u00e0 les van veure i les van olorar. La boca s&#8217;els feia aigua:\u00a0MMMMMMMMMM.<\/p>\n<p>-Les atrapem i ens les mengem????<\/p>\n<p><a href=\"http:\/\/agora.xtec.cat\/ceipcanmanent\/wp-content\/uploads\/usu153\/2017\/01\/lespasa-m\u00e0gica-3.jpg\"><img loading=\"lazy\" decoding=\"async\" class=\"alignnone wp-image-2373\" src=\"http:\/\/agora.xtec.cat\/ceipcanmanent\/wp-content\/uploads\/usu153\/2017\/01\/lespasa-m\u00e0gica-3-1024x768.jpg\" alt=\"lespasa-magica-3\" width=\"324\" height=\"243\" srcset=\"https:\/\/agora.xtec.cat\/ceipcanmanent\/wp-content\/uploads\/usu153\/2017\/01\/lespasa-m\u00e0gica-3.jpg 1024w, https:\/\/agora.xtec.cat\/ceipcanmanent\/wp-content\/uploads\/usu153\/2017\/01\/lespasa-m\u00e0gica-3-300x225.jpg 300w, https:\/\/agora.xtec.cat\/ceipcanmanent\/wp-content\/uploads\/usu153\/2017\/01\/lespasa-m\u00e0gica-3-768x576.jpg 768w, https:\/\/agora.xtec.cat\/ceipcanmanent\/wp-content\/uploads\/usu153\/2017\/01\/lespasa-m\u00e0gica-3-200x150.jpg 200w\" sizes=\"auto, (max-width: 324px) 100vw, 324px\" \/><\/a>\u00a0 \u00a0<a href=\"http:\/\/agora.xtec.cat\/ceipcanmanent\/wp-content\/uploads\/usu153\/2017\/01\/lespasa-m\u00e0gica-4.jpg\"><img loading=\"lazy\" decoding=\"async\" class=\"alignnone wp-image-2374\" src=\"http:\/\/agora.xtec.cat\/ceipcanmanent\/wp-content\/uploads\/usu153\/2017\/01\/lespasa-m\u00e0gica-4-1024x768.jpg\" alt=\"lespasa-magica-4\" width=\"327\" height=\"245\" srcset=\"https:\/\/agora.xtec.cat\/ceipcanmanent\/wp-content\/uploads\/usu153\/2017\/01\/lespasa-m\u00e0gica-4.jpg 1024w, https:\/\/agora.xtec.cat\/ceipcanmanent\/wp-content\/uploads\/usu153\/2017\/01\/lespasa-m\u00e0gica-4-300x225.jpg 300w, https:\/\/agora.xtec.cat\/ceipcanmanent\/wp-content\/uploads\/usu153\/2017\/01\/lespasa-m\u00e0gica-4-768x576.jpg 768w, https:\/\/agora.xtec.cat\/ceipcanmanent\/wp-content\/uploads\/usu153\/2017\/01\/lespasa-m\u00e0gica-4-200x150.jpg 200w\" sizes=\"auto, (max-width: 327px) 100vw, 327px\" \/><\/a><\/p>\n<h2 style=\"text-align: center;\">ESPECTACLE SOTA EL MAR<\/h2>\n<p>&#8220;AL FONS DEL MAR&#8221; van aconseguir simular l&#8217;aigua marina amb roba blava, els tentacles del pop amb papers cargolats i el raig el\u00e8ctric amb una llanterna !<\/p>\n<p><a href=\"http:\/\/agora.xtec.cat\/ceipcanmanent\/wp-content\/uploads\/usu153\/2017\/01\/P1010206.jpg\"><img loading=\"lazy\" decoding=\"async\" class=\"wp-image-2376 alignleft\" src=\"http:\/\/agora.xtec.cat\/ceipcanmanent\/wp-content\/uploads\/usu153\/2017\/01\/P1010206-1024x768.jpg\" alt=\"p1010206\" width=\"369\" height=\"277\" srcset=\"https:\/\/agora.xtec.cat\/ceipcanmanent\/wp-content\/uploads\/usu153\/2017\/01\/P1010206.jpg 1024w, https:\/\/agora.xtec.cat\/ceipcanmanent\/wp-content\/uploads\/usu153\/2017\/01\/P1010206-300x225.jpg 300w, https:\/\/agora.xtec.cat\/ceipcanmanent\/wp-content\/uploads\/usu153\/2017\/01\/P1010206-768x576.jpg 768w, https:\/\/agora.xtec.cat\/ceipcanmanent\/wp-content\/uploads\/usu153\/2017\/01\/P1010206-200x150.jpg 200w\" sizes=\"auto, (max-width: 369px) 100vw, 369px\" \/><\/a><a href=\"http:\/\/agora.xtec.cat\/ceipcanmanent\/wp-content\/uploads\/usu153\/2017\/01\/P1010216.jpg\"><img loading=\"lazy\" decoding=\"async\" class=\" wp-image-2377 alignright\" src=\"http:\/\/agora.xtec.cat\/ceipcanmanent\/wp-content\/uploads\/usu153\/2017\/01\/P1010216-768x1024.jpg\" alt=\"p1010216\" width=\"221\" height=\"295\" srcset=\"https:\/\/agora.xtec.cat\/ceipcanmanent\/wp-content\/uploads\/usu153\/2017\/01\/P1010216-768x1024.jpg 768w, https:\/\/agora.xtec.cat\/ceipcanmanent\/wp-content\/uploads\/usu153\/2017\/01\/P1010216-225x300.jpg 225w, https:\/\/agora.xtec.cat\/ceipcanmanent\/wp-content\/uploads\/usu153\/2017\/01\/P1010216.jpg 1024w\" sizes=\"auto, (max-width: 221px) 100vw, 221px\" \/><\/a><\/p>\n<p>I quines acrob\u00e0cies m\u00e9s espectaculars !<\/p>\n<p>&nbsp;<\/p>\n<p>&nbsp;<\/p>\n<p>&nbsp;<\/p>\n<p>&nbsp;<\/p>\n<p>&nbsp;<\/p>\n<p>&nbsp;<\/p>\n<h2 style=\"text-align: center;\">UNA PASSEJADA ESPECIAL PER LA SELVA<\/h2>\n<p>Hi havia una vegada tres exploradores que anaven per la selva buscant animals per fotografiar-los. Aleshores van trobar dos tigres molt simp\u00e0tics i tots es van presentar. Els tigres van voler anar a passejar amb elles i els hi van dir si volien pujar a la seva esquena &#8230;..<\/p>\n<p><a href=\"http:\/\/agora.xtec.cat\/ceipcanmanent\/wp-content\/uploads\/usu153\/2017\/01\/una-passejada-especial-per-la-selva-3.jpg\"><img loading=\"lazy\" decoding=\"async\" class=\"alignnone wp-image-2381\" src=\"http:\/\/agora.xtec.cat\/ceipcanmanent\/wp-content\/uploads\/usu153\/2017\/01\/una-passejada-especial-per-la-selva-3-1024x768.jpg\" alt=\"una-passejada-especial-per-la-selva-3\" width=\"387\" height=\"290\" srcset=\"https:\/\/agora.xtec.cat\/ceipcanmanent\/wp-content\/uploads\/usu153\/2017\/01\/una-passejada-especial-per-la-selva-3.jpg 1024w, https:\/\/agora.xtec.cat\/ceipcanmanent\/wp-content\/uploads\/usu153\/2017\/01\/una-passejada-especial-per-la-selva-3-300x225.jpg 300w, https:\/\/agora.xtec.cat\/ceipcanmanent\/wp-content\/uploads\/usu153\/2017\/01\/una-passejada-especial-per-la-selva-3-768x576.jpg 768w, https:\/\/agora.xtec.cat\/ceipcanmanent\/wp-content\/uploads\/usu153\/2017\/01\/una-passejada-especial-per-la-selva-3-200x150.jpg 200w\" sizes=\"auto, (max-width: 387px) 100vw, 387px\" \/><\/a>\u00a0 \u00a0<a href=\"http:\/\/agora.xtec.cat\/ceipcanmanent\/wp-content\/uploads\/usu153\/2017\/01\/una-passejada-especial-per-la-selva-2.jpg\"><img loading=\"lazy\" decoding=\"async\" class=\"alignnone wp-image-2382\" src=\"http:\/\/agora.xtec.cat\/ceipcanmanent\/wp-content\/uploads\/usu153\/2017\/01\/una-passejada-especial-per-la-selva-2-1024x768.jpg\" alt=\"una-passejada-especial-per-la-selva-2\" width=\"386\" height=\"289\" srcset=\"https:\/\/agora.xtec.cat\/ceipcanmanent\/wp-content\/uploads\/usu153\/2017\/01\/una-passejada-especial-per-la-selva-2.jpg 1024w, https:\/\/agora.xtec.cat\/ceipcanmanent\/wp-content\/uploads\/usu153\/2017\/01\/una-passejada-especial-per-la-selva-2-300x225.jpg 300w, https:\/\/agora.xtec.cat\/ceipcanmanent\/wp-content\/uploads\/usu153\/2017\/01\/una-passejada-especial-per-la-selva-2-768x576.jpg 768w, https:\/\/agora.xtec.cat\/ceipcanmanent\/wp-content\/uploads\/usu153\/2017\/01\/una-passejada-especial-per-la-selva-2-200x150.jpg 200w\" sizes=\"auto, (max-width: 386px) 100vw, 386px\" \/><\/a><\/p>\n<p>&nbsp;<\/p>\n<p>&nbsp;<\/p>\n","protected":false},"excerpt":{"rendered":"<p>Els nens i nenes de P-5 hem visitat l\u2019exposici\u00f3 \u201cDEL TALLER A L\u2019ESCENARI\u201d, organitzada pel Museu Arxiu Tom\u00e0s Balvey  dins el Cicle Cardedeu en l\u2019Art Vigent 2016. La capacitat creativa dels artistes Jordi i Josep Castells se\u2019ns encomana. Veure decorats gegantins ens fa imaginar les hist\u00f2ries que representen. De seguida ens animem a fer com ells: el nostre repte ser\u00e0 preparar una escenografia en grup. Aquesta tasca suposa una organitzaci\u00f3 i una coordinaci\u00f3 amb els altres en les diferents fases del proc\u00e9s.<\/p>\n","protected":false},"author":1,"featured_media":2336,"comment_status":"open","ping_status":"open","sticky":false,"template":"","format":"standard","meta":{"_bbp_topic_count":0,"_bbp_reply_count":0,"_bbp_total_topic_count":0,"_bbp_total_reply_count":0,"_bbp_voice_count":0,"_bbp_anonymous_reply_count":0,"_bbp_topic_count_hidden":0,"_bbp_reply_count_hidden":0,"_bbp_forum_subforum_count":0,"site-sidebar-layout":"default","site-content-layout":"","ast-site-content-layout":"","site-content-style":"default","site-sidebar-style":"default","ast-global-header-display":"","ast-banner-title-visibility":"","ast-main-header-display":"","ast-hfb-above-header-display":"","ast-hfb-below-header-display":"","ast-hfb-mobile-header-display":"","site-post-title":"","ast-breadcrumbs-content":"","ast-featured-img":"","footer-sml-layout":"","theme-transparent-header-meta":"","adv-header-id-meta":"","stick-header-meta":"","header-above-stick-meta":"","header-main-stick-meta":"","header-below-stick-meta":"","astra-migrate-meta-layouts":"default","ast-page-background-enabled":"default","ast-page-background-meta":{"desktop":{"background-color":"var(--ast-global-color-4)","background-image":"","background-repeat":"repeat","background-position":"center center","background-size":"auto","background-attachment":"scroll","background-type":"","background-media":"","overlay-type":"","overlay-color":"","overlay-opacity":"","overlay-gradient":""},"tablet":{"background-color":"","background-image":"","background-repeat":"repeat","background-position":"center center","background-size":"auto","background-attachment":"scroll","background-type":"","background-media":"","overlay-type":"","overlay-color":"","overlay-opacity":"","overlay-gradient":""},"mobile":{"background-color":"","background-image":"","background-repeat":"repeat","background-position":"center center","background-size":"auto","background-attachment":"scroll","background-type":"","background-media":"","overlay-type":"","overlay-color":"","overlay-opacity":"","overlay-gradient":""}},"ast-content-background-meta":{"desktop":{"background-color":"var(--ast-global-color-5)","background-image":"","background-repeat":"repeat","background-position":"center center","background-size":"auto","background-attachment":"scroll","background-type":"","background-media":"","overlay-type":"","overlay-color":"","overlay-opacity":"","overlay-gradient":""},"tablet":{"background-color":"var(--ast-global-color-5)","background-image":"","background-repeat":"repeat","background-position":"center center","background-size":"auto","background-attachment":"scroll","background-type":"","background-media":"","overlay-type":"","overlay-color":"","overlay-opacity":"","overlay-gradient":""},"mobile":{"background-color":"var(--ast-global-color-5)","background-image":"","background-repeat":"repeat","background-position":"center center","background-size":"auto","background-attachment":"scroll","background-type":"","background-media":"","overlay-type":"","overlay-color":"","overlay-opacity":"","overlay-gradient":""}},"footnotes":""},"categories":[54,1,9,4],"tags":[110],"class_list":["post-2310","post","type-post","status-publish","format-standard","has-post-thumbnail","hentry","category-petits","category-general","category-p5","category-portada","tag-infantil"],"post_mailing_queue_ids":[],"_links":{"self":[{"href":"https:\/\/agora.xtec.cat\/ceipcanmanent\/wp-json\/wp\/v2\/posts\/2310","targetHints":{"allow":["GET"]}}],"collection":[{"href":"https:\/\/agora.xtec.cat\/ceipcanmanent\/wp-json\/wp\/v2\/posts"}],"about":[{"href":"https:\/\/agora.xtec.cat\/ceipcanmanent\/wp-json\/wp\/v2\/types\/post"}],"author":[{"embeddable":true,"href":"https:\/\/agora.xtec.cat\/ceipcanmanent\/wp-json\/wp\/v2\/users\/1"}],"replies":[{"embeddable":true,"href":"https:\/\/agora.xtec.cat\/ceipcanmanent\/wp-json\/wp\/v2\/comments?post=2310"}],"version-history":[{"count":3,"href":"https:\/\/agora.xtec.cat\/ceipcanmanent\/wp-json\/wp\/v2\/posts\/2310\/revisions"}],"predecessor-version":[{"id":2612,"href":"https:\/\/agora.xtec.cat\/ceipcanmanent\/wp-json\/wp\/v2\/posts\/2310\/revisions\/2612"}],"wp:featuredmedia":[{"embeddable":true,"href":"https:\/\/agora.xtec.cat\/ceipcanmanent\/wp-json\/wp\/v2\/media\/2336"}],"wp:attachment":[{"href":"https:\/\/agora.xtec.cat\/ceipcanmanent\/wp-json\/wp\/v2\/media?parent=2310"}],"wp:term":[{"taxonomy":"category","embeddable":true,"href":"https:\/\/agora.xtec.cat\/ceipcanmanent\/wp-json\/wp\/v2\/categories?post=2310"},{"taxonomy":"post_tag","embeddable":true,"href":"https:\/\/agora.xtec.cat\/ceipcanmanent\/wp-json\/wp\/v2\/tags?post=2310"}],"curies":[{"name":"wp","href":"https:\/\/api.w.org\/{rel}","templated":true}]}}