{"id":2266,"date":"2016-11-30T12:06:11","date_gmt":"2016-11-30T11:06:11","guid":{"rendered":"http:\/\/agora.xtec.cat\/ceipcanmanent\/?p=2266"},"modified":"2016-11-30T12:08:19","modified_gmt":"2016-11-30T11:08:19","slug":"gran-festa-de-la-musica","status":"publish","type":"post","link":"https:\/\/agora.xtec.cat\/ceipcanmanent\/general\/gran-festa-de-la-musica\/","title":{"rendered":"Gran festa de la m\u00fasica !!!"},"content":{"rendered":"<p>La diada de Santa Cec\u00edlia ha estat tot un \u00e8xit de participaci\u00f3. Des de primera hora del mat\u00ed i a la sortida de l&#8217;escola hem pogut gaudir de les melodies i can\u00e7ons que ens han ofert pares, mares, alumnes i mestres. La m\u00fasica ens ha ofert moments per compartir, per riure, per recordar, per sentir, per &#8230; Aqu\u00ed en teniu una mostra.<\/p>\n<p><a href=\"http:\/\/agora.xtec.cat\/ceipcanmanent\/wp-content\/uploads\/usu153\/2016\/11\/IMG_1060.jpg\"><img loading=\"lazy\" decoding=\"async\" class=\"alignnone wp-image-2275\" src=\"http:\/\/agora.xtec.cat\/ceipcanmanent\/wp-content\/uploads\/usu153\/2016\/11\/IMG_1060-1016x1024.jpg\" alt=\"img_1060\" width=\"222\" height=\"224\" srcset=\"https:\/\/agora.xtec.cat\/ceipcanmanent\/wp-content\/uploads\/usu153\/2016\/11\/IMG_1060-1016x1024.jpg 1016w, https:\/\/agora.xtec.cat\/ceipcanmanent\/wp-content\/uploads\/usu153\/2016\/11\/IMG_1060-150x150.jpg 150w, https:\/\/agora.xtec.cat\/ceipcanmanent\/wp-content\/uploads\/usu153\/2016\/11\/IMG_1060-298x300.jpg 298w, https:\/\/agora.xtec.cat\/ceipcanmanent\/wp-content\/uploads\/usu153\/2016\/11\/IMG_1060-768x774.jpg 768w, https:\/\/agora.xtec.cat\/ceipcanmanent\/wp-content\/uploads\/usu153\/2016\/11\/IMG_1060.jpg 1024w\" sizes=\"auto, (max-width: 222px) 100vw, 222px\" \/><\/a><a href=\"http:\/\/agora.xtec.cat\/ceipcanmanent\/wp-content\/uploads\/usu153\/2016\/11\/IMG_1049.jpg\"><img loading=\"lazy\" decoding=\"async\" class=\"alignnone wp-image-2274\" src=\"http:\/\/agora.xtec.cat\/ceipcanmanent\/wp-content\/uploads\/usu153\/2016\/11\/IMG_1049-1024x768.jpg\" alt=\"img_1049\" width=\"298\" height=\"224\" srcset=\"https:\/\/agora.xtec.cat\/ceipcanmanent\/wp-content\/uploads\/usu153\/2016\/11\/IMG_1049.jpg 1024w, https:\/\/agora.xtec.cat\/ceipcanmanent\/wp-content\/uploads\/usu153\/2016\/11\/IMG_1049-300x225.jpg 300w, https:\/\/agora.xtec.cat\/ceipcanmanent\/wp-content\/uploads\/usu153\/2016\/11\/IMG_1049-768x576.jpg 768w, https:\/\/agora.xtec.cat\/ceipcanmanent\/wp-content\/uploads\/usu153\/2016\/11\/IMG_1049-200x150.jpg 200w\" sizes=\"auto, (max-width: 298px) 100vw, 298px\" \/><\/a><a href=\"http:\/\/agora.xtec.cat\/ceipcanmanent\/wp-content\/uploads\/usu153\/2016\/11\/IMG_1025.jpg\"><img loading=\"lazy\" decoding=\"async\" class=\"alignnone wp-image-2270\" src=\"http:\/\/agora.xtec.cat\/ceipcanmanent\/wp-content\/uploads\/usu153\/2016\/11\/IMG_1025-1024x768.jpg\" alt=\"img_1025\" width=\"296\" height=\"222\" srcset=\"https:\/\/agora.xtec.cat\/ceipcanmanent\/wp-content\/uploads\/usu153\/2016\/11\/IMG_1025.jpg 1024w, https:\/\/agora.xtec.cat\/ceipcanmanent\/wp-content\/uploads\/usu153\/2016\/11\/IMG_1025-300x225.jpg 300w, https:\/\/agora.xtec.cat\/ceipcanmanent\/wp-content\/uploads\/usu153\/2016\/11\/IMG_1025-768x576.jpg 768w, https:\/\/agora.xtec.cat\/ceipcanmanent\/wp-content\/uploads\/usu153\/2016\/11\/IMG_1025-200x150.jpg 200w\" sizes=\"auto, (max-width: 296px) 100vw, 296px\" \/><\/a><a href=\"http:\/\/agora.xtec.cat\/ceipcanmanent\/wp-content\/uploads\/usu153\/2016\/11\/IMG_1022.jpg\"><img loading=\"lazy\" decoding=\"async\" class=\"wp-image-2269 alignnone\" src=\"http:\/\/agora.xtec.cat\/ceipcanmanent\/wp-content\/uploads\/usu153\/2016\/11\/IMG_1022-1024x768.jpg\" alt=\"img_1022\" width=\"296\" height=\"222\" srcset=\"https:\/\/agora.xtec.cat\/ceipcanmanent\/wp-content\/uploads\/usu153\/2016\/11\/IMG_1022.jpg 1024w, https:\/\/agora.xtec.cat\/ceipcanmanent\/wp-content\/uploads\/usu153\/2016\/11\/IMG_1022-300x225.jpg 300w, https:\/\/agora.xtec.cat\/ceipcanmanent\/wp-content\/uploads\/usu153\/2016\/11\/IMG_1022-768x576.jpg 768w, https:\/\/agora.xtec.cat\/ceipcanmanent\/wp-content\/uploads\/usu153\/2016\/11\/IMG_1022-200x150.jpg 200w\" sizes=\"auto, (max-width: 296px) 100vw, 296px\" \/><\/a><a href=\"http:\/\/agora.xtec.cat\/ceipcanmanent\/wp-content\/uploads\/usu153\/2016\/11\/IMG_1018.jpg\"><img loading=\"lazy\" decoding=\"async\" class=\"alignnone wp-image-2267\" src=\"http:\/\/agora.xtec.cat\/ceipcanmanent\/wp-content\/uploads\/usu153\/2016\/11\/IMG_1018-1024x768.jpg\" alt=\"img_1018\" width=\"294\" height=\"220\" srcset=\"https:\/\/agora.xtec.cat\/ceipcanmanent\/wp-content\/uploads\/usu153\/2016\/11\/IMG_1018.jpg 1024w, https:\/\/agora.xtec.cat\/ceipcanmanent\/wp-content\/uploads\/usu153\/2016\/11\/IMG_1018-300x225.jpg 300w, https:\/\/agora.xtec.cat\/ceipcanmanent\/wp-content\/uploads\/usu153\/2016\/11\/IMG_1018-768x576.jpg 768w, https:\/\/agora.xtec.cat\/ceipcanmanent\/wp-content\/uploads\/usu153\/2016\/11\/IMG_1018-200x150.jpg 200w\" sizes=\"auto, (max-width: 294px) 100vw, 294px\" \/><\/a><a href=\"http:\/\/agora.xtec.cat\/ceipcanmanent\/wp-content\/uploads\/usu153\/2016\/11\/IMG_1040.jpg\"><img loading=\"lazy\" decoding=\"async\" class=\"alignnone wp-image-2272\" src=\"http:\/\/agora.xtec.cat\/ceipcanmanent\/wp-content\/uploads\/usu153\/2016\/11\/IMG_1040-1024x768.jpg\" alt=\"img_1040\" width=\"293\" height=\"220\" srcset=\"https:\/\/agora.xtec.cat\/ceipcanmanent\/wp-content\/uploads\/usu153\/2016\/11\/IMG_1040.jpg 1024w, https:\/\/agora.xtec.cat\/ceipcanmanent\/wp-content\/uploads\/usu153\/2016\/11\/IMG_1040-300x225.jpg 300w, https:\/\/agora.xtec.cat\/ceipcanmanent\/wp-content\/uploads\/usu153\/2016\/11\/IMG_1040-768x576.jpg 768w, https:\/\/agora.xtec.cat\/ceipcanmanent\/wp-content\/uploads\/usu153\/2016\/11\/IMG_1040-200x150.jpg 200w\" sizes=\"auto, (max-width: 293px) 100vw, 293px\" \/><\/a><a href=\"http:\/\/agora.xtec.cat\/ceipcanmanent\/wp-content\/uploads\/usu153\/2016\/11\/IMG_1044.jpg\"><img loading=\"lazy\" decoding=\"async\" class=\"alignnone wp-image-2273\" src=\"http:\/\/agora.xtec.cat\/ceipcanmanent\/wp-content\/uploads\/usu153\/2016\/11\/IMG_1044-1024x768.jpg\" alt=\"img_1044\" width=\"295\" height=\"221\" srcset=\"https:\/\/agora.xtec.cat\/ceipcanmanent\/wp-content\/uploads\/usu153\/2016\/11\/IMG_1044.jpg 1024w, https:\/\/agora.xtec.cat\/ceipcanmanent\/wp-content\/uploads\/usu153\/2016\/11\/IMG_1044-300x225.jpg 300w, https:\/\/agora.xtec.cat\/ceipcanmanent\/wp-content\/uploads\/usu153\/2016\/11\/IMG_1044-768x576.jpg 768w, https:\/\/agora.xtec.cat\/ceipcanmanent\/wp-content\/uploads\/usu153\/2016\/11\/IMG_1044-200x150.jpg 200w\" sizes=\"auto, (max-width: 295px) 100vw, 295px\" \/><\/a><a href=\"http:\/\/agora.xtec.cat\/ceipcanmanent\/wp-content\/uploads\/usu153\/2016\/11\/IMG_1021.jpg\"><img loading=\"lazy\" decoding=\"async\" class=\"alignnone wp-image-2268\" src=\"http:\/\/agora.xtec.cat\/ceipcanmanent\/wp-content\/uploads\/usu153\/2016\/11\/IMG_1021-1024x1006.jpg\" alt=\"img_1021\" width=\"226\" height=\"222\" srcset=\"https:\/\/agora.xtec.cat\/ceipcanmanent\/wp-content\/uploads\/usu153\/2016\/11\/IMG_1021.jpg 1024w, https:\/\/agora.xtec.cat\/ceipcanmanent\/wp-content\/uploads\/usu153\/2016\/11\/IMG_1021-300x295.jpg 300w, https:\/\/agora.xtec.cat\/ceipcanmanent\/wp-content\/uploads\/usu153\/2016\/11\/IMG_1021-768x755.jpg 768w\" sizes=\"auto, (max-width: 226px) 100vw, 226px\" \/><\/a><a href=\"http:\/\/agora.xtec.cat\/ceipcanmanent\/wp-content\/uploads\/usu153\/2016\/11\/IMG_1032.jpg\"><img loading=\"lazy\" decoding=\"async\" class=\"alignnone wp-image-2271\" src=\"http:\/\/agora.xtec.cat\/ceipcanmanent\/wp-content\/uploads\/usu153\/2016\/11\/IMG_1032-1024x768.jpg\" alt=\"img_1032\" width=\"295\" height=\"221\" srcset=\"https:\/\/agora.xtec.cat\/ceipcanmanent\/wp-content\/uploads\/usu153\/2016\/11\/IMG_1032.jpg 1024w, https:\/\/agora.xtec.cat\/ceipcanmanent\/wp-content\/uploads\/usu153\/2016\/11\/IMG_1032-300x225.jpg 300w, https:\/\/agora.xtec.cat\/ceipcanmanent\/wp-content\/uploads\/usu153\/2016\/11\/IMG_1032-768x576.jpg 768w, https:\/\/agora.xtec.cat\/ceipcanmanent\/wp-content\/uploads\/usu153\/2016\/11\/IMG_1032-200x150.jpg 200w\" sizes=\"auto, (max-width: 295px) 100vw, 295px\" \/><\/a><\/p>\n","protected":false},"excerpt":{"rendered":"<p>La diada de Santa Cec\u00edlia ha estat tot un \u00e8xit de participaci\u00f3. Des de primera hora del mat\u00ed i a la sortida de l&#8217;escola hem pogut gaudir de les melodies i can\u00e7ons que ens han ofert pares, mares, alumnes i mestres. La m\u00fasica ens ha ofert moments per compartir, per riure, per recordar, per sentir, [&hellip;]<\/p>\n","protected":false},"author":1,"featured_media":2271,"comment_status":"open","ping_status":"open","sticky":false,"template":"","format":"standard","meta":{"_bbp_topic_count":0,"_bbp_reply_count":0,"_bbp_total_topic_count":0,"_bbp_total_reply_count":0,"_bbp_voice_count":0,"_bbp_anonymous_reply_count":0,"_bbp_topic_count_hidden":0,"_bbp_reply_count_hidden":0,"_bbp_forum_subforum_count":0,"site-sidebar-layout":"default","site-content-layout":"","ast-site-content-layout":"","site-content-style":"default","site-sidebar-style":"default","ast-global-header-display":"","ast-banner-title-visibility":"","ast-main-header-display":"","ast-hfb-above-header-display":"","ast-hfb-below-header-display":"","ast-hfb-mobile-header-display":"","site-post-title":"","ast-breadcrumbs-content":"","ast-featured-img":"","footer-sml-layout":"","theme-transparent-header-meta":"","adv-header-id-meta":"","stick-header-meta":"","header-above-stick-meta":"","header-main-stick-meta":"","header-below-stick-meta":"","astra-migrate-meta-layouts":"default","ast-page-background-enabled":"default","ast-page-background-meta":{"desktop":{"background-color":"var(--ast-global-color-4)","background-image":"","background-repeat":"repeat","background-position":"center center","background-size":"auto","background-attachment":"scroll","background-type":"","background-media":"","overlay-type":"","overlay-color":"","overlay-opacity":"","overlay-gradient":""},"tablet":{"background-color":"","background-image":"","background-repeat":"repeat","background-position":"center center","background-size":"auto","background-attachment":"scroll","background-type":"","background-media":"","overlay-type":"","overlay-color":"","overlay-opacity":"","overlay-gradient":""},"mobile":{"background-color":"","background-image":"","background-repeat":"repeat","background-position":"center center","background-size":"auto","background-attachment":"scroll","background-type":"","background-media":"","overlay-type":"","overlay-color":"","overlay-opacity":"","overlay-gradient":""}},"ast-content-background-meta":{"desktop":{"background-color":"var(--ast-global-color-5)","background-image":"","background-repeat":"repeat","background-position":"center center","background-size":"auto","background-attachment":"scroll","background-type":"","background-media":"","overlay-type":"","overlay-color":"","overlay-opacity":"","overlay-gradient":""},"tablet":{"background-color":"var(--ast-global-color-5)","background-image":"","background-repeat":"repeat","background-position":"center center","background-size":"auto","background-attachment":"scroll","background-type":"","background-media":"","overlay-type":"","overlay-color":"","overlay-opacity":"","overlay-gradient":""},"mobile":{"background-color":"var(--ast-global-color-5)","background-image":"","background-repeat":"repeat","background-position":"center center","background-size":"auto","background-attachment":"scroll","background-type":"","background-media":"","overlay-type":"","overlay-color":"","overlay-opacity":"","overlay-gradient":""}},"footnotes":""},"categories":[2,1,67,4],"tags":[66,62,65],"class_list":["post-2266","post","type-post","status-publish","format-standard","has-post-thumbnail","hentry","category-activitats","category-general","category-musica","category-portada","tag-festes-populars","tag-musica","tag-santa-cecilia"],"post_mailing_queue_ids":[],"_links":{"self":[{"href":"https:\/\/agora.xtec.cat\/ceipcanmanent\/wp-json\/wp\/v2\/posts\/2266","targetHints":{"allow":["GET"]}}],"collection":[{"href":"https:\/\/agora.xtec.cat\/ceipcanmanent\/wp-json\/wp\/v2\/posts"}],"about":[{"href":"https:\/\/agora.xtec.cat\/ceipcanmanent\/wp-json\/wp\/v2\/types\/post"}],"author":[{"embeddable":true,"href":"https:\/\/agora.xtec.cat\/ceipcanmanent\/wp-json\/wp\/v2\/users\/1"}],"replies":[{"embeddable":true,"href":"https:\/\/agora.xtec.cat\/ceipcanmanent\/wp-json\/wp\/v2\/comments?post=2266"}],"version-history":[{"count":3,"href":"https:\/\/agora.xtec.cat\/ceipcanmanent\/wp-json\/wp\/v2\/posts\/2266\/revisions"}],"predecessor-version":[{"id":2278,"href":"https:\/\/agora.xtec.cat\/ceipcanmanent\/wp-json\/wp\/v2\/posts\/2266\/revisions\/2278"}],"wp:featuredmedia":[{"embeddable":true,"href":"https:\/\/agora.xtec.cat\/ceipcanmanent\/wp-json\/wp\/v2\/media\/2271"}],"wp:attachment":[{"href":"https:\/\/agora.xtec.cat\/ceipcanmanent\/wp-json\/wp\/v2\/media?parent=2266"}],"wp:term":[{"taxonomy":"category","embeddable":true,"href":"https:\/\/agora.xtec.cat\/ceipcanmanent\/wp-json\/wp\/v2\/categories?post=2266"},{"taxonomy":"post_tag","embeddable":true,"href":"https:\/\/agora.xtec.cat\/ceipcanmanent\/wp-json\/wp\/v2\/tags?post=2266"}],"curies":[{"name":"wp","href":"https:\/\/api.w.org\/{rel}","templated":true}]}}