{"id":2204,"date":"2016-11-17T12:41:22","date_gmt":"2016-11-17T11:41:22","guid":{"rendered":"http:\/\/agora.xtec.cat\/ceipcanmanent\/?p=2204"},"modified":"2016-11-17T12:41:22","modified_gmt":"2016-11-17T11:41:22","slug":"les-colonies-de-3r","status":"publish","type":"post","link":"https:\/\/agora.xtec.cat\/ceipcanmanent\/portada\/les-colonies-de-3r\/","title":{"rendered":"Les col\u00f2nies de 3r"},"content":{"rendered":"<p>Els nens i nenes de tercer han anat de col\u00f2nies a la Casa Pou de Gla\u00e7 de la Bisbal de l\u2019Empord\u00e0 els dies\u00a0 13 i 14 d\u2019octubre. Sabeu qu\u00e8 van trobar en aquesta casa? Com molt b\u00e9 indica el nom, van trobar un pou de gla\u00e7. Per\u00f2 el que no us imagineu \u00e9s que hi havia dins el pou: UNS BANDOLERS!\u00a0 El propietari de la casa ja els va avisar que hi eren i que potser els veien.<\/p>\n<p><a href=\"http:\/\/agora.xtec.cat\/ceipcanmanent\/wp-content\/uploads\/usu153\/2016\/11\/Foto-enviada-per-maite-9.jpg\"><img loading=\"lazy\" decoding=\"async\" class=\"wp-image-2207 aligncenter\" src=\"http:\/\/agora.xtec.cat\/ceipcanmanent\/wp-content\/uploads\/usu153\/2016\/11\/Foto-enviada-per-maite-9-1024x577.jpg\" alt=\"bandoler\" width=\"371\" height=\"209\" srcset=\"https:\/\/agora.xtec.cat\/ceipcanmanent\/wp-content\/uploads\/usu153\/2016\/11\/Foto-enviada-per-maite-9-1024x577.jpg 1024w, https:\/\/agora.xtec.cat\/ceipcanmanent\/wp-content\/uploads\/usu153\/2016\/11\/Foto-enviada-per-maite-9-300x169.jpg 300w, https:\/\/agora.xtec.cat\/ceipcanmanent\/wp-content\/uploads\/usu153\/2016\/11\/Foto-enviada-per-maite-9-768x433.jpg 768w, https:\/\/agora.xtec.cat\/ceipcanmanent\/wp-content\/uploads\/usu153\/2016\/11\/Foto-enviada-per-maite-9.jpg 1136w\" sizes=\"auto, (max-width: 371px) 100vw, 371px\" \/><\/a><\/p>\n<p>Al llarg de la tarda van anar fent tot d\u2019activitats sempre i quan la pluja els hi permetia. Els nostres nens i nenes van quedar una mica remullats, per\u00f2 encantats amb tot el que havien fet!<\/p>\n<p>Un cop acabades les activitats amb els monitors, van tenir el gran privilegi de veure l\u2019espectacle de les 4 millors ballarines de tota Catalunya!. Despr\u00e9s de l\u2019espectacle la majoria dels nostres nens i nenes ens van \u00a0ensenyar les seves dots m\u00e9s art\u00edstiques i van mostrar diverses coreografies fetes per ells i elles.<\/p>\n<p>La veritat \u00e9s que aix\u00f2 de moure l\u2019esquelet fa venir gana, aix\u00ed que van anar a agafar f<a href=\"http:\/\/agora.xtec.cat\/ceipcanmanent\/wp-content\/uploads\/usu153\/2016\/11\/Foto-enviada-per-maite-8.jpg\"><img loading=\"lazy\" decoding=\"async\" class=\"wp-image-2210 alignright\" src=\"http:\/\/agora.xtec.cat\/ceipcanmanent\/wp-content\/uploads\/usu153\/2016\/11\/Foto-enviada-per-maite-8.jpg\" alt=\"quad\" width=\"310\" height=\"172\" srcset=\"https:\/\/agora.xtec.cat\/ceipcanmanent\/wp-content\/uploads\/usu153\/2016\/11\/Foto-enviada-per-maite-8.jpg 842w, https:\/\/agora.xtec.cat\/ceipcanmanent\/wp-content\/uploads\/usu153\/2016\/11\/Foto-enviada-per-maite-8-300x166.jpg 300w, https:\/\/agora.xtec.cat\/ceipcanmanent\/wp-content\/uploads\/usu153\/2016\/11\/Foto-enviada-per-maite-8-768x426.jpg 768w\" sizes=\"auto, (max-width: 310px) 100vw, 310px\" \/><\/a>orces per poder fer tots els jocs de nit que els esperaven. Despr\u00e9s d\u2019un dia tan complert la majoria dels nens i nenes de tercer ja havien perdut les forces per poder dormir com troncs. Ara b\u00e9, n\u2019hi va haver alguns que encara van tenir energia\u00a0per fer festa i ballar fins quasi mitjanit!<\/p>\n<p>El dia seg\u00fcent els tornava a esperar un munt d\u2019activitats per fer i gaudir d\u2019un dia assolellat amb els companys. Un grup va anar a veure el pou de gla\u00e7 i va fer llimonada, un altre va fer tir amb arc i <em>tirolina<\/em> i la resta va estar fent una volta amb quad.<\/p>\n<p>Per \u00faltim, es van acomiadar dels monitors i van gaudir d&#8217;un bon \u00e0pat abans d\u2019anar a buscar l\u2019autocar. Ja era l\u2019hora de tornar!<\/p>\n","protected":false},"excerpt":{"rendered":"<p>Els nens i nenes de tercer han anat de col\u00f2nies a la Casa Pou de Gla\u00e7 de la Bisbal de l\u2019Empord\u00e0 els dies\u00a0 13 i 14 d\u2019octubre. Sabeu qu\u00e8 van trobar en aquesta casa? Com molt b\u00e9 indica el nom, van trobar un pou de gla\u00e7. Per\u00f2 el que no us imagineu \u00e9s que hi [&hellip;]<\/p>\n","protected":false},"author":1,"featured_media":2205,"comment_status":"open","ping_status":"open","sticky":false,"template":"","format":"standard","meta":{"_bbp_topic_count":0,"_bbp_reply_count":0,"_bbp_total_topic_count":0,"_bbp_total_reply_count":0,"_bbp_voice_count":0,"_bbp_anonymous_reply_count":0,"_bbp_topic_count_hidden":0,"_bbp_reply_count_hidden":0,"_bbp_forum_subforum_count":0,"site-sidebar-layout":"default","site-content-layout":"","ast-site-content-layout":"","site-content-style":"default","site-sidebar-style":"default","ast-global-header-display":"","ast-banner-title-visibility":"","ast-main-header-display":"","ast-hfb-above-header-display":"","ast-hfb-below-header-display":"","ast-hfb-mobile-header-display":"","site-post-title":"","ast-breadcrumbs-content":"","ast-featured-img":"","footer-sml-layout":"","theme-transparent-header-meta":"","adv-header-id-meta":"","stick-header-meta":"","header-above-stick-meta":"","header-main-stick-meta":"","header-below-stick-meta":"","astra-migrate-meta-layouts":"default","ast-page-background-enabled":"default","ast-page-background-meta":{"desktop":{"background-color":"var(--ast-global-color-4)","background-image":"","background-repeat":"repeat","background-position":"center center","background-size":"auto","background-attachment":"scroll","background-type":"","background-media":"","overlay-type":"","overlay-color":"","overlay-opacity":"","overlay-gradient":""},"tablet":{"background-color":"","background-image":"","background-repeat":"repeat","background-position":"center center","background-size":"auto","background-attachment":"scroll","background-type":"","background-media":"","overlay-type":"","overlay-color":"","overlay-opacity":"","overlay-gradient":""},"mobile":{"background-color":"","background-image":"","background-repeat":"repeat","background-position":"center center","background-size":"auto","background-attachment":"scroll","background-type":"","background-media":"","overlay-type":"","overlay-color":"","overlay-opacity":"","overlay-gradient":""}},"ast-content-background-meta":{"desktop":{"background-color":"var(--ast-global-color-5)","background-image":"","background-repeat":"repeat","background-position":"center center","background-size":"auto","background-attachment":"scroll","background-type":"","background-media":"","overlay-type":"","overlay-color":"","overlay-opacity":"","overlay-gradient":""},"tablet":{"background-color":"var(--ast-global-color-5)","background-image":"","background-repeat":"repeat","background-position":"center center","background-size":"auto","background-attachment":"scroll","background-type":"","background-media":"","overlay-type":"","overlay-color":"","overlay-opacity":"","overlay-gradient":""},"mobile":{"background-color":"var(--ast-global-color-5)","background-image":"","background-repeat":"repeat","background-position":"center center","background-size":"auto","background-attachment":"scroll","background-type":"","background-media":"","overlay-type":"","overlay-color":"","overlay-opacity":"","overlay-gradient":""}},"footnotes":""},"categories":[12,81,4],"tags":[16],"class_list":["post-2204","post","type-post","status-publish","format-standard","has-post-thumbnail","hentry","category-3r","category-mitjans","category-portada","tag-sortides"],"post_mailing_queue_ids":[],"_links":{"self":[{"href":"https:\/\/agora.xtec.cat\/ceipcanmanent\/wp-json\/wp\/v2\/posts\/2204","targetHints":{"allow":["GET"]}}],"collection":[{"href":"https:\/\/agora.xtec.cat\/ceipcanmanent\/wp-json\/wp\/v2\/posts"}],"about":[{"href":"https:\/\/agora.xtec.cat\/ceipcanmanent\/wp-json\/wp\/v2\/types\/post"}],"author":[{"embeddable":true,"href":"https:\/\/agora.xtec.cat\/ceipcanmanent\/wp-json\/wp\/v2\/users\/1"}],"replies":[{"embeddable":true,"href":"https:\/\/agora.xtec.cat\/ceipcanmanent\/wp-json\/wp\/v2\/comments?post=2204"}],"version-history":[{"count":3,"href":"https:\/\/agora.xtec.cat\/ceipcanmanent\/wp-json\/wp\/v2\/posts\/2204\/revisions"}],"predecessor-version":[{"id":2213,"href":"https:\/\/agora.xtec.cat\/ceipcanmanent\/wp-json\/wp\/v2\/posts\/2204\/revisions\/2213"}],"wp:featuredmedia":[{"embeddable":true,"href":"https:\/\/agora.xtec.cat\/ceipcanmanent\/wp-json\/wp\/v2\/media\/2205"}],"wp:attachment":[{"href":"https:\/\/agora.xtec.cat\/ceipcanmanent\/wp-json\/wp\/v2\/media?parent=2204"}],"wp:term":[{"taxonomy":"category","embeddable":true,"href":"https:\/\/agora.xtec.cat\/ceipcanmanent\/wp-json\/wp\/v2\/categories?post=2204"},{"taxonomy":"post_tag","embeddable":true,"href":"https:\/\/agora.xtec.cat\/ceipcanmanent\/wp-json\/wp\/v2\/tags?post=2204"}],"curies":[{"name":"wp","href":"https:\/\/api.w.org\/{rel}","templated":true}]}}