{"id":2196,"date":"2016-11-07T15:50:10","date_gmt":"2016-11-07T14:50:10","guid":{"rendered":"http:\/\/agora.xtec.cat\/ceipcanmanent\/?p=2196"},"modified":"2016-11-18T11:34:44","modified_gmt":"2016-11-18T10:34:44","slug":"santa-cecilia-2016-crida-als-musics-de-lescola","status":"publish","type":"post","link":"https:\/\/agora.xtec.cat\/ceipcanmanent\/portada\/santa-cecilia-2016-crida-als-musics-de-lescola\/","title":{"rendered":"Santa Cec\u00edlia 2016. CRIDA ALS M\u00daSICS DE L&#8217;ESCOLA !!!!"},"content":{"rendered":"<p>&nbsp;<\/p>\n<p>S\u2019acosta <strong>Santa Cec\u00edlia<\/strong>,\u201dDia de la M\u00fasica\u201d<strong><em>. <\/em><\/strong>A l\u2019escola ho celebrem el proper<strong><em> <u>divendres, 18 de novembre<\/u><\/em><\/strong>.<\/p>\n<p style=\"text-align: justify;\"><a href=\"http:\/\/agora.xtec.cat\/ceipcanmanent\/wp-content\/uploads\/usu153\/2015\/11\/DSC_0421.jpg\"><img loading=\"lazy\" decoding=\"async\" class=\"wp-image-1565 alignleft\" src=\"http:\/\/agora.xtec.cat\/ceipcanmanent\/wp-content\/uploads\/usu153\/2015\/11\/DSC_0421-1024x576.jpg\" alt=\"DSC_0421\" width=\"441\" height=\"248\" \/><\/a><\/p>\n<p>&nbsp;<\/p>\n<p>A la nostra comunitat educativa tenim el privilegi de comptar amb for\u00e7a mares, pares, amics \u00a0i mestres amants dels instruments i bons artistes !<\/p>\n<p>Ens agradaria en aquest dia especial tornar a oferir\u00a0 als nens i nenes \u00a0aquestes audicions \u00a0a l\u2019hora d\u2019entrar i sortir: que els m\u00fasics en directe \u00a0substitueixin \u00a0la m\u00fasica enllaunada aquesta diada!\u00a0 Gaudir del luxe d\u2019escoltar m\u00fasica en directe a l\u2019escola!<\/p>\n<p><em>Aix\u00ed, doncs, us fem aquesta crida: la veu i qualsevol instrument que toqueu, la pe\u00e7a que preferiu, sols o en grup. Com us agradi, ser\u00e0 un plaer per a tots! <\/em><\/p>\n<p><strong>Si us ve de gust, us convidem a apuntar el vostre nom al full PENJAT a \u00a0consergeria o enviant-nos un missatge a <em><a href=\"mailto:ceipcanmanent@xtec.cat\">ceipcanmanent@xtec.cat<\/a><\/em>. <u>Quan abans us apunteu abans podrem organitzar-ho tot&#8230;<\/u><\/strong><\/p>\n<p><strong>Us hi esperem i moltes gr\u00e0cies!<\/strong><\/p>\n<p><strong>\u00a0<\/strong><strong>INFORMACI\u00d3 DELS HORARIS<\/strong><\/p>\n<ul>\n<li>Estona d\u2019entrada al mat\u00ed: <strong>de 9.00 a 9.25<\/strong><\/li>\n<li>Estona de sortida a la tarda: <strong>de 16.20 a 16.50 <\/strong>\u00a0(<em>obrirem la porta de l\u2019escola a les fam\u00edlies 10\u00a0 minuts abans)<\/em><\/li>\n<\/ul>\n<p>&nbsp;<\/p>\n<p><strong><em>\u201cCONCERTS A L\u2019AULA\u201d<\/em><\/strong><\/p>\n<p><strong><em>Tamb\u00e9 obrim la possibilitat que vingueu a tocar dins l\u2019aula\u00a0 alguna estona del mateix divendres. Si us podeu oferir\u00a0 per aquest concert, parleu directament amb la mestra del vostre nen o nena. Animeu-vos-hi! <\/em><\/strong><\/p>\n<p>&nbsp;<\/p>\n<p>&nbsp;<\/p>\n<p>&nbsp;<\/p>\n","protected":false},"excerpt":{"rendered":"<p>S\u2019acosta Santa Cec\u00edlia,\u201dDia de la M\u00fasica\u201d. A l\u2019escola ho celebrem el proper DIVENDRES, 18 DE NOVEMBRE&#8230;<\/p>\n","protected":false},"author":1,"featured_media":1565,"comment_status":"open","ping_status":"open","sticky":false,"template":"","format":"standard","meta":{"_bbp_topic_count":0,"_bbp_reply_count":0,"_bbp_total_topic_count":0,"_bbp_total_reply_count":0,"_bbp_voice_count":0,"_bbp_anonymous_reply_count":0,"_bbp_topic_count_hidden":0,"_bbp_reply_count_hidden":0,"_bbp_forum_subforum_count":0,"site-sidebar-layout":"default","site-content-layout":"","ast-site-content-layout":"","site-content-style":"default","site-sidebar-style":"default","ast-global-header-display":"","ast-banner-title-visibility":"","ast-main-header-display":"","ast-hfb-above-header-display":"","ast-hfb-below-header-display":"","ast-hfb-mobile-header-display":"","site-post-title":"","ast-breadcrumbs-content":"","ast-featured-img":"","footer-sml-layout":"","theme-transparent-header-meta":"","adv-header-id-meta":"","stick-header-meta":"","header-above-stick-meta":"","header-main-stick-meta":"","header-below-stick-meta":"","astra-migrate-meta-layouts":"default","ast-page-background-enabled":"default","ast-page-background-meta":{"desktop":{"background-color":"var(--ast-global-color-4)","background-image":"","background-repeat":"repeat","background-position":"center center","background-size":"auto","background-attachment":"scroll","background-type":"","background-media":"","overlay-type":"","overlay-color":"","overlay-opacity":"","overlay-gradient":""},"tablet":{"background-color":"","background-image":"","background-repeat":"repeat","background-position":"center center","background-size":"auto","background-attachment":"scroll","background-type":"","background-media":"","overlay-type":"","overlay-color":"","overlay-opacity":"","overlay-gradient":""},"mobile":{"background-color":"","background-image":"","background-repeat":"repeat","background-position":"center center","background-size":"auto","background-attachment":"scroll","background-type":"","background-media":"","overlay-type":"","overlay-color":"","overlay-opacity":"","overlay-gradient":""}},"ast-content-background-meta":{"desktop":{"background-color":"var(--ast-global-color-5)","background-image":"","background-repeat":"repeat","background-position":"center center","background-size":"auto","background-attachment":"scroll","background-type":"","background-media":"","overlay-type":"","overlay-color":"","overlay-opacity":"","overlay-gradient":""},"tablet":{"background-color":"var(--ast-global-color-5)","background-image":"","background-repeat":"repeat","background-position":"center center","background-size":"auto","background-attachment":"scroll","background-type":"","background-media":"","overlay-type":"","overlay-color":"","overlay-opacity":"","overlay-gradient":""},"mobile":{"background-color":"var(--ast-global-color-5)","background-image":"","background-repeat":"repeat","background-position":"center center","background-size":"auto","background-attachment":"scroll","background-type":"","background-media":"","overlay-type":"","overlay-color":"","overlay-opacity":"","overlay-gradient":""}},"footnotes":""},"categories":[67,4],"tags":[],"class_list":["post-2196","post","type-post","status-publish","format-standard","has-post-thumbnail","hentry","category-musica","category-portada"],"post_mailing_queue_ids":[],"_links":{"self":[{"href":"https:\/\/agora.xtec.cat\/ceipcanmanent\/wp-json\/wp\/v2\/posts\/2196","targetHints":{"allow":["GET"]}}],"collection":[{"href":"https:\/\/agora.xtec.cat\/ceipcanmanent\/wp-json\/wp\/v2\/posts"}],"about":[{"href":"https:\/\/agora.xtec.cat\/ceipcanmanent\/wp-json\/wp\/v2\/types\/post"}],"author":[{"embeddable":true,"href":"https:\/\/agora.xtec.cat\/ceipcanmanent\/wp-json\/wp\/v2\/users\/1"}],"replies":[{"embeddable":true,"href":"https:\/\/agora.xtec.cat\/ceipcanmanent\/wp-json\/wp\/v2\/comments?post=2196"}],"version-history":[{"count":3,"href":"https:\/\/agora.xtec.cat\/ceipcanmanent\/wp-json\/wp\/v2\/posts\/2196\/revisions"}],"predecessor-version":[{"id":2203,"href":"https:\/\/agora.xtec.cat\/ceipcanmanent\/wp-json\/wp\/v2\/posts\/2196\/revisions\/2203"}],"wp:featuredmedia":[{"embeddable":true,"href":"https:\/\/agora.xtec.cat\/ceipcanmanent\/wp-json\/wp\/v2\/media\/1565"}],"wp:attachment":[{"href":"https:\/\/agora.xtec.cat\/ceipcanmanent\/wp-json\/wp\/v2\/media?parent=2196"}],"wp:term":[{"taxonomy":"category","embeddable":true,"href":"https:\/\/agora.xtec.cat\/ceipcanmanent\/wp-json\/wp\/v2\/categories?post=2196"},{"taxonomy":"post_tag","embeddable":true,"href":"https:\/\/agora.xtec.cat\/ceipcanmanent\/wp-json\/wp\/v2\/tags?post=2196"}],"curies":[{"name":"wp","href":"https:\/\/api.w.org\/{rel}","templated":true}]}}