{"id":1838,"date":"2016-06-10T08:00:49","date_gmt":"2016-06-10T07:00:49","guid":{"rendered":"http:\/\/agora.xtec.cat\/ceipcanmanent\/?p=1838"},"modified":"2016-06-14T16:22:27","modified_gmt":"2016-06-14T15:22:27","slug":"la-classe-dels-falcons-i-les-aligues-hem-apres-dues-cancons","status":"publish","type":"post","link":"https:\/\/agora.xtec.cat\/ceipcanmanent\/portada\/la-classe-dels-falcons-i-les-aligues-hem-apres-dues-cancons\/","title":{"rendered":"La classe dels falcons i les \u00e0ligues hem apr\u00e8s dues can\u00e7ons"},"content":{"rendered":"<p>La classe dels falcons i les \u00e0ligues hem apr\u00e8s dues can\u00e7ons: <strong><em>El meu poble i Na Marieta Lola<\/em> <\/strong><\/p>\n<p>La primera parla d&#8217;un poble que s&#8217;assembla molt al nostre. \u00c9s una can\u00e7\u00f3 amb m\u00fasica de l&#8217;Ireneu Segarra i el text \u00e9s de F. Bofill, A. Puig, F. Serrat.<\/p>\n<p><strong>EL MEU POBLE<\/strong><br \/>\nEl meu poble t\u00e9 una pla\u00e7a,<br \/>\nplena d\u00b4arbres i de sol,<br \/>\ns\u00b4hi passeja el senyor alcalde<br \/>\ni tamb\u00e9 tothom que vol.<\/p>\n<p>El meu poble t\u00e9 una escola,<br \/>\nuna ermita i un mercat,<br \/>\ntot de cases rialleres<br \/>\namb flors blanques al terrat.<\/p>\n<p>El meu poble t\u00e9 tavernes<br \/>\non s\u00b4hi beu tant vi com cal;<br \/>\nsi la gent fa massa gresca,<br \/>\nhi ha tamb\u00e9 un municipal!<\/p>\n<p>La classe dels <strong>Falcons 1rA<\/strong><\/p>\n<p><iframe loading=\"lazy\" src=\"\/\/www.youtube.com\/embed\/jg83GS9n4Sk\" width=\"425\" height=\"350\" allowfullscreen=\"allowfullscreen\"><\/iframe><\/p>\n<p>Na Marieta Lola \u00e9s una can\u00e7\u00f3 amb la que hem jugat a inventar la lletra i li hem fet un acompanyament amb instruments que hem triat nosaltres.<\/p>\n<p>aquesta \u00e9s la versi\u00f3 dels Falcons<\/p>\n<p><b>NA MARIETA LOLA T\u00c9 UN GRA EN ES CUL,<\/b><\/p>\n<div><b>I ES METGE L&#8217;HI CURA I LI FA: &#8220;PUM, PUM&#8221;.<\/b><\/div>\n<div><\/div>\n<div><b>NA MARIETA LOLA T\u00c9 UN GRA EN ES NAS,<\/b><\/div>\n<div><\/div>\n<div><b>I ES METGE LI CURA I LI FA: &#8220;JAS, JAS&#8221;.<\/b><\/div>\n<div><\/div>\n<div>cama, nay-nyac<\/div>\n<div>a la m\u00e0, pam-pam<\/div>\n<div>pit, pin-pin<\/div>\n<div>canell, clec-clec<\/div>\n<div>peu, meu-meu<\/div>\n<div><\/div>\n<div><\/div>\n<div><\/div>\n<div><\/div>\n<p><iframe loading=\"lazy\" src=\"\/\/www.youtube.com\/embed\/zF54xj4VozI\" width=\"425\" height=\"350\" allowfullscreen=\"allowfullscreen\"><\/iframe><\/p>\n<p>1r A<\/p>\n<p><iframe loading=\"lazy\" src=\"\/\/www.youtube.com\/embed\/q3GR7fk6s5Q\" width=\"425\" height=\"350\" allowfullscreen=\"allowfullscreen\"><\/iframe><\/p>\n<p>1r B<\/p>\n","protected":false},"excerpt":{"rendered":"<p>La classe dels falcons i les \u00e0ligues hem apr\u00e8s dues can\u00e7ons: El meu poble i Na Marieta Lola <\/p>\n","protected":false},"author":11,"featured_media":1843,"comment_status":"open","ping_status":"open","sticky":false,"template":"","format":"standard","meta":{"_bbp_topic_count":0,"_bbp_reply_count":0,"_bbp_total_topic_count":0,"_bbp_total_reply_count":0,"_bbp_voice_count":0,"_bbp_anonymous_reply_count":0,"_bbp_topic_count_hidden":0,"_bbp_reply_count_hidden":0,"_bbp_forum_subforum_count":0,"site-sidebar-layout":"default","site-content-layout":"","ast-site-content-layout":"","site-content-style":"default","site-sidebar-style":"default","ast-global-header-display":"","ast-banner-title-visibility":"","ast-main-header-display":"","ast-hfb-above-header-display":"","ast-hfb-below-header-display":"","ast-hfb-mobile-header-display":"","site-post-title":"","ast-breadcrumbs-content":"","ast-featured-img":"","footer-sml-layout":"","theme-transparent-header-meta":"","adv-header-id-meta":"","stick-header-meta":"","header-above-stick-meta":"","header-main-stick-meta":"","header-below-stick-meta":"","astra-migrate-meta-layouts":"default","ast-page-background-enabled":"default","ast-page-background-meta":{"desktop":{"background-color":"var(--ast-global-color-4)","background-image":"","background-repeat":"repeat","background-position":"center center","background-size":"auto","background-attachment":"scroll","background-type":"","background-media":"","overlay-type":"","overlay-color":"","overlay-opacity":"","overlay-gradient":""},"tablet":{"background-color":"","background-image":"","background-repeat":"repeat","background-position":"center center","background-size":"auto","background-attachment":"scroll","background-type":"","background-media":"","overlay-type":"","overlay-color":"","overlay-opacity":"","overlay-gradient":""},"mobile":{"background-color":"","background-image":"","background-repeat":"repeat","background-position":"center center","background-size":"auto","background-attachment":"scroll","background-type":"","background-media":"","overlay-type":"","overlay-color":"","overlay-opacity":"","overlay-gradient":""}},"ast-content-background-meta":{"desktop":{"background-color":"var(--ast-global-color-5)","background-image":"","background-repeat":"repeat","background-position":"center center","background-size":"auto","background-attachment":"scroll","background-type":"","background-media":"","overlay-type":"","overlay-color":"","overlay-opacity":"","overlay-gradient":""},"tablet":{"background-color":"var(--ast-global-color-5)","background-image":"","background-repeat":"repeat","background-position":"center center","background-size":"auto","background-attachment":"scroll","background-type":"","background-media":"","overlay-type":"","overlay-color":"","overlay-opacity":"","overlay-gradient":""},"mobile":{"background-color":"var(--ast-global-color-5)","background-image":"","background-repeat":"repeat","background-position":"center center","background-size":"auto","background-attachment":"scroll","background-type":"","background-media":"","overlay-type":"","overlay-color":"","overlay-opacity":"","overlay-gradient":""}},"footnotes":""},"categories":[10,67,4],"tags":[60],"class_list":["post-1838","post","type-post","status-publish","format-standard","has-post-thumbnail","hentry","category-1r","category-musica","category-portada","tag-canco"],"post_mailing_queue_ids":[],"_links":{"self":[{"href":"https:\/\/agora.xtec.cat\/ceipcanmanent\/wp-json\/wp\/v2\/posts\/1838","targetHints":{"allow":["GET"]}}],"collection":[{"href":"https:\/\/agora.xtec.cat\/ceipcanmanent\/wp-json\/wp\/v2\/posts"}],"about":[{"href":"https:\/\/agora.xtec.cat\/ceipcanmanent\/wp-json\/wp\/v2\/types\/post"}],"author":[{"embeddable":true,"href":"https:\/\/agora.xtec.cat\/ceipcanmanent\/wp-json\/wp\/v2\/users\/11"}],"replies":[{"embeddable":true,"href":"https:\/\/agora.xtec.cat\/ceipcanmanent\/wp-json\/wp\/v2\/comments?post=1838"}],"version-history":[{"count":2,"href":"https:\/\/agora.xtec.cat\/ceipcanmanent\/wp-json\/wp\/v2\/posts\/1838\/revisions"}],"predecessor-version":[{"id":1881,"href":"https:\/\/agora.xtec.cat\/ceipcanmanent\/wp-json\/wp\/v2\/posts\/1838\/revisions\/1881"}],"wp:featuredmedia":[{"embeddable":true,"href":"https:\/\/agora.xtec.cat\/ceipcanmanent\/wp-json\/wp\/v2\/media\/1843"}],"wp:attachment":[{"href":"https:\/\/agora.xtec.cat\/ceipcanmanent\/wp-json\/wp\/v2\/media?parent=1838"}],"wp:term":[{"taxonomy":"category","embeddable":true,"href":"https:\/\/agora.xtec.cat\/ceipcanmanent\/wp-json\/wp\/v2\/categories?post=1838"},{"taxonomy":"post_tag","embeddable":true,"href":"https:\/\/agora.xtec.cat\/ceipcanmanent\/wp-json\/wp\/v2\/tags?post=1838"}],"curies":[{"name":"wp","href":"https:\/\/api.w.org\/{rel}","templated":true}]}}