{"id":1759,"date":"2016-03-08T20:54:02","date_gmt":"2016-03-08T19:54:02","guid":{"rendered":"http:\/\/agora.xtec.cat\/ceipcanmanent\/?p=1759"},"modified":"2016-05-25T14:54:43","modified_gmt":"2016-05-25T13:54:43","slug":"la-cobla-i-el-palau-de-la-musica","status":"publish","type":"post","link":"https:\/\/agora.xtec.cat\/ceipcanmanent\/activitats\/grans\/4t\/la-cobla-i-el-palau-de-la-musica\/","title":{"rendered":"La cobla i el Palau de la M\u00fasica"},"content":{"rendered":"<p>A quart aquest trimestre hem estat treballant un projecte de m\u00fasica, la cobla, i al voltant d&#8217;aquest tema hem parlat dels instruments de vent, de les fam\u00edlies i dels tipus d&#8217;embocadura que tenen els instruments de vent.<\/p>\n<p>A partir d&#8217;aix\u00f2 hem parlat de la cobla, si en sabien que era i la veritat han sortit algunes idees esbojarrades i variades. Finalment a partir de totes les intervencions s&#8217;ha arribat a entendre que \u00e9s un conjunt instrumental propi de Catalunya i que toca principalment sardanes i d&#8217;altres danses, encara que en l&#8217;actualitat una cobla pot tocar altres g\u00e8neres musicals.<\/p>\n<p>Hem visionat aquest v\u00eddeo sobre la cobla i els seus instruments i hem anat fent conversa sobre ells, quins instruments formen la cobla?, a quines fam\u00edlies pertanyen?&#8230;<\/p>\n<p>Mireu i escolteu!<\/p>\n<p>&nbsp;<\/p>\n<p><iframe loading=\"lazy\" src=\"\/\/www.youtube.com\/embed\/PqFEaj9kWKc\" width=\"425\" height=\"350\"><\/iframe><\/p>\n<p>El Palau de la M\u00fasica Catalana va ser constru\u00eft entre 1905 i 1908 per l&#8217;arquitecte Llu\u00eds Dom\u00e8nech i Montaner. \u00c9s un dels edificis modernistes m\u00e9s singulars de la ciutat. Aquest edifici hist\u00f2ric fou declarat Patrimoni Mundial per la UNESCO el 1997.<\/p>\n<p>.<iframe loading=\"lazy\" src=\"\/\/www.youtube.com\/embed\/vJlpYBz7Bwk\" width=\"425\" height=\"350\"><\/iframe><\/p>\n<p>I una sardana <em><strong>Sol ixent<\/strong><\/em> d&#8217;<strong>Eduard Toldr\u00e0<\/strong><\/p>\n<p><iframe loading=\"lazy\" src=\"\/\/www.youtube.com\/embed\/0arPKtwagFk\" width=\"425\" height=\"350\"><\/iframe><\/p>\n","protected":false},"excerpt":{"rendered":"<p>La cobla i el Palau de la m\u00fasica catalana.<\/p>\n","protected":false},"author":11,"featured_media":1761,"comment_status":"open","ping_status":"open","sticky":false,"template":"","format":"standard","meta":{"_bbp_topic_count":0,"_bbp_reply_count":0,"_bbp_total_topic_count":0,"_bbp_total_reply_count":0,"_bbp_voice_count":0,"_bbp_anonymous_reply_count":0,"_bbp_topic_count_hidden":0,"_bbp_reply_count_hidden":0,"_bbp_forum_subforum_count":0,"site-sidebar-layout":"default","site-content-layout":"","ast-site-content-layout":"","site-content-style":"default","site-sidebar-style":"default","ast-global-header-display":"","ast-banner-title-visibility":"","ast-main-header-display":"","ast-hfb-above-header-display":"","ast-hfb-below-header-display":"","ast-hfb-mobile-header-display":"","site-post-title":"","ast-breadcrumbs-content":"","ast-featured-img":"","footer-sml-layout":"","theme-transparent-header-meta":"","adv-header-id-meta":"","stick-header-meta":"","header-above-stick-meta":"","header-main-stick-meta":"","header-below-stick-meta":"","astra-migrate-meta-layouts":"default","ast-page-background-enabled":"default","ast-page-background-meta":{"desktop":{"background-color":"var(--ast-global-color-4)","background-image":"","background-repeat":"repeat","background-position":"center center","background-size":"auto","background-attachment":"scroll","background-type":"","background-media":"","overlay-type":"","overlay-color":"","overlay-opacity":"","overlay-gradient":""},"tablet":{"background-color":"","background-image":"","background-repeat":"repeat","background-position":"center center","background-size":"auto","background-attachment":"scroll","background-type":"","background-media":"","overlay-type":"","overlay-color":"","overlay-opacity":"","overlay-gradient":""},"mobile":{"background-color":"","background-image":"","background-repeat":"repeat","background-position":"center center","background-size":"auto","background-attachment":"scroll","background-type":"","background-media":"","overlay-type":"","overlay-color":"","overlay-opacity":"","overlay-gradient":""}},"ast-content-background-meta":{"desktop":{"background-color":"var(--ast-global-color-5)","background-image":"","background-repeat":"repeat","background-position":"center center","background-size":"auto","background-attachment":"scroll","background-type":"","background-media":"","overlay-type":"","overlay-color":"","overlay-opacity":"","overlay-gradient":""},"tablet":{"background-color":"var(--ast-global-color-5)","background-image":"","background-repeat":"repeat","background-position":"center center","background-size":"auto","background-attachment":"scroll","background-type":"","background-media":"","overlay-type":"","overlay-color":"","overlay-opacity":"","overlay-gradient":""},"mobile":{"background-color":"var(--ast-global-color-5)","background-image":"","background-repeat":"repeat","background-position":"center center","background-size":"auto","background-attachment":"scroll","background-type":"","background-media":"","overlay-type":"","overlay-color":"","overlay-opacity":"","overlay-gradient":""}},"footnotes":""},"categories":[13,67],"tags":[76,62],"class_list":["post-1759","post","type-post","status-publish","format-standard","has-post-thumbnail","hentry","category-4t","category-musica","tag-la-cobla","tag-musica"],"post_mailing_queue_ids":[],"_links":{"self":[{"href":"https:\/\/agora.xtec.cat\/ceipcanmanent\/wp-json\/wp\/v2\/posts\/1759","targetHints":{"allow":["GET"]}}],"collection":[{"href":"https:\/\/agora.xtec.cat\/ceipcanmanent\/wp-json\/wp\/v2\/posts"}],"about":[{"href":"https:\/\/agora.xtec.cat\/ceipcanmanent\/wp-json\/wp\/v2\/types\/post"}],"author":[{"embeddable":true,"href":"https:\/\/agora.xtec.cat\/ceipcanmanent\/wp-json\/wp\/v2\/users\/11"}],"replies":[{"embeddable":true,"href":"https:\/\/agora.xtec.cat\/ceipcanmanent\/wp-json\/wp\/v2\/comments?post=1759"}],"version-history":[{"count":1,"href":"https:\/\/agora.xtec.cat\/ceipcanmanent\/wp-json\/wp\/v2\/posts\/1759\/revisions"}],"predecessor-version":[{"id":1760,"href":"https:\/\/agora.xtec.cat\/ceipcanmanent\/wp-json\/wp\/v2\/posts\/1759\/revisions\/1760"}],"wp:featuredmedia":[{"embeddable":true,"href":"https:\/\/agora.xtec.cat\/ceipcanmanent\/wp-json\/wp\/v2\/media\/1761"}],"wp:attachment":[{"href":"https:\/\/agora.xtec.cat\/ceipcanmanent\/wp-json\/wp\/v2\/media?parent=1759"}],"wp:term":[{"taxonomy":"category","embeddable":true,"href":"https:\/\/agora.xtec.cat\/ceipcanmanent\/wp-json\/wp\/v2\/categories?post=1759"},{"taxonomy":"post_tag","embeddable":true,"href":"https:\/\/agora.xtec.cat\/ceipcanmanent\/wp-json\/wp\/v2\/tags?post=1759"}],"curies":[{"name":"wp","href":"https:\/\/api.w.org\/{rel}","templated":true}]}}