{"id":1665,"date":"2016-02-16T09:00:59","date_gmt":"2016-02-16T08:00:59","guid":{"rendered":"http:\/\/agora.xtec.cat\/ceipcanmanent\/?p=1665"},"modified":"2016-11-21T16:16:57","modified_gmt":"2016-11-21T15:16:57","slug":"07-cuple-del-savi-i-la-poma","status":"publish","type":"post","link":"https:\/\/agora.xtec.cat\/ceipcanmanent\/musica\/07-cuple-del-savi-i-la-poma\/","title":{"rendered":"07 Cupl\u00e9 del savi i la poma"},"content":{"rendered":"<p>Aquesta can\u00e7\u00f3 ens parla de personatges de la hist\u00f2ria que han fet grans descobriments com en Galileu, Isaac Newton, Albert Einsten, Marie Curie i Arqu\u00edmedes, i\u00a0 la import\u00e0ncia de la ci\u00e8ncia per a millorar la vida dels homes.<\/p>\n<p><iframe loading=\"lazy\" src=\"\/\/www.youtube.com\/embed\/JeMJFM9sTWk\" width=\"218\" height=\"218\"><\/iframe><\/p>\n<p><a href=\"http:\/\/agora.xtec.cat\/ceipcanmanent\/wp-content\/uploads\/usu153\/2016\/01\/300px-Galileo.arp_.300pix.jpg\"><img loading=\"lazy\" decoding=\"async\" class=\"  wp-image-1666 aligncenter\" src=\"http:\/\/agora.xtec.cat\/ceipcanmanent\/wp-content\/uploads\/usu153\/2016\/01\/300px-Galileo.arp_.300pix.jpg\" alt=\"300px-Galileo.arp.300pix\" width=\"212\" height=\"260\" srcset=\"https:\/\/agora.xtec.cat\/ceipcanmanent\/wp-content\/uploads\/usu153\/2016\/01\/300px-Galileo.arp_.300pix.jpg 300w, https:\/\/agora.xtec.cat\/ceipcanmanent\/wp-content\/uploads\/usu153\/2016\/01\/300px-Galileo.arp_.300pix-245x300.jpg 245w\" sizes=\"auto, (max-width: 212px) 100vw, 212px\" \/><\/a><\/p>\n<div class=\"mod\" data-md=\"16\" data-hveid=\"134\" data-ved=\"0ahUKEwiA4_P22tTKAhUJAxoKHZKbCcgQhygIhgEoATAS\">\n<div class=\"_fdf _odf\">\n<div class=\"kno-ecr-pt kno-fb-ctx\" data-ved=\"0ahUKEwiA4_P22tTKAhUJAxoKHZKbCcgQ3B0IhwEoADAS\"><strong>Galileo Galilei<\/strong><\/div>\n<div class=\"kno-ecr-pt kno-fb-ctx\" data-ved=\"0ahUKEwiA4_P22tTKAhUJAxoKHZKbCcgQ3B0IhwEoADAS\"><\/div>\n<div class=\"_gdf\"><span data-ved=\"0ahUKEwiA4_P22tTKAhUJAxoKHZKbCcgQ2koIiAEoATAS\">F\u00edsic<\/span><\/div>\n<div class=\"_gdf\"><\/div>\n<\/div>\n<\/div>\n<div class=\"mod\" data-md=\"50\" data-ved=\"0ahUKEwiA4_P22tTKAhUJAxoKHZKbCcgQkCkIiQEoAjAT\">\n<div class=\"_cgc\" data-hveid=\"138\" data-ved=\"0ahUKEwiA4_P22tTKAhUJAxoKHZKbCcgQziAIigEoADAT\">\n<div class=\"r-isExsWDYXeTw\">\n<div class=\"kno-rdesc r-iLMQ7A2_Qdjk\">Galileo Galilei, conegut als pa\u00efsos de parla catalana com Galileu va ser un f\u00edsic, matem\u00e0tic, i fil\u00f2sof tosc\u00e0 que va tenir un paper important durant la revoluci\u00f3 cient\u00edfica. <a class=\"fl q _KCd _tWc\" href=\"http:\/\/ca.wikipedia.org\/wiki\/Galileo_Galilei\" data-ved=\"0ahUKEwiA4_P22tTKAhUJAxoKHZKbCcgQmhMIiwEwEw\">Viquip\u00e8dia<\/a><\/div>\n<\/div>\n<\/div>\n<\/div>\n<p><a title=\"Stephen Hawking\" href=\"https:\/\/ca.wikipedia.org\/wiki\/Stephen_Hawking\">Stephen Hawking<\/a> digu\u00e9, &#8220;<i>Galileu, potser m\u00e9s que qualsevol altra persona, fou el responsable del naixement de la ci\u00e8ncia moderna.<\/i>&#8220;<sup id=\"cite_ref-8\" class=\"reference\"> <\/sup><\/p>\n<p>Isaac Newton<\/p>\n<p>Sir <b>Isaac<\/b><b> Ne<\/b><b>wton<\/b> fou un <a title=\"F\u00edsic\" href=\"https:\/\/ca.wikipedia.org\/wiki\/F%C3%ADsic\">f\u00edsic<\/a>, <a title=\"Matem\u00e0tic\" href=\"https:\/\/ca.wikipedia.org\/wiki\/Matem%C3%A0tic\">matem\u00e0tic<\/a> i <a class=\"mw-redirect\" title=\"Fil\u00f2sof\" href=\"https:\/\/ca.wikipedia.org\/wiki\/Fil%C3%B2sof\">fil\u00f2s<\/a><a class=\"mw-redirect\" title=\"Fil\u00f2sof\" href=\"https:\/\/ca.wikipedia.org\/wiki\/Fil%C3%B2sof\">of<\/a> <a title=\"Anglaterra\" href=\"https:\/\/ca.wikipedia.org\/wiki\/Anglaterra\">angl\u00e8s<\/a>. Si en vols saber m\u00e9s coses clica aquest enlla\u00e7 <a href=\"https:\/\/ca.wikipedia.org\/wiki\/Isaac_Newton\">Vikip\u00e8dia<\/a><a href=\"http:\/\/agora.xtec.cat\/ceipcanmanent\/wp-content\/uploads\/usu153\/2016\/01\/newton.jpg\"><img loading=\"lazy\" decoding=\"async\" class=\" wp-image-1667 size-full aligncenter\" src=\"http:\/\/agora.xtec.cat\/ceipcanmanent\/wp-content\/uploads\/usu153\/2016\/01\/newton.jpg\" alt=\"newton\" width=\"153\" height=\"188\" \/><\/a><\/p>\n<div class=\"mod\" data-md=\"16\" data-hveid=\"158\" data-ved=\"0ahUKEwjL1JaM3dTKAhVGWxoKHav0DLYQhygIngEoATAS\">\n<div class=\"_fdf _odf\">\n<div class=\"kno-ecr-pt kno-fb-ctx\" data-ved=\"0ahUKEwjL1JaM3dTKAhVGWxoKHav0DLYQ3B0InwEoADAS\"><strong>Arquimedes<\/strong><\/div>\n<div class=\"kno-ecr-pt kno-fb-ctx\" data-ved=\"0ahUKEwjL1JaM3dTKAhVGWxoKHav0DLYQ3B0InwEoADAS\"><\/div>\n<div class=\"_gdf\"><span data-ved=\"0ahUKEwjL1JaM3dTKAhVGWxoKHav0DLYQ2koIoAEoATAS\">Matem\u00e0tic<a href=\"http:\/\/agora.xtec.cat\/ceipcanmanent\/wp-content\/uploads\/usu153\/2016\/01\/arquimedes.jpg\"><img loading=\"lazy\" decoding=\"async\" class=\" size-full wp-image-1668 aligncenter\" src=\"http:\/\/agora.xtec.cat\/ceipcanmanent\/wp-content\/uploads\/usu153\/2016\/01\/arquimedes.jpg\" alt=\"arquimedes\" width=\"167\" height=\"186\" \/><\/a><\/span><\/div>\n<div class=\"_gdf\"><\/div>\n<\/div>\n<\/div>\n<div class=\"mod\" data-md=\"50\" data-ved=\"0ahUKEwjL1JaM3dTKAhVGWxoKHav0DLYQkCkIoQEoAjAT\">\n<div class=\"_cgc\" data-hveid=\"162\" data-ved=\"0ahUKEwjL1JaM3dTKAhVGWxoKHav0DLYQziAIogEoADAT\">\n<div class=\"r-ieCYaIqcM_20\">\n<div class=\"kno-rdesc r-ixecAcuE5I8k\">Arquimedes de Siracusa va ser un matem\u00e0tic, astr\u00f2nom, fil\u00f2sof, f\u00edsic i enginyer grec. Encara que es coneixen pocs detalls de la seva vida, \u00e9s considerat un dels cient\u00edfics m\u00e9s importants de l&#8217;antiguitat cl\u00e0ssica. <a class=\"fl q _KCd _tWc\" href=\"http:\/\/ca.wikipedia.org\/wiki\/Arquimedes\" data-ved=\"0ahUKEwjL1JaM3dTKAhVGWxoKHav0DLYQmhMIowEwEw\">Viquip\u00e8dia<\/a><\/div>\n<div class=\"kno-rdesc r-ixecAcuE5I8k\"><\/div>\n<\/div>\n<\/div>\n<div class=\"kno-rdesc r-ixecAcuE5I8k\"><\/div>\n<div class=\"kno-rdesc r-ixecAcuE5I8k\"><strong>Albert Einsten<\/strong><\/div>\n<\/div>\n<div class=\"kno-rdesc r-ixecAcuE5I8k\"><\/div>\n<div class=\"kno-rdesc r-ixecAcuE5I8k\">F\u00edsic <a href=\"http:\/\/agora.xtec.cat\/ceipcanmanent\/wp-content\/uploads\/usu153\/2016\/01\/einsten.jpg\"><img loading=\"lazy\" decoding=\"async\" class=\" size-full wp-image-1669 aligncenter\" src=\"http:\/\/agora.xtec.cat\/ceipcanmanent\/wp-content\/uploads\/usu153\/2016\/01\/einsten.jpg\" alt=\"einsten\" width=\"196\" height=\"257\" \/><\/a><\/div>\n<div class=\"mod\" data-md=\"50\" data-ved=\"0ahUKEwjL1JaM3dTKAhVGWxoKHav0DLYQkCkIoQEoAjAT\">\n<div class=\"kno-rdesc r-ixecAcuE5I8k\"><\/div>\n<div class=\"kno-rdesc r-ixecAcuE5I8k\">Albert Einsten va ser un <a title=\"F\u00edsic\" href=\"https:\/\/ca.wikipedia.org\/wiki\/F%C3%ADsic\">f\u00edsic<\/a> d&#8217;origen <a title=\"Imperi Alemany\" href=\"https:\/\/ca.wikipedia.org\/wiki\/Imperi_Alemany\">alemany<\/a>, nacionalitzat posteriorment <a title=\"Su\u00efssa\" href=\"https:\/\/ca.wikipedia.org\/wiki\/Su%C3%AFssa\">su\u00eds<\/a> i <a class=\"mw-redirect\" title=\"Nord-americ\u00e0\" href=\"https:\/\/ca.wikipedia.org\/wiki\/Nord-americ%C3%A0\">nord-americ\u00e0<\/a>. \u00c9s el <a title=\"Cient\u00edfic\" href=\"https:\/\/ca.wikipedia.org\/wiki\/Cient%C3%ADfic\">cient\u00edfic<\/a> m\u00e9s conegut i important del <a title=\"Segle XX\" href=\"https:\/\/ca.wikipedia.org\/wiki\/Segle_XX\">segle XX<\/a>.<sup id=\"cite_ref-alf96_1-0\" class=\"reference\"><a href=\"https:\/\/ca.wikipedia.org\/wiki\/Albert_Einstein#cite_note-alf96-1\">[1]<\/a><\/sup><\/div>\n<\/div>\n<div class=\"kno-rdesc r-ixecAcuE5I8k\"><\/div>\n<div class=\"kno-rdesc r-ixecAcuE5I8k\"><strong>Marie Curie<\/strong><\/div>\n<div class=\"kno-rdesc r-ixecAcuE5I8k\"><\/div>\n<div class=\"kno-rdesc r-ixecAcuE5I8k\">F\u00edsica i Qu\u00edmica<a href=\"http:\/\/agora.xtec.cat\/ceipcanmanent\/wp-content\/uploads\/usu153\/2016\/01\/mariecurie2013_illustration.jpg\"><img loading=\"lazy\" decoding=\"async\" class=\"  wp-image-1670 aligncenter\" src=\"http:\/\/agora.xtec.cat\/ceipcanmanent\/wp-content\/uploads\/usu153\/2016\/01\/mariecurie2013_illustration-1024x661.jpg\" alt=\"mariecurie2013_illustration\" width=\"375\" height=\"242\" srcset=\"https:\/\/agora.xtec.cat\/ceipcanmanent\/wp-content\/uploads\/usu153\/2016\/01\/mariecurie2013_illustration-1024x661.jpg 1024w, https:\/\/agora.xtec.cat\/ceipcanmanent\/wp-content\/uploads\/usu153\/2016\/01\/mariecurie2013_illustration-300x194.jpg 300w, https:\/\/agora.xtec.cat\/ceipcanmanent\/wp-content\/uploads\/usu153\/2016\/01\/mariecurie2013_illustration.jpg 1240w\" sizes=\"auto, (max-width: 375px) 100vw, 375px\" \/><\/a><\/div>\n<div class=\"kno-rdesc r-ixecAcuE5I8k\"><\/div>\n<div class=\"kno-rdesc r-ixecAcuE5I8k\">\n<p><b>Maria Sk\u0142odowska<\/b> o <b>Marie Curie<\/b> (<a title=\"Vars\u00f2via\" href=\"https:\/\/ca.wikipedia.org\/wiki\/Vars%C3%B2via\">Vars\u00f2via<\/a>, <a title=\"Pol\u00f2nia\" href=\"https:\/\/ca.wikipedia.org\/wiki\/Pol%C3%B2nia\">Pol\u00f2nia<\/a>, <a title=\"7 de novembre\" href=\"https:\/\/ca.wikipedia.org\/wiki\/7_de_novembre\">7 de novembre<\/a> de <a title=\"1867\" href=\"https:\/\/ca.wikipedia.org\/wiki\/1867\">1867<\/a> &#8211; <a title=\"Sallanches\" href=\"https:\/\/ca.wikipedia.org\/wiki\/Sallanches\">Sallanches<\/a>, <a title=\"Fran\u00e7a\" href=\"https:\/\/ca.wikipedia.org\/wiki\/Fran%C3%A7a\">Fran\u00e7a<\/a>, <a title=\"4 de juliol\" href=\"https:\/\/ca.wikipedia.org\/wiki\/4_de_juliol\">4 de juliol<\/a> de <a title=\"1934\" href=\"https:\/\/ca.wikipedia.org\/wiki\/1934\">1934<\/a>) fou una\u00a0 <a title=\"F\u00edsica\" href=\"https:\/\/ca.wikipedia.org\/wiki\/F%C3%ADsica\">f\u00edsica<\/a> i <a title=\"Qu\u00edmica\" href=\"https:\/\/ca.wikipedia.org\/wiki\/Qu%C3%ADmica\">qu\u00edmica<\/a> polonesa, pionera en els primers temps de l&#8217;estudi de les <a title=\"Radiaci\u00f3\" href=\"https:\/\/ca.wikipedia.org\/wiki\/Radiaci%C3%B3\">radiacions<\/a>; ella fou la primera a emprar el terme radioactivitat.<sup id=\"cite_ref-2\" class=\"reference\"><a href=\"https:\/\/ca.wikipedia.org\/wiki\/Marie_Curie\">[2] <\/a><a title=\"F\u00edsica\" href=\"https:\/\/ca.wikipedia.org\/wiki\/F%C3%ADsica\">Viquip\u00e8dia<\/a><\/sup><\/p>\n<\/div>\n<p>&nbsp;<\/p>\n","protected":false},"excerpt":{"rendered":"<p>En aquest cupl\u00e9,  l&#8217;Isaac Newton ens explica la import\u00e0ncia de la ci\u00e8ncia per a millorar la nostra vida <\/p>\n","protected":false},"author":11,"featured_media":1672,"comment_status":"open","ping_status":"open","sticky":false,"template":"","format":"standard","meta":{"_bbp_topic_count":0,"_bbp_reply_count":0,"_bbp_total_topic_count":0,"_bbp_total_reply_count":0,"_bbp_voice_count":0,"_bbp_anonymous_reply_count":0,"_bbp_topic_count_hidden":0,"_bbp_reply_count_hidden":0,"_bbp_forum_subforum_count":0,"site-sidebar-layout":"default","site-content-layout":"","ast-site-content-layout":"","site-content-style":"default","site-sidebar-style":"default","ast-global-header-display":"","ast-banner-title-visibility":"","ast-main-header-display":"","ast-hfb-above-header-display":"","ast-hfb-below-header-display":"","ast-hfb-mobile-header-display":"","site-post-title":"","ast-breadcrumbs-content":"","ast-featured-img":"","footer-sml-layout":"","theme-transparent-header-meta":"","adv-header-id-meta":"","stick-header-meta":"","header-above-stick-meta":"","header-main-stick-meta":"","header-below-stick-meta":"","astra-migrate-meta-layouts":"default","ast-page-background-enabled":"default","ast-page-background-meta":{"desktop":{"background-color":"var(--ast-global-color-4)","background-image":"","background-repeat":"repeat","background-position":"center center","background-size":"auto","background-attachment":"scroll","background-type":"","background-media":"","overlay-type":"","overlay-color":"","overlay-opacity":"","overlay-gradient":""},"tablet":{"background-color":"","background-image":"","background-repeat":"repeat","background-position":"center center","background-size":"auto","background-attachment":"scroll","background-type":"","background-media":"","overlay-type":"","overlay-color":"","overlay-opacity":"","overlay-gradient":""},"mobile":{"background-color":"","background-image":"","background-repeat":"repeat","background-position":"center center","background-size":"auto","background-attachment":"scroll","background-type":"","background-media":"","overlay-type":"","overlay-color":"","overlay-opacity":"","overlay-gradient":""}},"ast-content-background-meta":{"desktop":{"background-color":"var(--ast-global-color-5)","background-image":"","background-repeat":"repeat","background-position":"center center","background-size":"auto","background-attachment":"scroll","background-type":"","background-media":"","overlay-type":"","overlay-color":"","overlay-opacity":"","overlay-gradient":""},"tablet":{"background-color":"var(--ast-global-color-5)","background-image":"","background-repeat":"repeat","background-position":"center center","background-size":"auto","background-attachment":"scroll","background-type":"","background-media":"","overlay-type":"","overlay-color":"","overlay-opacity":"","overlay-gradient":""},"mobile":{"background-color":"var(--ast-global-color-5)","background-image":"","background-repeat":"repeat","background-position":"center center","background-size":"auto","background-attachment":"scroll","background-type":"","background-media":"","overlay-type":"","overlay-color":"","overlay-opacity":"","overlay-gradient":""}},"footnotes":""},"categories":[71,67],"tags":[72,62],"class_list":["post-1665","post","type-post","status-publish","format-standard","has-post-thumbnail","hentry","category-cantania-2016","category-musica","tag-cantania-2016","tag-musica"],"post_mailing_queue_ids":[],"_links":{"self":[{"href":"https:\/\/agora.xtec.cat\/ceipcanmanent\/wp-json\/wp\/v2\/posts\/1665","targetHints":{"allow":["GET"]}}],"collection":[{"href":"https:\/\/agora.xtec.cat\/ceipcanmanent\/wp-json\/wp\/v2\/posts"}],"about":[{"href":"https:\/\/agora.xtec.cat\/ceipcanmanent\/wp-json\/wp\/v2\/types\/post"}],"author":[{"embeddable":true,"href":"https:\/\/agora.xtec.cat\/ceipcanmanent\/wp-json\/wp\/v2\/users\/11"}],"replies":[{"embeddable":true,"href":"https:\/\/agora.xtec.cat\/ceipcanmanent\/wp-json\/wp\/v2\/comments?post=1665"}],"version-history":[{"count":3,"href":"https:\/\/agora.xtec.cat\/ceipcanmanent\/wp-json\/wp\/v2\/posts\/1665\/revisions"}],"predecessor-version":[{"id":1705,"href":"https:\/\/agora.xtec.cat\/ceipcanmanent\/wp-json\/wp\/v2\/posts\/1665\/revisions\/1705"}],"wp:featuredmedia":[{"embeddable":true,"href":"https:\/\/agora.xtec.cat\/ceipcanmanent\/wp-json\/wp\/v2\/media\/1672"}],"wp:attachment":[{"href":"https:\/\/agora.xtec.cat\/ceipcanmanent\/wp-json\/wp\/v2\/media?parent=1665"}],"wp:term":[{"taxonomy":"category","embeddable":true,"href":"https:\/\/agora.xtec.cat\/ceipcanmanent\/wp-json\/wp\/v2\/categories?post=1665"},{"taxonomy":"post_tag","embeddable":true,"href":"https:\/\/agora.xtec.cat\/ceipcanmanent\/wp-json\/wp\/v2\/tags?post=1665"}],"curies":[{"name":"wp","href":"https:\/\/api.w.org\/{rel}","templated":true}]}}