{"id":1603,"date":"2016-01-03T08:02:18","date_gmt":"2016-01-03T07:02:18","guid":{"rendered":"http:\/\/agora.xtec.cat\/ceipcanmanent\/?p=1603"},"modified":"2016-02-06T20:35:56","modified_gmt":"2016-02-06T19:35:56","slug":"cantania-2016-babaua-les-desventures-de-mimi","status":"publish","type":"post","link":"https:\/\/agora.xtec.cat\/ceipcanmanent\/portada\/cantania-2016-babaua-les-desventures-de-mimi\/","title":{"rendered":"Cant\u00e0nia 2016. BABAUA. Les desventures de Mim\u00ed"},"content":{"rendered":"<p>Aquest curs preparem de nou una Cant\u00e0nia,<em>&#8220;<strong>BABAUA. Les desventures de Mim\u00ed&#8221;.<\/strong><\/em> Com cada any \u00e9s una cantata nova que l&#8217;han compost especialment per el proje<a href=\"http:\/\/agora.xtec.cat\/ceipcanmanent\/wp-content\/uploads\/usu153\/2016\/01\/03.jpg\"><img loading=\"lazy\" decoding=\"async\" class=\" wp-image-1607 alignright\" src=\"http:\/\/agora.xtec.cat\/ceipcanmanent\/wp-content\/uploads\/usu153\/2016\/01\/03-1024x1024.jpg\" alt=\"BABAUA. les desventures de Mim\u00ed\" width=\"241\" height=\"241\" \/><\/a>cte Cant\u00e0nia 2016.<\/p>\n<p>Aquest any el compositor \u00e9s en <strong>Jordi Dom\u00e8nech<\/strong> cantant, pianista i autor de diverses composicions per a cor. I l&#8217;autor del text \u00e9s en Pere Riera dramaturg, director de teatre i professor de l&#8217;Institut de Teatre de Barcelona.<\/p>\n<p>Qu\u00e8 \u00e9s Cant\u00e0nia?<\/p>\n<div class=\"textLayer\">&#8220;Cant\u00e0nia \u00e9s una activitat amb diferents fases d\u2019actuaci\u00f3: sessions de formaci\u00f3 amb el professorat, treball del professorat a la seva aula i concerts finals interpretats per l\u2019alumnat inscrit. Durant tot el curs escolar es treballa tant des de l\u2019organitzaci\u00f3 com des de l\u2019escola. L\u2019objectiu \u00e9s organitzar un acte per als alumnes que, per les caracter\u00edstiques globals pensades exclusivament per a ells\/es, per la qualitat i per la implicaci\u00f3 personal i col\u00b7lectiva en l\u2019acte, es converteixi en una viv\u00e8ncia musical important i inoblidable per a tothom.&#8221;<\/div>\n<div class=\"textLayer\"><\/div>\n<div class=\"textLayer\">En aquest v\u00eddeo, que \u00e9s va fer per commemorar el 25 aniversari d&#8217;aquesta activitat, ens ho expliquen d&#8217;una manera molt amena i emotiva la gran experi\u00e8ncia que viurem tant nosaltres participant-hi, com les nostres fam\u00edlies quan vinguin al concert.<\/div>\n<div class=\"textLayer\"><\/div>\n<div class=\"textLayer\"><iframe loading=\"lazy\" src=\"\/\/www.youtube.com\/embed\/3yD5mt31Hv0\" width=\"242\" height=\"242\"><\/iframe><\/div>\n<div class=\"textLayer\">Cant\u00e0nia 25 anys<\/div>\n<div class=\"textLayer\"><\/div>\n<div class=\"textLayer\">BABAUA. Les desventures de Mim\u00ed.<\/div>\n<div class=\"textLayer\"><\/div>\n<div class=\"textLayer\">Si voleu saber una mica de que va<\/div>\n<div class=\"textLayer\"><\/div>\n<div class=\"textLayer\"><strong>Sinopsis<\/strong><\/div>\n<div class=\"textLayer\"><\/div>\n<div class=\"textLayer\">&#8220;La Mim\u00ed \u00e9s una joveneta c\u00e0ndida i innocent, que viu preocupada pel seu aspecte, per la seva<br \/>\ncoqueteria. Amo\u00efnada per la dificultat de trobar prom\u00e8s, desencisada perqu\u00e8 cap dels seus<br \/>\npretendents no li fa el pes, Mim\u00ed rebr\u00e0 l\u2019ajuda de Cupido. Un Cupido m\u00faltiple, que li ofereix un<br \/>\npacte ben original: l\u2019ajudar\u00e0 a trobar l\u2019home dels seus somnis, si ella accepta fer un fascinant<br \/>\nviatge pel temps i l\u2019espai. Un viatge que permetr\u00e0 la Mim\u00ed con\u00e8ixer personatges i esdeveniments<br \/>\nque han tingut una import\u00e0ncia capital en l\u2019evoluci\u00f3 tecnol\u00f2gica de la humanitat. D\u2019aquesta<br \/>\nmanera, Mim\u00ed descobrir\u00e0 el gust per l\u2019aprenentatge i s\u2019oblidar\u00e0 de les banalitats sup\u00e8rflues que<br \/>\nl\u2019havien preocupat fins que va topar amb Cupido. I, tot aprenent, Mim\u00ed entendr\u00e0 que el<br \/>\nveritable amor est\u00e0 \u00edntimament relacionat amb la voluntat d\u2019estimar, m\u00e9s que no pas amb la<br \/>\nfacultat de seduir.&#8221;<\/div>\n<div class=\"textLayer\"><\/div>\n","protected":false},"excerpt":{"rendered":"<p>Aquest curs preparem de nou una Cant\u00e0nia,&#8221;BABAUA. Les desventures de Mim\u00ed&#8221; Com cada any \u00e9s una cantata nova que l&#8217;han compost especialment per al projecte Cant\u00e0nia<\/p>\n","protected":false},"author":11,"featured_media":1607,"comment_status":"open","ping_status":"open","sticky":false,"template":"","format":"standard","meta":{"_bbp_topic_count":0,"_bbp_reply_count":0,"_bbp_total_topic_count":0,"_bbp_total_reply_count":0,"_bbp_voice_count":0,"_bbp_anonymous_reply_count":0,"_bbp_topic_count_hidden":0,"_bbp_reply_count_hidden":0,"_bbp_forum_subforum_count":0,"site-sidebar-layout":"default","site-content-layout":"","ast-site-content-layout":"","site-content-style":"default","site-sidebar-style":"default","ast-global-header-display":"","ast-banner-title-visibility":"","ast-main-header-display":"","ast-hfb-above-header-display":"","ast-hfb-below-header-display":"","ast-hfb-mobile-header-display":"","site-post-title":"","ast-breadcrumbs-content":"","ast-featured-img":"","footer-sml-layout":"","theme-transparent-header-meta":"","adv-header-id-meta":"","stick-header-meta":"","header-above-stick-meta":"","header-main-stick-meta":"","header-below-stick-meta":"","astra-migrate-meta-layouts":"default","ast-page-background-enabled":"default","ast-page-background-meta":{"desktop":{"background-color":"var(--ast-global-color-4)","background-image":"","background-repeat":"repeat","background-position":"center center","background-size":"auto","background-attachment":"scroll","background-type":"","background-media":"","overlay-type":"","overlay-color":"","overlay-opacity":"","overlay-gradient":""},"tablet":{"background-color":"","background-image":"","background-repeat":"repeat","background-position":"center center","background-size":"auto","background-attachment":"scroll","background-type":"","background-media":"","overlay-type":"","overlay-color":"","overlay-opacity":"","overlay-gradient":""},"mobile":{"background-color":"","background-image":"","background-repeat":"repeat","background-position":"center center","background-size":"auto","background-attachment":"scroll","background-type":"","background-media":"","overlay-type":"","overlay-color":"","overlay-opacity":"","overlay-gradient":""}},"ast-content-background-meta":{"desktop":{"background-color":"var(--ast-global-color-5)","background-image":"","background-repeat":"repeat","background-position":"center center","background-size":"auto","background-attachment":"scroll","background-type":"","background-media":"","overlay-type":"","overlay-color":"","overlay-opacity":"","overlay-gradient":""},"tablet":{"background-color":"var(--ast-global-color-5)","background-image":"","background-repeat":"repeat","background-position":"center center","background-size":"auto","background-attachment":"scroll","background-type":"","background-media":"","overlay-type":"","overlay-color":"","overlay-opacity":"","overlay-gradient":""},"mobile":{"background-color":"var(--ast-global-color-5)","background-image":"","background-repeat":"repeat","background-position":"center center","background-size":"auto","background-attachment":"scroll","background-type":"","background-media":"","overlay-type":"","overlay-color":"","overlay-opacity":"","overlay-gradient":""}},"footnotes":""},"categories":[14,71,67,4],"tags":[72],"class_list":["post-1603","post","type-post","status-publish","format-standard","has-post-thumbnail","hentry","category-5e","category-cantania-2016","category-musica","category-portada","tag-cantania-2016"],"post_mailing_queue_ids":[],"_links":{"self":[{"href":"https:\/\/agora.xtec.cat\/ceipcanmanent\/wp-json\/wp\/v2\/posts\/1603","targetHints":{"allow":["GET"]}}],"collection":[{"href":"https:\/\/agora.xtec.cat\/ceipcanmanent\/wp-json\/wp\/v2\/posts"}],"about":[{"href":"https:\/\/agora.xtec.cat\/ceipcanmanent\/wp-json\/wp\/v2\/types\/post"}],"author":[{"embeddable":true,"href":"https:\/\/agora.xtec.cat\/ceipcanmanent\/wp-json\/wp\/v2\/users\/11"}],"replies":[{"embeddable":true,"href":"https:\/\/agora.xtec.cat\/ceipcanmanent\/wp-json\/wp\/v2\/comments?post=1603"}],"version-history":[{"count":3,"href":"https:\/\/agora.xtec.cat\/ceipcanmanent\/wp-json\/wp\/v2\/posts\/1603\/revisions"}],"predecessor-version":[{"id":1616,"href":"https:\/\/agora.xtec.cat\/ceipcanmanent\/wp-json\/wp\/v2\/posts\/1603\/revisions\/1616"}],"wp:featuredmedia":[{"embeddable":true,"href":"https:\/\/agora.xtec.cat\/ceipcanmanent\/wp-json\/wp\/v2\/media\/1607"}],"wp:attachment":[{"href":"https:\/\/agora.xtec.cat\/ceipcanmanent\/wp-json\/wp\/v2\/media?parent=1603"}],"wp:term":[{"taxonomy":"category","embeddable":true,"href":"https:\/\/agora.xtec.cat\/ceipcanmanent\/wp-json\/wp\/v2\/categories?post=1603"},{"taxonomy":"post_tag","embeddable":true,"href":"https:\/\/agora.xtec.cat\/ceipcanmanent\/wp-json\/wp\/v2\/tags?post=1603"}],"curies":[{"name":"wp","href":"https:\/\/api.w.org\/{rel}","templated":true}]}}