{"id":1575,"date":"2015-12-11T19:16:37","date_gmt":"2015-12-11T18:16:37","guid":{"rendered":"http:\/\/agora.xtec.cat\/ceipcanmanent\/?p=1575"},"modified":"2015-12-21T11:10:16","modified_gmt":"2015-12-21T10:10:16","slug":"preparem-el-nadal","status":"publish","type":"post","link":"https:\/\/agora.xtec.cat\/ceipcanmanent\/general\/preparem-el-nadal\/","title":{"rendered":"Preparem el Nadal"},"content":{"rendered":"<p>A l&#8217;aula de m\u00fasica, com cada any, ens agrada preparar alguna Nadala per a poder oferir en un &#8220;petit concert&#8221; a tota la comunitat escolar i a m\u00e9s per a poder-les cantar el dia de Nadal amb la fam\u00edlia.<\/p>\n<p>Perqu\u00e8 els nens i les nenes les puguin repassar, aqu\u00ed poso uns v\u00eddeos i les lletres de les can\u00e7ons.<\/p>\n<p><iframe loading=\"lazy\" src=\"\/\/www.youtube.com\/embed\/eo_mOww0vTc\" width=\"183\" height=\"183\"><\/iframe><\/p>\n<p><strong>6\u00e8 Som al dia de Nadal<\/strong><\/p>\n<p>Som el dia de Nadal i hem de fer molta gatzara,<br \/>\n\u00e9s el punt de mitja nit i la festa ja es prepara.<br \/>\nAmb panderos i ferrets cantarem uns villancets,<br \/>\nla ximbomba roncar\u00e0, reganyosa, reganyosa<br \/>\nLa ximbomba roncar\u00e0, reganyosa com un ca.<br \/>\nAquest dia ventur\u00f3s, que \u00e9s diada senyalada,<br \/>\nEns espera un bon dinar a la taula ben parada.<br \/>\nB\u00e9 hi haur\u00e0 un cap\u00f3 rostit i un gall d\u2019indi ben farcit;<br \/>\nEl vi ranci a barralons per les neules, per les neules<br \/>\nEl vi ranci a barralons per les neules i els torrons.<br \/>\nBrindarem ben alegrois per l\u2019Infant i per la Mare,<br \/>\nI a brindar tots tornarem si la copa \u00e9s plena encara.<br \/>\nNo hi haur\u00e0 pas bona fi si hi faltava un viol\u00ed<br \/>\nQue toqu\u00e8s sense parar la m\u00fasica, la m\u00fasica<br \/>\nQue toqu\u00e8s sense parar la m\u00fasica per ballar.<\/p>\n<p>&nbsp;<\/p>\n<p><!--more--><iframe loading=\"lazy\" src=\"\/\/www.youtube.com\/embed\/iufDyij65RM\" width=\"179\" height=\"179\"><\/iframe><\/p>\n<p>4t La pastora Caterina<\/p>\n<p>La pastora Caterina<br \/>\nper present li va donar,<br \/>\nTres taronges de la xina<br \/>\na 1 el pessebre va.<\/p>\n<p>Ara pastors anem junts<br \/>\nCap al portal que n&#8217;\u00e9s nat<br \/>\nUn infant com<br \/>\nUna estrella<br \/>\nQue me&#8217;n t\u00e9 el cor robat.<br \/>\nAnton tiro-liro-liro,<\/p>\n<p>Anton tira-liro-Ia,<br \/>\nAnton tira-liro-Ia,<\/p>\n<p>Jes\u00fas al pessebre anem adorar.<\/p>\n<p>Oh bon pastor jo diria<br \/>\nQue en el portal de Betlem,<br \/>\nde Jes\u00fas i Maria<br \/>\nA dalt del cel ja sigueu.<\/p>\n<p>Ara pastors&#8230;<br \/>\nMiquel tira-liro-liro&#8230;<br \/>\nSant Josep per la muntanya<br \/>\nEnramat porta el bufet,<br \/>\nTamb\u00e9 la verge Maria<br \/>\nAbra\u00e7ant el seu fillet.<\/p>\n<p>Ara pastors&#8230; Joan tiro-liro-liro&#8230;<\/p>\n<p>&nbsp;<\/p>\n<p><iframe loading=\"lazy\" src=\"\/\/www.youtube.com\/embed\/BhQPp-TSiiI\" width=\"176\" height=\"176\"><\/iframe><\/p>\n<p>1r El Nadal ja \u00e9s aqu\u00ed<\/p>\n<div data-canvas-width=\"400.2412400859375\">Quan comen\u00e7a a fer molt fred<\/div>\n<div data-canvas-width=\"320.6924920417499\">jo engalano el meu avet,<\/div>\n<div data-canvas-width=\"329.06249191856244\">poso llums, boles tamb\u00e9<\/div>\n<div data-canvas-width=\"314.7862422526874\">trec la pols del caganer.<\/div>\n<div data-canvas-width=\"58.69124854453125\">(bis)<\/div>\n<div data-canvas-width=\"343.5749913810937\">Anirem a esperar els Reis<\/div>\n<div data-canvas-width=\"368.5837408782187\">cantarem can\u00e7ons amb ells,<\/div>\n<div data-canvas-width=\"292.8149927530312\">donarem menjar al ti\u00f3<\/div>\n<div data-canvas-width=\"250.7287437537187\">mandarines i torr\u00f3.<\/div>\n<div data-canvas-width=\"58.69124854453125\">(bis)<\/div>\n<div data-canvas-width=\"263.2499935014374\">El Nadal ja \u00e9s aqu\u00ed<\/div>\n<div data-canvas-width=\"313.537492213875\">jo em preparo per sortir,<\/div>\n<div data-canvas-width=\"294.5699927504999\">amb bufanda i abrigat<\/div>\n<div data-canvas-width=\"373.4774906731874\">vull veure els carrers nevats.<\/div>\n<div data-canvas-width=\"373.4774906731874\"><\/div>\n<div data-canvas-width=\"327.34124179621875\">Anirem a esperar els Reis<\/div>\n<div data-canvas-width=\"368.5837408782187\">cantarem can\u00e7ons amb ells,<\/div>\n<div data-canvas-width=\"292.8149927530312\">donarem menjar al ti\u00f3,<\/div>\n<div data-canvas-width=\"250.7287437537187\">mandarines i torr\u00f3.<\/div>\n<p>&nbsp;<\/p>\n<p><iframe loading=\"lazy\" src=\"\/\/www.youtube.com\/embed\/LOc4Un2UEIk\" width=\"173\" height=\"173\"><\/iframe><\/p>\n<p>5\u00e8 Hacia Bel\u00e9n va una burra<\/p>\n<p>Hacia Bel\u00e9n va una burra, rin, rin,<br \/>\nyo me remendaba yo me remend\u00e9<br \/>\nyo me ech\u00e9 un remiendo yo me lo quit\u00e9,<br \/>\ncargada de chocolate;<\/p>\n<p>Lleva en su chocolatera rin, rin<br \/>\nyo me remendaba yo me remend\u00e9<br \/>\nyo me ech\u00e9 un remiendo yo me lo quit\u00e9,<br \/>\nsu molinillo y su anafre.<\/p>\n<p>Maria, Maria, ven a ac\u00e1 corriendo,<br \/>\nque el chocolatillo se lo est\u00e1n comiendo.<\/p>\n<p>En el portal de Bel\u00e9n rin, rin<br \/>\nyo me remendaba yo me remend\u00e9<br \/>\nYo me ech\u00e9 un remiendo yo me lo quit\u00e9,<br \/>\nhan entrado los ratones;<br \/>\ny al bueno de San Jos\u00e9 rin, rin,<br \/>\nyo me remendaba yo me remend\u00e9<br \/>\nYo me ech\u00e9 un remiendo yo me lo quit\u00e9,<br \/>\nle han ro\u00eddo los calzones.<\/p>\n<p>Mar\u00eda, Maria&#8230; ven ac\u00e1 corriendo,<br \/>\nque los calzoncillos los est\u00e1n royendo.<\/p>\n<p>En el Portal de Bel\u00e9n rin, rin,<br \/>\nyo me remendaba yo me remend\u00e9<br \/>\nyo me ech\u00e9 un remiendo yo me lo quit\u00e9,<br \/>\ngitanillos han entrado;<br \/>\ny al ni\u00f1o que est\u00e1 en la cuna rin, rin<br \/>\nyo me remendaba yo me remend\u00e9<br \/>\nyo me ech\u00e9 un remiendo yo me lo quit\u00e9,<br \/>\nlos pa\u00f1ales le han cambiado.<\/p>\n<p>Maria, Maria ven ac\u00e1 volando,<br \/>\nque los pa\u00f1alillos los est\u00e1n lavando.<\/p>\n<p><a href=\"http:\/\/www.goear.com\/listen\/f7874f7\/sant-josep-fa-bugada-nadala\">2n Sant Josep fa bugada <\/a><\/p>\n<p class=\"contingut_lletra\">Sant Josep fa bugada,<br \/>\nA dintre del morter,<br \/>\nHi posa la flassada,<br \/>\nTamb\u00e9 el travesser.<\/p>\n<p>La Verge Maria hi posa el llen\u00e7ol,<br \/>\nl els \u00e0ngels canten, la, do, re, mi, fa, sol.<br \/>\nAl.leluia Al\u00b7leluia..<\/p>\n<p>Sant Josep fa sopada,<br \/>\nPosa l&#8217;ollada al foc,<br \/>\nAmb naps i cansalada<br \/>\nJa bull a poc a poc.<\/p>\n<p>La Verge Maria hi posa el llen\u00e7ol,<br \/>\nl els \u00e0ngels canten, la, do, re, mi, fa, sol.<br \/>\nAl.leluia Al\u00b7leluia..<\/p>\n<p>Sant Josep fa la pasta<br \/>\nAmb un tros de llevat,<br \/>\nI despr\u00e9s ell la tasta<br \/>\nQuin pa ben encertat.<\/p>\n<p>La Verge Maria hi posa el perol,<br \/>\nl els \u00e0ngels&#8230;<\/p>\n<p>Sant Josep fa l&#8217;endre\u00e7a<br \/>\nEscombra els racons,<br \/>\nAmb cuita i a tota pressa<br \/>\nNeteja els fogons.<br \/>\nLa Verge Maria hi posa el llen\u00e7ol,<br \/>\nl els \u00e0ngels canten, la, do, re, mi, fa, sol.<br \/>\nAl.leluia Al\u00b7leluia.<\/p>\n<p><iframe loading=\"lazy\" src=\"\/\/www.youtube.com\/embed\/HDSdZGhOkAQ\" width=\"201\" height=\"201\"><\/iframe><\/p>\n<p>3r All\u00e0 dalt de la muntanya<\/p>\n<p><span style=\"color: #9900cc;\"><b><i><span style=\"color: #0000ff; font-family: Verdana;\">All\u00e0 dalt de la muntanya<\/span><\/i><\/b> <span style=\"color: #0000ff;\"><br \/>\n<b><i><span style=\"font-family: Verdana;\">un \u00e0ngel als pastors diu:(bis)<\/span><\/i><\/b><br \/>\n<b><i><span style=\"font-family: Verdana;\">&#8211; Hola, hola, eixiu, eixiu<\/span><\/i><\/b><br \/>\n<b><i><span style=\"font-family: Verdana;\">lan ta ra ra ra ra ra ra.<\/span><\/i><\/b><br \/>\n<b><i><span style=\"font-family: Verdana;\">Hola, hola, eixiu, eixiu<\/span><\/i><\/b><br \/>\n<b><i><span style=\"font-family: Verdana;\">que Jes\u00fas \u00e9s nat i \u00e9s viu.<\/span><\/i><\/b><\/span><\/span><\/p>\n<p><span style=\"color: #0000ff;\"><b><i><span style=\"font-family: Verdana;\">Si un pastor li porta ovelles<\/span><\/i><\/b><br \/>\n<b><i><span style=\"font-family: Verdana;\">l&#8217;altre li porta cabrits (bis)<\/span><\/i><\/b><br \/>\n<b><i><span style=\"font-family: Verdana;\">l&#8217;altre li porta confits<\/span><\/i><\/b><br \/>\n<b><i><span style=\"font-family: Verdana;\">lan ta ra ra&#8230;<\/span><\/i><\/b><br \/>\n<b><i><span style=\"font-family: Verdana;\">l&#8217;altre li porta confits<\/span><\/i><\/b><br \/>\n<b><i><span style=\"font-family: Verdana;\">que \u00e9s cosa de nois petits.<\/span><\/i><\/b><\/span><\/p>\n<p><span style=\"color: #0000ff;\"><b><i><span style=\"font-family: Verdana;\">El m\u00e9s vell ja en diu als altres:<\/span><\/i><\/b><br \/>\n<b><i><span style=\"font-family: Verdana;\">&#8211; Hala, hala, caminem, (bis)<\/span><\/i><\/b><br \/>\n<b><i><span style=\"font-family: Verdana;\">que Jes\u00fas adorarem<\/span><\/i><\/b><br \/>\n<b><i><span style=\"font-family: Verdana;\">lan ta ra ra&#8230;<\/span><\/i><\/b><br \/>\n<b><i><span style=\"font-family: Verdana;\">que Jes\u00fas adorarem<\/span><\/i><\/b><br \/>\n<b><i><span style=\"font-family: Verdana;\">dins el portal de Betlem.<\/span><\/i><\/b><\/span><\/p>\n","protected":false},"excerpt":{"rendered":"<p>A l&#8217;aula de m\u00fasica, com cada any, ens agrada preparar alguna Nadala per a poder oferir en un &#8220;petit concert&#8221; a tota la comunitat escolar i a m\u00e9s per a poder-les cantar el dia de Nadal amb la fam\u00edlia.<\/p>\n","protected":false},"author":11,"featured_media":1585,"comment_status":"open","ping_status":"open","sticky":false,"template":"","format":"standard","meta":{"_bbp_topic_count":0,"_bbp_reply_count":0,"_bbp_total_topic_count":0,"_bbp_total_reply_count":0,"_bbp_voice_count":0,"_bbp_anonymous_reply_count":0,"_bbp_topic_count_hidden":0,"_bbp_reply_count_hidden":0,"_bbp_forum_subforum_count":0,"site-sidebar-layout":"default","site-content-layout":"","ast-site-content-layout":"","site-content-style":"default","site-sidebar-style":"default","ast-global-header-display":"","ast-banner-title-visibility":"","ast-main-header-display":"","ast-hfb-above-header-display":"","ast-hfb-below-header-display":"","ast-hfb-mobile-header-display":"","site-post-title":"","ast-breadcrumbs-content":"","ast-featured-img":"","footer-sml-layout":"","theme-transparent-header-meta":"","adv-header-id-meta":"","stick-header-meta":"","header-above-stick-meta":"","header-main-stick-meta":"","header-below-stick-meta":"","astra-migrate-meta-layouts":"default","ast-page-background-enabled":"default","ast-page-background-meta":{"desktop":{"background-color":"var(--ast-global-color-4)","background-image":"","background-repeat":"repeat","background-position":"center center","background-size":"auto","background-attachment":"scroll","background-type":"","background-media":"","overlay-type":"","overlay-color":"","overlay-opacity":"","overlay-gradient":""},"tablet":{"background-color":"","background-image":"","background-repeat":"repeat","background-position":"center center","background-size":"auto","background-attachment":"scroll","background-type":"","background-media":"","overlay-type":"","overlay-color":"","overlay-opacity":"","overlay-gradient":""},"mobile":{"background-color":"","background-image":"","background-repeat":"repeat","background-position":"center center","background-size":"auto","background-attachment":"scroll","background-type":"","background-media":"","overlay-type":"","overlay-color":"","overlay-opacity":"","overlay-gradient":""}},"ast-content-background-meta":{"desktop":{"background-color":"var(--ast-global-color-5)","background-image":"","background-repeat":"repeat","background-position":"center center","background-size":"auto","background-attachment":"scroll","background-type":"","background-media":"","overlay-type":"","overlay-color":"","overlay-opacity":"","overlay-gradient":""},"tablet":{"background-color":"var(--ast-global-color-5)","background-image":"","background-repeat":"repeat","background-position":"center center","background-size":"auto","background-attachment":"scroll","background-type":"","background-media":"","overlay-type":"","overlay-color":"","overlay-opacity":"","overlay-gradient":""},"mobile":{"background-color":"var(--ast-global-color-5)","background-image":"","background-repeat":"repeat","background-position":"center center","background-size":"auto","background-attachment":"scroll","background-type":"","background-media":"","overlay-type":"","overlay-color":"","overlay-opacity":"","overlay-gradient":""}},"footnotes":""},"categories":[81,1,67,4],"tags":[69,62,68],"class_list":["post-1575","post","type-post","status-publish","format-standard","has-post-thumbnail","hentry","category-mitjans","category-general","category-musica","category-portada","tag-cancons","tag-musica","tag-nadal"],"post_mailing_queue_ids":[],"_links":{"self":[{"href":"https:\/\/agora.xtec.cat\/ceipcanmanent\/wp-json\/wp\/v2\/posts\/1575","targetHints":{"allow":["GET"]}}],"collection":[{"href":"https:\/\/agora.xtec.cat\/ceipcanmanent\/wp-json\/wp\/v2\/posts"}],"about":[{"href":"https:\/\/agora.xtec.cat\/ceipcanmanent\/wp-json\/wp\/v2\/types\/post"}],"author":[{"embeddable":true,"href":"https:\/\/agora.xtec.cat\/ceipcanmanent\/wp-json\/wp\/v2\/users\/11"}],"replies":[{"embeddable":true,"href":"https:\/\/agora.xtec.cat\/ceipcanmanent\/wp-json\/wp\/v2\/comments?post=1575"}],"version-history":[{"count":3,"href":"https:\/\/agora.xtec.cat\/ceipcanmanent\/wp-json\/wp\/v2\/posts\/1575\/revisions"}],"predecessor-version":[{"id":1587,"href":"https:\/\/agora.xtec.cat\/ceipcanmanent\/wp-json\/wp\/v2\/posts\/1575\/revisions\/1587"}],"wp:featuredmedia":[{"embeddable":true,"href":"https:\/\/agora.xtec.cat\/ceipcanmanent\/wp-json\/wp\/v2\/media\/1585"}],"wp:attachment":[{"href":"https:\/\/agora.xtec.cat\/ceipcanmanent\/wp-json\/wp\/v2\/media?parent=1575"}],"wp:term":[{"taxonomy":"category","embeddable":true,"href":"https:\/\/agora.xtec.cat\/ceipcanmanent\/wp-json\/wp\/v2\/categories?post=1575"},{"taxonomy":"post_tag","embeddable":true,"href":"https:\/\/agora.xtec.cat\/ceipcanmanent\/wp-json\/wp\/v2\/tags?post=1575"}],"curies":[{"name":"wp","href":"https:\/\/api.w.org\/{rel}","templated":true}]}}