{"id":1561,"date":"2015-11-20T13:15:54","date_gmt":"2015-11-20T12:15:54","guid":{"rendered":"http:\/\/agora.xtec.cat\/ceipcanmanent\/?p=1561"},"modified":"2015-11-20T13:21:13","modified_gmt":"2015-11-20T12:21:13","slug":"celebrem-el-dia-de-la-musica","status":"publish","type":"post","link":"https:\/\/agora.xtec.cat\/ceipcanmanent\/general\/celebrem-el-dia-de-la-musica\/","title":{"rendered":"Celebrem el dia de la M\u00fasica"},"content":{"rendered":"<p>Aquest divendres 20 de novembre hem celebrat \u00a0Santa Cec\u00edlia a l&#8217;escola.\u00a0Pels m\u00fasics i professionals de la m\u00fasica, la diada de Santa Cec\u00edlia \u00e9s la data en qu\u00e8 tradicionalment se celebra la seva festa, la Festa de la M\u00fasica. Santa Cec\u00edlia, una de les m\u00e0rtirs m\u00e9s venerades pels cristians, va ser nomenada Patrona de la M\u00fasica pel Papa Gregori XIII l&#8217;any 1594 i el dia del seu naixement, el 22 de novembre, va esdevenir el Dia de la M\u00fasica. En la seva \u00e8poca de m\u00e0xim explendor aquesta diada era una gran festa que consistia amb un missa solemne al seu honor i la realitzaci\u00f3 d&#8217;una process\u00f3 participada per una gran quantitat de m\u00fasics amb els seus corresponents instruments. Avui, en totes aquelles poblacions on hi ha conjunts musicals (corals, bandes, etc) i organitzacions dedicades a l\u2019estudi i divulgaci\u00f3 de la m\u00fasica. es fan concerts extraordinaris, processons per anar a cercar els nous membres i altres activitats diverses.<\/p>\n<table>\n<tbody>\n<tr>\n<td><a href=\"http:\/\/agora.xtec.cat\/ceipcanmanent\/wp-content\/uploads\/usu153\/2015\/11\/DSC_0438.jpg\"><img loading=\"lazy\" decoding=\"async\" class=\"aligncenter wp-image-1570\" src=\"http:\/\/agora.xtec.cat\/ceipcanmanent\/wp-content\/uploads\/usu153\/2015\/11\/DSC_0438-1024x576.jpg\" alt=\"DSC_0438\" width=\"256\" height=\"144\" srcset=\"https:\/\/agora.xtec.cat\/ceipcanmanent\/wp-content\/uploads\/usu153\/2015\/11\/DSC_0438-1024x576.jpg 1024w, https:\/\/agora.xtec.cat\/ceipcanmanent\/wp-content\/uploads\/usu153\/2015\/11\/DSC_0438-300x169.jpg 300w\" sizes=\"auto, (max-width: 256px) 100vw, 256px\" \/><\/a><\/td>\n<td><a href=\"http:\/\/agora.xtec.cat\/ceipcanmanent\/wp-content\/uploads\/usu153\/2015\/11\/DSC_0434.jpg\"><img loading=\"lazy\" decoding=\"async\" class=\"aligncenter  wp-image-1568\" src=\"http:\/\/agora.xtec.cat\/ceipcanmanent\/wp-content\/uploads\/usu153\/2015\/11\/DSC_0434-1024x576.jpg\" alt=\"DSC_0434\" width=\"248\" height=\"139\" srcset=\"https:\/\/agora.xtec.cat\/ceipcanmanent\/wp-content\/uploads\/usu153\/2015\/11\/DSC_0434-1024x576.jpg 1024w, https:\/\/agora.xtec.cat\/ceipcanmanent\/wp-content\/uploads\/usu153\/2015\/11\/DSC_0434-300x169.jpg 300w\" sizes=\"auto, (max-width: 248px) 100vw, 248px\" \/><\/a><\/td>\n<td><a href=\"http:\/\/agora.xtec.cat\/ceipcanmanent\/wp-content\/uploads\/usu153\/2015\/11\/DSC_0413.jpg\"><img loading=\"lazy\" decoding=\"async\" class=\"aligncenter  wp-image-1563\" src=\"http:\/\/agora.xtec.cat\/ceipcanmanent\/wp-content\/uploads\/usu153\/2015\/11\/DSC_0413-1024x576.jpg\" alt=\"DSC_0413\" width=\"241\" height=\"136\" srcset=\"https:\/\/agora.xtec.cat\/ceipcanmanent\/wp-content\/uploads\/usu153\/2015\/11\/DSC_0413-1024x576.jpg 1024w, https:\/\/agora.xtec.cat\/ceipcanmanent\/wp-content\/uploads\/usu153\/2015\/11\/DSC_0413-300x169.jpg 300w\" sizes=\"auto, (max-width: 241px) 100vw, 241px\" \/><\/a><\/td>\n<\/tr>\n<tr>\n<td><a href=\"http:\/\/agora.xtec.cat\/ceipcanmanent\/wp-content\/uploads\/usu153\/2015\/11\/DSC_0421.jpg\"><img loading=\"lazy\" decoding=\"async\" class=\"aligncenter size-large wp-image-1565\" src=\"http:\/\/agora.xtec.cat\/ceipcanmanent\/wp-content\/uploads\/usu153\/2015\/11\/DSC_0421-1024x576.jpg\" alt=\"DSC_0421\" width=\"1024\" height=\"576\" \/><\/a><\/td>\n<td><a href=\"http:\/\/agora.xtec.cat\/ceipcanmanent\/wp-content\/uploads\/usu153\/2015\/11\/DSC_0413.jpg\"><img loading=\"lazy\" decoding=\"async\" class=\"aligncenter size-large wp-image-1563\" src=\"http:\/\/agora.xtec.cat\/ceipcanmanent\/wp-content\/uploads\/usu153\/2015\/11\/DSC_0413-1024x576.jpg\" alt=\"DSC_0413\" width=\"1024\" height=\"576\" srcset=\"https:\/\/agora.xtec.cat\/ceipcanmanent\/wp-content\/uploads\/usu153\/2015\/11\/DSC_0413-1024x576.jpg 1024w, https:\/\/agora.xtec.cat\/ceipcanmanent\/wp-content\/uploads\/usu153\/2015\/11\/DSC_0413-300x169.jpg 300w\" sizes=\"auto, (max-width: 1024px) 100vw, 1024px\" \/><\/a><\/td>\n<td><a href=\"http:\/\/agora.xtec.cat\/ceipcanmanent\/wp-content\/uploads\/usu153\/2015\/11\/DSC_0436.jpg\"><img loading=\"lazy\" decoding=\"async\" class=\"aligncenter size-large wp-image-1569\" src=\"http:\/\/agora.xtec.cat\/ceipcanmanent\/wp-content\/uploads\/usu153\/2015\/11\/DSC_0436-1024x576.jpg\" alt=\"DSC_0436\" width=\"1024\" height=\"576\" srcset=\"https:\/\/agora.xtec.cat\/ceipcanmanent\/wp-content\/uploads\/usu153\/2015\/11\/DSC_0436-1024x576.jpg 1024w, https:\/\/agora.xtec.cat\/ceipcanmanent\/wp-content\/uploads\/usu153\/2015\/11\/DSC_0436-300x169.jpg 300w\" sizes=\"auto, (max-width: 1024px) 100vw, 1024px\" \/><\/a><\/td>\n<\/tr>\n<tr>\n<td><a href=\"http:\/\/agora.xtec.cat\/ceipcanmanent\/wp-content\/uploads\/usu153\/2015\/11\/DSC_0442.jpg\"><img loading=\"lazy\" decoding=\"async\" class=\"aligncenter size-large wp-image-1571\" src=\"http:\/\/agora.xtec.cat\/ceipcanmanent\/wp-content\/uploads\/usu153\/2015\/11\/DSC_0442-1024x576.jpg\" alt=\"DSC_0442\" width=\"1024\" height=\"576\" srcset=\"https:\/\/agora.xtec.cat\/ceipcanmanent\/wp-content\/uploads\/usu153\/2015\/11\/DSC_0442-1024x576.jpg 1024w, https:\/\/agora.xtec.cat\/ceipcanmanent\/wp-content\/uploads\/usu153\/2015\/11\/DSC_0442-300x169.jpg 300w\" sizes=\"auto, (max-width: 1024px) 100vw, 1024px\" \/><\/a><\/td>\n<td><a href=\"http:\/\/agora.xtec.cat\/ceipcanmanent\/wp-content\/uploads\/usu153\/2015\/11\/DSC_0422.jpg\"><img loading=\"lazy\" decoding=\"async\" class=\"aligncenter size-large wp-image-1566\" src=\"http:\/\/agora.xtec.cat\/ceipcanmanent\/wp-content\/uploads\/usu153\/2015\/11\/DSC_0422-1024x576.jpg\" alt=\"DSC_0422\" width=\"1024\" height=\"576\" srcset=\"https:\/\/agora.xtec.cat\/ceipcanmanent\/wp-content\/uploads\/usu153\/2015\/11\/DSC_0422-1024x576.jpg 1024w, https:\/\/agora.xtec.cat\/ceipcanmanent\/wp-content\/uploads\/usu153\/2015\/11\/DSC_0422-300x169.jpg 300w\" sizes=\"auto, (max-width: 1024px) 100vw, 1024px\" \/><\/a><\/td>\n<td><a href=\"http:\/\/agora.xtec.cat\/ceipcanmanent\/wp-content\/uploads\/usu153\/2015\/11\/DSC_0418.jpg\"><img loading=\"lazy\" decoding=\"async\" class=\"aligncenter size-large wp-image-1564\" src=\"http:\/\/agora.xtec.cat\/ceipcanmanent\/wp-content\/uploads\/usu153\/2015\/11\/DSC_0418-1024x576.jpg\" alt=\"DSC_0418\" width=\"1024\" height=\"576\" srcset=\"https:\/\/agora.xtec.cat\/ceipcanmanent\/wp-content\/uploads\/usu153\/2015\/11\/DSC_0418-1024x576.jpg 1024w, https:\/\/agora.xtec.cat\/ceipcanmanent\/wp-content\/uploads\/usu153\/2015\/11\/DSC_0418-300x169.jpg 300w\" sizes=\"auto, (max-width: 1024px) 100vw, 1024px\" \/><\/a><\/td>\n<\/tr>\n<tr>\n<td><\/td>\n<td><\/td>\n<td><\/td>\n<\/tr>\n<tr>\n<td><\/td>\n<td><\/td>\n<td><\/td>\n<\/tr>\n<\/tbody>\n<\/table>\n","protected":false},"excerpt":{"rendered":"<p>Aquest divendres 20 de novembre hem celebrat \u00a0Santa Cec\u00edlia a l&#8217;escola.\u00a0Pels m\u00fasics i professionals de la m\u00fasica, la diada de Santa Cec\u00edlia \u00e9s la data en qu\u00e8 tradicionalment se celebra la seva festa, la Festa de la M\u00fasica. Santa Cec\u00edlia, una de les m\u00e0rtirs m\u00e9s venerades pels cristians, va ser nomenada Patrona de la M\u00fasica [&hellip;]<\/p>\n","protected":false},"author":1,"featured_media":1570,"comment_status":"open","ping_status":"open","sticky":false,"template":"","format":"standard","meta":{"_bbp_topic_count":0,"_bbp_reply_count":0,"_bbp_total_topic_count":0,"_bbp_total_reply_count":0,"_bbp_voice_count":0,"_bbp_anonymous_reply_count":0,"_bbp_topic_count_hidden":0,"_bbp_reply_count_hidden":0,"_bbp_forum_subforum_count":0,"site-sidebar-layout":"default","site-content-layout":"","ast-site-content-layout":"","site-content-style":"default","site-sidebar-style":"default","ast-global-header-display":"","ast-banner-title-visibility":"","ast-main-header-display":"","ast-hfb-above-header-display":"","ast-hfb-below-header-display":"","ast-hfb-mobile-header-display":"","site-post-title":"","ast-breadcrumbs-content":"","ast-featured-img":"","footer-sml-layout":"","theme-transparent-header-meta":"","adv-header-id-meta":"","stick-header-meta":"","header-above-stick-meta":"","header-main-stick-meta":"","header-below-stick-meta":"","astra-migrate-meta-layouts":"default","ast-page-background-enabled":"default","ast-page-background-meta":{"desktop":{"background-color":"var(--ast-global-color-4)","background-image":"","background-repeat":"repeat","background-position":"center center","background-size":"auto","background-attachment":"scroll","background-type":"","background-media":"","overlay-type":"","overlay-color":"","overlay-opacity":"","overlay-gradient":""},"tablet":{"background-color":"","background-image":"","background-repeat":"repeat","background-position":"center center","background-size":"auto","background-attachment":"scroll","background-type":"","background-media":"","overlay-type":"","overlay-color":"","overlay-opacity":"","overlay-gradient":""},"mobile":{"background-color":"","background-image":"","background-repeat":"repeat","background-position":"center center","background-size":"auto","background-attachment":"scroll","background-type":"","background-media":"","overlay-type":"","overlay-color":"","overlay-opacity":"","overlay-gradient":""}},"ast-content-background-meta":{"desktop":{"background-color":"var(--ast-global-color-5)","background-image":"","background-repeat":"repeat","background-position":"center center","background-size":"auto","background-attachment":"scroll","background-type":"","background-media":"","overlay-type":"","overlay-color":"","overlay-opacity":"","overlay-gradient":""},"tablet":{"background-color":"var(--ast-global-color-5)","background-image":"","background-repeat":"repeat","background-position":"center center","background-size":"auto","background-attachment":"scroll","background-type":"","background-media":"","overlay-type":"","overlay-color":"","overlay-opacity":"","overlay-gradient":""},"mobile":{"background-color":"var(--ast-global-color-5)","background-image":"","background-repeat":"repeat","background-position":"center center","background-size":"auto","background-attachment":"scroll","background-type":"","background-media":"","overlay-type":"","overlay-color":"","overlay-opacity":"","overlay-gradient":""}},"footnotes":""},"categories":[1,4],"tags":[66,64,62,65],"class_list":["post-1561","post","type-post","status-publish","format-standard","has-post-thumbnail","hentry","category-general","category-portada","tag-festes-populars","tag-instruments","tag-musica","tag-santa-cecilia"],"post_mailing_queue_ids":[],"_links":{"self":[{"href":"https:\/\/agora.xtec.cat\/ceipcanmanent\/wp-json\/wp\/v2\/posts\/1561","targetHints":{"allow":["GET"]}}],"collection":[{"href":"https:\/\/agora.xtec.cat\/ceipcanmanent\/wp-json\/wp\/v2\/posts"}],"about":[{"href":"https:\/\/agora.xtec.cat\/ceipcanmanent\/wp-json\/wp\/v2\/types\/post"}],"author":[{"embeddable":true,"href":"https:\/\/agora.xtec.cat\/ceipcanmanent\/wp-json\/wp\/v2\/users\/1"}],"replies":[{"embeddable":true,"href":"https:\/\/agora.xtec.cat\/ceipcanmanent\/wp-json\/wp\/v2\/comments?post=1561"}],"version-history":[{"count":1,"href":"https:\/\/agora.xtec.cat\/ceipcanmanent\/wp-json\/wp\/v2\/posts\/1561\/revisions"}],"predecessor-version":[{"id":1572,"href":"https:\/\/agora.xtec.cat\/ceipcanmanent\/wp-json\/wp\/v2\/posts\/1561\/revisions\/1572"}],"wp:featuredmedia":[{"embeddable":true,"href":"https:\/\/agora.xtec.cat\/ceipcanmanent\/wp-json\/wp\/v2\/media\/1570"}],"wp:attachment":[{"href":"https:\/\/agora.xtec.cat\/ceipcanmanent\/wp-json\/wp\/v2\/media?parent=1561"}],"wp:term":[{"taxonomy":"category","embeddable":true,"href":"https:\/\/agora.xtec.cat\/ceipcanmanent\/wp-json\/wp\/v2\/categories?post=1561"},{"taxonomy":"post_tag","embeddable":true,"href":"https:\/\/agora.xtec.cat\/ceipcanmanent\/wp-json\/wp\/v2\/tags?post=1561"}],"curies":[{"name":"wp","href":"https:\/\/api.w.org\/{rel}","templated":true}]}}