{"id":1203,"date":"2015-08-30T10:08:23","date_gmt":"2015-08-30T09:08:23","guid":{"rendered":"http:\/\/agora.xtec.cat\/ceipcanmanent\/?p=1203"},"modified":"2015-10-01T10:52:01","modified_gmt":"2015-10-01T09:52:01","slug":"projecte-el-calaix-de-la-sorra","status":"publish","type":"post","link":"https:\/\/agora.xtec.cat\/ceipcanmanent\/activitats\/petits\/p3\/projecte-el-calaix-de-la-sorra\/","title":{"rendered":"Projecte EL CALAIX DE LA SORRA"},"content":{"rendered":"<p>Al calaix de la sorra, els infants de 3, 4, 5 i 6 anys s\u2019hi passen llargues estones, concentrats tocant la sorra amb les mans; manejant els estris que hi troben (cullerots, coladors, embuts&#8230;); omplint i buidant pots de diferents formes i mides; pesant; fent pastissos omplint motlles que guarneixen amb pedres, pinyes, petxines i cargolines, etc&#8230; De la sensorialitat, al joc exploratori i, des d\u2019aqu\u00ed, apareix el simb\u00f2lic. Tot amb una continu\u00eftat que meravella a qui ho fa i a qui ho observa.<\/p>\n<p>&nbsp;<\/p>\n<p>&nbsp;<\/p>\n<p><img loading=\"lazy\" decoding=\"async\" class=\" wp-image-1205  alignleft\" src=\"http:\/\/agora.xtec.cat\/ceipcanmanent\/wp-content\/uploads\/usu153\/2015\/08\/projecte-sorra12-e1440924878412-300x218.jpg\" alt=\"projecte sorra12\" width=\"520\" height=\"378\" srcset=\"https:\/\/agora.xtec.cat\/ceipcanmanent\/wp-content\/uploads\/usu153\/2015\/08\/projecte-sorra12-e1440924878412-300x218.jpg 300w, https:\/\/agora.xtec.cat\/ceipcanmanent\/wp-content\/uploads\/usu153\/2015\/08\/projecte-sorra12-e1440924878412-1024x743.jpg 1024w, https:\/\/agora.xtec.cat\/ceipcanmanent\/wp-content\/uploads\/usu153\/2015\/08\/projecte-sorra12-e1440924878412.jpg 1109w\" sizes=\"auto, (max-width: 520px) 100vw, 520px\" \/><img loading=\"lazy\" decoding=\"async\" class=\"  wp-image-1206 aligncenter\" src=\"http:\/\/agora.xtec.cat\/ceipcanmanent\/wp-content\/uploads\/usu153\/2015\/08\/projecte-sorra13-218x300.jpg\" alt=\"projecte sorra13\" width=\"274\" height=\"377\" srcset=\"https:\/\/agora.xtec.cat\/ceipcanmanent\/wp-content\/uploads\/usu153\/2015\/08\/projecte-sorra13-218x300.jpg 218w, https:\/\/agora.xtec.cat\/ceipcanmanent\/wp-content\/uploads\/usu153\/2015\/08\/projecte-sorra13.jpg 704w\" sizes=\"auto, (max-width: 274px) 100vw, 274px\" \/><\/p>\n<p>&nbsp;<\/p>\n<p>&nbsp;<\/p>\n<p>Per\u00f2&#8230; <strong>D\u2019ON VE LA SORRA D\u2019AQUEST AMBIENT?, D\u2019ON HA SORTIT?<\/strong><\/p>\n<p>Aquesta ha estat la pregunta que s\u2019ha formulat a alguns infants que han passat per l\u2019ambient. Les respostes han estat moltes i diverses, i el proc\u00e9s de recerca ens ha portat fins als deserts, els mars, els camins, les muntanyes, les pedreres&#8230; Paraules i imatges com sol, vent, pluja, m\u00e0quines, cucs, platja, pedres, onades, rius, excavadores, camions, roques, volcans, erosionar o evaporar\u00a0 han trenat les explicacions, els dibuixos o altres composicions dels infants.<\/p>\n<table style=\"height: 308px;\" width=\"904\">\n<tbody>\n<tr>\n<td><a href=\"http:\/\/agora.xtec.cat\/ceipcanmanent\/wp-content\/uploads\/usu153\/2015\/08\/projecte-sorra14.jpg\"><img loading=\"lazy\" decoding=\"async\" class=\"aligncenter wp-image-1208 size-medium\" src=\"http:\/\/agora.xtec.cat\/ceipcanmanent\/wp-content\/uploads\/usu153\/2015\/08\/projecte-sorra14-e1440925266718-300x218.jpg\" alt=\"projecte sorra14\" width=\"300\" height=\"218\" srcset=\"https:\/\/agora.xtec.cat\/ceipcanmanent\/wp-content\/uploads\/usu153\/2015\/08\/projecte-sorra14-e1440925266718-300x218.jpg 300w, https:\/\/agora.xtec.cat\/ceipcanmanent\/wp-content\/uploads\/usu153\/2015\/08\/projecte-sorra14-e1440925266718.jpg 848w\" sizes=\"auto, (max-width: 300px) 100vw, 300px\" \/><\/a><\/td>\n<td><a href=\"http:\/\/agora.xtec.cat\/ceipcanmanent\/wp-content\/uploads\/usu153\/2015\/08\/projecte-sorra15.jpg\"><img loading=\"lazy\" decoding=\"async\" class=\"wp-image-1209 size-medium aligncenter\" src=\"http:\/\/agora.xtec.cat\/ceipcanmanent\/wp-content\/uploads\/usu153\/2015\/08\/projecte-sorra15-e1440925320196-300x218.jpg\" alt=\"projecte sorra15\" width=\"300\" height=\"218\" srcset=\"https:\/\/agora.xtec.cat\/ceipcanmanent\/wp-content\/uploads\/usu153\/2015\/08\/projecte-sorra15-e1440925320196-300x218.jpg 300w, https:\/\/agora.xtec.cat\/ceipcanmanent\/wp-content\/uploads\/usu153\/2015\/08\/projecte-sorra15-e1440925320196.jpg 930w\" sizes=\"auto, (max-width: 300px) 100vw, 300px\" \/><\/a><\/td>\n<\/tr>\n<\/tbody>\n<\/table>\n<p>&nbsp;<\/p>\n<p>Finalment, la visita d\u2019un pare de l\u2019escola, expert en la mat\u00e8ria, ens aclareix els dubtes i ens explica algunes curiositats que ens deixen bocabadats.<\/p>\n<table>\n<tbody>\n<tr>\n<td width=\"756\">\u00a0<a href=\"http:\/\/agora.xtec.cat\/ceipcanmanent\/wp-content\/uploads\/usu153\/2015\/08\/projecte-sorra16.jpg\"><img loading=\"lazy\" decoding=\"async\" class=\"aligncenter  wp-image-1211\" src=\"http:\/\/agora.xtec.cat\/ceipcanmanent\/wp-content\/uploads\/usu153\/2015\/08\/projecte-sorra16-300x225.jpg\" alt=\"projecte sorra16\" width=\"424\" height=\"318\" srcset=\"https:\/\/agora.xtec.cat\/ceipcanmanent\/wp-content\/uploads\/usu153\/2015\/08\/projecte-sorra16-300x225.jpg 300w, https:\/\/agora.xtec.cat\/ceipcanmanent\/wp-content\/uploads\/usu153\/2015\/08\/projecte-sorra16-200x150.jpg 200w, https:\/\/agora.xtec.cat\/ceipcanmanent\/wp-content\/uploads\/usu153\/2015\/08\/projecte-sorra16.jpg 904w\" sizes=\"auto, (max-width: 424px) 100vw, 424px\" \/><\/a><\/td>\n<\/tr>\n<tr>\n<td style=\"text-align: center;\">\u00a0<a href=\"http:\/\/agora.xtec.cat\/ceipcanmanent\/wp-content\/uploads\/usu153\/2015\/08\/projecte-sorra17.jpg\"><img loading=\"lazy\" decoding=\"async\" class=\"aligncenter  wp-image-1212\" src=\"http:\/\/agora.xtec.cat\/ceipcanmanent\/wp-content\/uploads\/usu153\/2015\/08\/projecte-sorra17-300x211.jpg\" alt=\"projecte sorra17\" width=\"431\" height=\"303\" srcset=\"https:\/\/agora.xtec.cat\/ceipcanmanent\/wp-content\/uploads\/usu153\/2015\/08\/projecte-sorra17-300x211.jpg 300w, https:\/\/agora.xtec.cat\/ceipcanmanent\/wp-content\/uploads\/usu153\/2015\/08\/projecte-sorra17.jpg 953w\" sizes=\"auto, (max-width: 431px) 100vw, 431px\" \/><\/a><\/td>\n<td><\/td>\n<\/tr>\n<\/tbody>\n<\/table>\n<p><strong>\u00a0<\/strong>A partir de l\u2019exploraci\u00f3 sensorial que ens prop\u00edcia l\u2019ambient, una pregunta i l\u2019aprofundiment en la seva resoluci\u00f3, suposa aprofundir en el FER, PENSAR I COMUNICAR EN COMUNITAT. De la sensorialitat al pensament a partir del joc i a trav\u00e9s del llenguatge. Paraules, argumentacions, preguntes, respostes&#8230;, ens retornen a una sensorialitat m\u00e9s rica que segueix trenant el pensament en una continu\u00eftat&#8230;<\/p>\n<p>&nbsp;<\/p>\n<table>\n<tbody>\n<tr>\n<td><a href=\"http:\/\/agora.xtec.cat\/ceipcanmanent\/wp-content\/uploads\/usu153\/2015\/08\/projecte-sorra20.jpg\"><img loading=\"lazy\" decoding=\"async\" class=\"aligncenter  wp-image-1216\" src=\"http:\/\/agora.xtec.cat\/ceipcanmanent\/wp-content\/uploads\/usu153\/2015\/08\/projecte-sorra20-300x225.jpg\" alt=\"projecte sorra20\" width=\"412\" height=\"309\" srcset=\"https:\/\/agora.xtec.cat\/ceipcanmanent\/wp-content\/uploads\/usu153\/2015\/08\/projecte-sorra20-300x225.jpg 300w, https:\/\/agora.xtec.cat\/ceipcanmanent\/wp-content\/uploads\/usu153\/2015\/08\/projecte-sorra20-200x150.jpg 200w, https:\/\/agora.xtec.cat\/ceipcanmanent\/wp-content\/uploads\/usu153\/2015\/08\/projecte-sorra20.jpg 765w\" sizes=\"auto, (max-width: 412px) 100vw, 412px\" \/><\/a><\/td>\n<td><a href=\"http:\/\/agora.xtec.cat\/ceipcanmanent\/wp-content\/uploads\/usu153\/2015\/08\/projecte-sorra19.jpg\"><img loading=\"lazy\" decoding=\"async\" class=\"aligncenter  wp-image-1215\" src=\"http:\/\/agora.xtec.cat\/ceipcanmanent\/wp-content\/uploads\/usu153\/2015\/08\/projecte-sorra19-300x229.jpg\" alt=\"projecte sorra19\" width=\"405\" height=\"309\" srcset=\"https:\/\/agora.xtec.cat\/ceipcanmanent\/wp-content\/uploads\/usu153\/2015\/08\/projecte-sorra19-300x229.jpg 300w, https:\/\/agora.xtec.cat\/ceipcanmanent\/wp-content\/uploads\/usu153\/2015\/08\/projecte-sorra19.jpg 759w\" sizes=\"auto, (max-width: 405px) 100vw, 405px\" \/><\/a><\/td>\n<td><a href=\"http:\/\/agora.xtec.cat\/ceipcanmanent\/wp-content\/uploads\/usu153\/2015\/08\/projecte-sorra18.jpg\"><img loading=\"lazy\" decoding=\"async\" class=\"aligncenter  wp-image-1214\" src=\"http:\/\/agora.xtec.cat\/ceipcanmanent\/wp-content\/uploads\/usu153\/2015\/08\/projecte-sorra18-300x225.jpg\" alt=\"projecte sorra18\" width=\"419\" height=\"314\" srcset=\"https:\/\/agora.xtec.cat\/ceipcanmanent\/wp-content\/uploads\/usu153\/2015\/08\/projecte-sorra18-300x225.jpg 300w, https:\/\/agora.xtec.cat\/ceipcanmanent\/wp-content\/uploads\/usu153\/2015\/08\/projecte-sorra18-200x150.jpg 200w, https:\/\/agora.xtec.cat\/ceipcanmanent\/wp-content\/uploads\/usu153\/2015\/08\/projecte-sorra18.jpg 765w\" sizes=\"auto, (max-width: 419px) 100vw, 419px\" \/><\/a><\/td>\n<\/tr>\n<\/tbody>\n<\/table>\n<p>AMBIENT DE LA SORRA. FEBRER-ABRIL 2015<\/p>\n<p>&nbsp;<\/p>\n","protected":false},"excerpt":{"rendered":"<p>Al calaix de la sorra, els infants de 3, 4, 5 i 6 anys s\u2019hi passen llargues estones, concentrats tocant la sorra amb les mans; manejant els estris que hi troben (cullerots, coladors, embuts&#8230;); omplint i buidant pots de diferents formes i mides; pesant; fent pastissos omplint motlles que guarneixen amb pedres, pinyes, petxines i cargolines, etc&#8230; De la sensorialitat, al joc exploratori i, des d\u2019aqu\u00ed, apareix el simb\u00f2lic. Tot amb una continu\u00eftat que meravella a qui ho fa i a qui ho observa.<\/p>\n","protected":false},"author":1,"featured_media":1204,"comment_status":"open","ping_status":"open","sticky":false,"template":"","format":"standard","meta":{"_bbp_topic_count":0,"_bbp_reply_count":0,"_bbp_total_topic_count":0,"_bbp_total_reply_count":0,"_bbp_voice_count":0,"_bbp_anonymous_reply_count":0,"_bbp_topic_count_hidden":0,"_bbp_reply_count_hidden":0,"_bbp_forum_subforum_count":0,"site-sidebar-layout":"default","site-content-layout":"","ast-site-content-layout":"","site-content-style":"default","site-sidebar-style":"default","ast-global-header-display":"","ast-banner-title-visibility":"","ast-main-header-display":"","ast-hfb-above-header-display":"","ast-hfb-below-header-display":"","ast-hfb-mobile-header-display":"","site-post-title":"","ast-breadcrumbs-content":"","ast-featured-img":"","footer-sml-layout":"","theme-transparent-header-meta":"","adv-header-id-meta":"","stick-header-meta":"","header-above-stick-meta":"","header-main-stick-meta":"","header-below-stick-meta":"","astra-migrate-meta-layouts":"default","ast-page-background-enabled":"default","ast-page-background-meta":{"desktop":{"background-color":"var(--ast-global-color-4)","background-image":"","background-repeat":"repeat","background-position":"center center","background-size":"auto","background-attachment":"scroll","background-type":"","background-media":"","overlay-type":"","overlay-color":"","overlay-opacity":"","overlay-gradient":""},"tablet":{"background-color":"","background-image":"","background-repeat":"repeat","background-position":"center center","background-size":"auto","background-attachment":"scroll","background-type":"","background-media":"","overlay-type":"","overlay-color":"","overlay-opacity":"","overlay-gradient":""},"mobile":{"background-color":"","background-image":"","background-repeat":"repeat","background-position":"center center","background-size":"auto","background-attachment":"scroll","background-type":"","background-media":"","overlay-type":"","overlay-color":"","overlay-opacity":"","overlay-gradient":""}},"ast-content-background-meta":{"desktop":{"background-color":"var(--ast-global-color-5)","background-image":"","background-repeat":"repeat","background-position":"center center","background-size":"auto","background-attachment":"scroll","background-type":"","background-media":"","overlay-type":"","overlay-color":"","overlay-opacity":"","overlay-gradient":""},"tablet":{"background-color":"var(--ast-global-color-5)","background-image":"","background-repeat":"repeat","background-position":"center center","background-size":"auto","background-attachment":"scroll","background-type":"","background-media":"","overlay-type":"","overlay-color":"","overlay-opacity":"","overlay-gradient":""},"mobile":{"background-color":"var(--ast-global-color-5)","background-image":"","background-repeat":"repeat","background-position":"center center","background-size":"auto","background-attachment":"scroll","background-type":"","background-media":"","overlay-type":"","overlay-color":"","overlay-opacity":"","overlay-gradient":""}},"footnotes":""},"categories":[54,3,8,9,4],"tags":[43],"class_list":["post-1203","post","type-post","status-publish","format-standard","has-post-thumbnail","hentry","category-petits","category-p3","category-p4","category-p5","category-portada","tag-manipulacio-ambients"],"post_mailing_queue_ids":[],"_links":{"self":[{"href":"https:\/\/agora.xtec.cat\/ceipcanmanent\/wp-json\/wp\/v2\/posts\/1203","targetHints":{"allow":["GET"]}}],"collection":[{"href":"https:\/\/agora.xtec.cat\/ceipcanmanent\/wp-json\/wp\/v2\/posts"}],"about":[{"href":"https:\/\/agora.xtec.cat\/ceipcanmanent\/wp-json\/wp\/v2\/types\/post"}],"author":[{"embeddable":true,"href":"https:\/\/agora.xtec.cat\/ceipcanmanent\/wp-json\/wp\/v2\/users\/1"}],"replies":[{"embeddable":true,"href":"https:\/\/agora.xtec.cat\/ceipcanmanent\/wp-json\/wp\/v2\/comments?post=1203"}],"version-history":[{"count":3,"href":"https:\/\/agora.xtec.cat\/ceipcanmanent\/wp-json\/wp\/v2\/posts\/1203\/revisions"}],"predecessor-version":[{"id":1218,"href":"https:\/\/agora.xtec.cat\/ceipcanmanent\/wp-json\/wp\/v2\/posts\/1203\/revisions\/1218"}],"wp:featuredmedia":[{"embeddable":true,"href":"https:\/\/agora.xtec.cat\/ceipcanmanent\/wp-json\/wp\/v2\/media\/1204"}],"wp:attachment":[{"href":"https:\/\/agora.xtec.cat\/ceipcanmanent\/wp-json\/wp\/v2\/media?parent=1203"}],"wp:term":[{"taxonomy":"category","embeddable":true,"href":"https:\/\/agora.xtec.cat\/ceipcanmanent\/wp-json\/wp\/v2\/categories?post=1203"},{"taxonomy":"post_tag","embeddable":true,"href":"https:\/\/agora.xtec.cat\/ceipcanmanent\/wp-json\/wp\/v2\/tags?post=1203"}],"curies":[{"name":"wp","href":"https:\/\/api.w.org\/{rel}","templated":true}]}}