{"id":9902,"date":"2024-11-30T19:20:17","date_gmt":"2024-11-30T18:20:17","guid":{"rendered":"https:\/\/agora.xtec.cat\/ceipcampselisis\/?p=9902"},"modified":"2024-11-30T19:20:17","modified_gmt":"2024-11-30T18:20:17","slug":"lectura-en-familia-2n","status":"publish","type":"post","link":"https:\/\/agora.xtec.cat\/ceipcampselisis\/portada\/lectura-en-familia-2n\/","title":{"rendered":"Lectura en fam\u00edlia &#8211; 2n"},"content":{"rendered":"<p>Aquest divendres hem tingut la sort de rebre la visita de la Maica, la mare del Dani. Ens ha explicat un conte molt especial i divertit que recordava de la seva infantesa: <em>Mariquilla la pel\u00e1<\/em>, la hist\u00f2ria d\u2019una nena que no sabia llegir. Hem gaudit molt escoltant-lo i ens ha fet passar una estona fant\u00e0stica. Gr\u00e0cies, Maica, per la teva visita i per compartir amb nosaltres aquest moment tan bonic!<\/p>\n<p>Aquesta activitat forma part del projecte que t\u00e9 com a objectius fomentar l\u2019h\u00e0bit lector, refor\u00e7ar els vincles entre fam\u00edlies i escola, promoure la diversitat cultural i ling\u00fc\u00edstica, i treballar valors educatius a trav\u00e9s dels contes. Junts, fem que la lectura sigui encara m\u00e9s m\u00e0gica! Esperem que altres fam\u00edlies ens acompanyin i s&#8217;afegeixin en aquests moments m\u00e0gics de lectura !!<\/p>\n<p><a href=\"https:\/\/drive.google.com\/drive\/folders\/1_wKHuaVEpNlgZB7cEHZc9iDwD8e-cSwq?usp=sharing\"><img loading=\"lazy\" decoding=\"async\" class=\"alignnone wp-image-9903 size-large\" src=\"https:\/\/agora.xtec.cat\/ceipcampselisis\/wp-content\/uploads\/usu884\/2024\/11\/IMG_7039-1024x768.jpg\" alt=\"\" width=\"1024\" height=\"768\" srcset=\"https:\/\/agora.xtec.cat\/ceipcampselisis\/wp-content\/uploads\/usu884\/2024\/11\/IMG_7039-1024x768.jpg 1024w, https:\/\/agora.xtec.cat\/ceipcampselisis\/wp-content\/uploads\/usu884\/2024\/11\/IMG_7039-300x225.jpg 300w, https:\/\/agora.xtec.cat\/ceipcampselisis\/wp-content\/uploads\/usu884\/2024\/11\/IMG_7039-768x576.jpg 768w, https:\/\/agora.xtec.cat\/ceipcampselisis\/wp-content\/uploads\/usu884\/2024\/11\/IMG_7039-1536x1152.jpg 1536w, https:\/\/agora.xtec.cat\/ceipcampselisis\/wp-content\/uploads\/usu884\/2024\/11\/IMG_7039-2048x1536.jpg 2048w, https:\/\/agora.xtec.cat\/ceipcampselisis\/wp-content\/uploads\/usu884\/2024\/11\/IMG_7039-200x150.jpg 200w\" sizes=\"auto, (max-width: 1024px) 100vw, 1024px\" \/><\/a><\/p>\n","protected":false},"excerpt":{"rendered":"<p>Aquest divendres hem tingut la sort de rebre la visita de la Maica, la mare del Dani. Ens ha explicat un conte molt especial i divertit que recordava de la seva infantesa: Mariquilla la pel\u00e1, la hist\u00f2ria d\u2019una nena que no sabia llegir. Hem gaudit molt escoltant-lo i ens ha fet passar una estona fant\u00e0stica. [&hellip;]<\/p>\n","protected":false},"author":3,"featured_media":9903,"comment_status":"open","ping_status":"closed","sticky":false,"template":"","format":"standard","meta":{"_bbp_topic_count":0,"_bbp_reply_count":0,"_bbp_total_topic_count":0,"_bbp_total_reply_count":0,"_bbp_voice_count":0,"_bbp_anonymous_reply_count":0,"_bbp_topic_count_hidden":0,"_bbp_reply_count_hidden":0,"_bbp_forum_subforum_count":0,"site-sidebar-layout":"default","site-content-layout":"","ast-site-content-layout":"","site-content-style":"default","site-sidebar-style":"default","ast-global-header-display":"","ast-banner-title-visibility":"","ast-main-header-display":"","ast-hfb-above-header-display":"","ast-hfb-below-header-display":"","ast-hfb-mobile-header-display":"","site-post-title":"","ast-breadcrumbs-content":"","ast-featured-img":"","footer-sml-layout":"","theme-transparent-header-meta":"","adv-header-id-meta":"","stick-header-meta":"","header-above-stick-meta":"","header-main-stick-meta":"","header-below-stick-meta":"","astra-migrate-meta-layouts":"default","ast-page-background-enabled":"default","ast-page-background-meta":{"desktop":{"background-color":"var(--ast-global-color-4)","background-image":"","background-repeat":"repeat","background-position":"center center","background-size":"auto","background-attachment":"scroll","background-type":"","background-media":"","overlay-type":"","overlay-color":"","overlay-opacity":"","overlay-gradient":""},"tablet":{"background-color":"","background-image":"","background-repeat":"repeat","background-position":"center center","background-size":"auto","background-attachment":"scroll","background-type":"","background-media":"","overlay-type":"","overlay-color":"","overlay-opacity":"","overlay-gradient":""},"mobile":{"background-color":"","background-image":"","background-repeat":"repeat","background-position":"center center","background-size":"auto","background-attachment":"scroll","background-type":"","background-media":"","overlay-type":"","overlay-color":"","overlay-opacity":"","overlay-gradient":""}},"ast-content-background-meta":{"desktop":{"background-color":"var(--ast-global-color-5)","background-image":"","background-repeat":"repeat","background-position":"center center","background-size":"auto","background-attachment":"scroll","background-type":"","background-media":"","overlay-type":"","overlay-color":"","overlay-opacity":"","overlay-gradient":""},"tablet":{"background-color":"var(--ast-global-color-5)","background-image":"","background-repeat":"repeat","background-position":"center center","background-size":"auto","background-attachment":"scroll","background-type":"","background-media":"","overlay-type":"","overlay-color":"","overlay-opacity":"","overlay-gradient":""},"mobile":{"background-color":"var(--ast-global-color-5)","background-image":"","background-repeat":"repeat","background-position":"center center","background-size":"auto","background-attachment":"scroll","background-type":"","background-media":"","overlay-type":"","overlay-color":"","overlay-opacity":"","overlay-gradient":""}},"footnotes":""},"categories":[214,11,67,66,85,4,103],"tags":[144,159],"class_list":["post-9902","post","type-post","status-publish","format-standard","has-post-thumbnail","hentry","category-3ra-primaria","category-3rb-primaria","category-ambit-linguistic-llengua-castellana","category-ambit-linguistic-llengua-catalana","category-bones-practiques-educacio-primaria","category-portada","category-projecte-comu-lectura","tag-bones-practiques-catala","tag-bones-practiques-pri"],"post_mailing_queue_ids":[],"_links":{"self":[{"href":"https:\/\/agora.xtec.cat\/ceipcampselisis\/wp-json\/wp\/v2\/posts\/9902","targetHints":{"allow":["GET"]}}],"collection":[{"href":"https:\/\/agora.xtec.cat\/ceipcampselisis\/wp-json\/wp\/v2\/posts"}],"about":[{"href":"https:\/\/agora.xtec.cat\/ceipcampselisis\/wp-json\/wp\/v2\/types\/post"}],"author":[{"embeddable":true,"href":"https:\/\/agora.xtec.cat\/ceipcampselisis\/wp-json\/wp\/v2\/users\/3"}],"replies":[{"embeddable":true,"href":"https:\/\/agora.xtec.cat\/ceipcampselisis\/wp-json\/wp\/v2\/comments?post=9902"}],"version-history":[{"count":1,"href":"https:\/\/agora.xtec.cat\/ceipcampselisis\/wp-json\/wp\/v2\/posts\/9902\/revisions"}],"predecessor-version":[{"id":9904,"href":"https:\/\/agora.xtec.cat\/ceipcampselisis\/wp-json\/wp\/v2\/posts\/9902\/revisions\/9904"}],"wp:featuredmedia":[{"embeddable":true,"href":"https:\/\/agora.xtec.cat\/ceipcampselisis\/wp-json\/wp\/v2\/media\/9903"}],"wp:attachment":[{"href":"https:\/\/agora.xtec.cat\/ceipcampselisis\/wp-json\/wp\/v2\/media?parent=9902"}],"wp:term":[{"taxonomy":"category","embeddable":true,"href":"https:\/\/agora.xtec.cat\/ceipcampselisis\/wp-json\/wp\/v2\/categories?post=9902"},{"taxonomy":"post_tag","embeddable":true,"href":"https:\/\/agora.xtec.cat\/ceipcampselisis\/wp-json\/wp\/v2\/tags?post=9902"}],"curies":[{"name":"wp","href":"https:\/\/api.w.org\/{rel}","templated":true}]}}