{"id":8109,"date":"2023-02-28T10:50:48","date_gmt":"2023-02-28T09:50:48","guid":{"rendered":"https:\/\/agora.xtec.cat\/ceipcampselisis\/?p=8109"},"modified":"2023-02-28T11:38:18","modified_gmt":"2023-02-28T10:38:18","slug":"jornada-de-portes-obertes-2023","status":"publish","type":"post","link":"https:\/\/agora.xtec.cat\/ceipcampselisis\/portada\/jornada-de-portes-obertes-2023\/","title":{"rendered":"Juguem amb l&#8217;arquitectura &#8211; Portes Obertes 2023"},"content":{"rendered":"<p>El passat 25 de febrer l\u2019escola Camps Elisis vam organitzar, en el marc de la Jornada de Portes Obertes, una mostra d&#8217;activitats relacionades amb l&#8217;arquitectura adre\u00e7ades per a infants de dos a dotze anys sota el t\u00edtol &#8220;<em>Juguem a l&#8217;Arquitectura<\/em>&#8220;.<\/p>\n<p>Aquesta mostra es va distribuir en dos espais: un primer dins l&#8217;escola on els nens i nenes van poder experimentar en els diferents <em>Caus d&#8217;Aprenentatge<\/em> (avui s\u00f3c, llums i ombres, m\u00f3n sensorial, art natural, mou-te, &#8230; ), i un d&#8217;exterior amb el joc de pistes <em>&#8220;Scapa&#8217;t pels Camps Elisis&#8221;<\/em> elaborat conjuntament amb el COAC (Col\u00b7legi d&#8217;Arquitectes de Lleida). L&#8217;objectiu principal d&#8217;aquest projecte \u00e9s con\u00e8ixer millor el Parc dels Camps Elisis com a entorn m\u00e9s proper de l&#8217;escola, des del punt de vista de l&#8217;arquitectura.<\/p>\n<p>Volem agrair a totes les parts implicades la vostra participaci\u00f3 aconseguint que, un anys m\u00e9s, la jornada fos tot un \u00e8xit.<\/p>\n<p><a href=\"https:\/\/drive.google.com\/drive\/folders\/1YRIS6auXhgjN_P0zYcjFH1buhygfoPLD?usp=share_link\"><img loading=\"lazy\" decoding=\"async\" class=\"alignnone wp-image-8110 size-large\" src=\"https:\/\/agora.xtec.cat\/ceipcampselisis\/wp-content\/uploads\/usu884\/2023\/02\/123-1024x768.jpg\" alt=\"\" width=\"1024\" height=\"768\" srcset=\"https:\/\/agora.xtec.cat\/ceipcampselisis\/wp-content\/uploads\/usu884\/2023\/02\/123-1024x768.jpg 1024w, https:\/\/agora.xtec.cat\/ceipcampselisis\/wp-content\/uploads\/usu884\/2023\/02\/123-300x225.jpg 300w, https:\/\/agora.xtec.cat\/ceipcampselisis\/wp-content\/uploads\/usu884\/2023\/02\/123-768x576.jpg 768w, https:\/\/agora.xtec.cat\/ceipcampselisis\/wp-content\/uploads\/usu884\/2023\/02\/123-1536x1152.jpg 1536w, https:\/\/agora.xtec.cat\/ceipcampselisis\/wp-content\/uploads\/usu884\/2023\/02\/123-2048x1536.jpg 2048w, https:\/\/agora.xtec.cat\/ceipcampselisis\/wp-content\/uploads\/usu884\/2023\/02\/123-200x150.jpg 200w\" sizes=\"auto, (max-width: 1024px) 100vw, 1024px\" \/><\/a><\/p>\n","protected":false},"excerpt":{"rendered":"<p>El passat 25 de febrer l\u2019escola Camps Elisis vam organitzar, en el marc de la Jornada de Portes Obertes, una mostra d&#8217;activitats relacionades amb l&#8217;arquitectura adre\u00e7ades per a infants de dos a dotze anys sota el t\u00edtol &#8220;Juguem a l&#8217;Arquitectura&#8220;. Aquesta mostra es va distribuir en dos espais: un primer dins l&#8217;escola on els nens [&hellip;]<\/p>\n","protected":false},"author":3,"featured_media":8110,"comment_status":"open","ping_status":"closed","sticky":false,"template":"","format":"standard","meta":{"_bbp_topic_count":0,"_bbp_reply_count":0,"_bbp_total_topic_count":0,"_bbp_total_reply_count":0,"_bbp_voice_count":0,"_bbp_anonymous_reply_count":0,"_bbp_topic_count_hidden":0,"_bbp_reply_count_hidden":0,"_bbp_forum_subforum_count":0,"site-sidebar-layout":"default","site-content-layout":"","ast-site-content-layout":"","site-content-style":"default","site-sidebar-style":"default","ast-global-header-display":"","ast-banner-title-visibility":"","ast-main-header-display":"","ast-hfb-above-header-display":"","ast-hfb-below-header-display":"","ast-hfb-mobile-header-display":"","site-post-title":"","ast-breadcrumbs-content":"","ast-featured-img":"","footer-sml-layout":"","theme-transparent-header-meta":"","adv-header-id-meta":"","stick-header-meta":"","header-above-stick-meta":"","header-main-stick-meta":"","header-below-stick-meta":"","astra-migrate-meta-layouts":"default","ast-page-background-enabled":"default","ast-page-background-meta":{"desktop":{"background-color":"var(--ast-global-color-4)","background-image":"","background-repeat":"repeat","background-position":"center center","background-size":"auto","background-attachment":"scroll","background-type":"","background-media":"","overlay-type":"","overlay-color":"","overlay-opacity":"","overlay-gradient":""},"tablet":{"background-color":"","background-image":"","background-repeat":"repeat","background-position":"center center","background-size":"auto","background-attachment":"scroll","background-type":"","background-media":"","overlay-type":"","overlay-color":"","overlay-opacity":"","overlay-gradient":""},"mobile":{"background-color":"","background-image":"","background-repeat":"repeat","background-position":"center center","background-size":"auto","background-attachment":"scroll","background-type":"","background-media":"","overlay-type":"","overlay-color":"","overlay-opacity":"","overlay-gradient":""}},"ast-content-background-meta":{"desktop":{"background-color":"var(--ast-global-color-5)","background-image":"","background-repeat":"repeat","background-position":"center center","background-size":"auto","background-attachment":"scroll","background-type":"","background-media":"","overlay-type":"","overlay-color":"","overlay-opacity":"","overlay-gradient":""},"tablet":{"background-color":"var(--ast-global-color-5)","background-image":"","background-repeat":"repeat","background-position":"center center","background-size":"auto","background-attachment":"scroll","background-type":"","background-media":"","overlay-type":"","overlay-color":"","overlay-opacity":"","overlay-gradient":""},"mobile":{"background-color":"var(--ast-global-color-5)","background-image":"","background-repeat":"repeat","background-position":"center center","background-size":"auto","background-attachment":"scroll","background-type":"","background-media":"","overlay-type":"","overlay-color":"","overlay-opacity":"","overlay-gradient":""}},"footnotes":""},"categories":[167,46,4],"tags":[168,81],"class_list":["post-8109","post","type-post","status-publish","format-standard","has-post-thumbnail","hentry","category-arquiescola","category-celebracions","category-portada","tag-arquiescola","tag-celebracions"],"post_mailing_queue_ids":[],"_links":{"self":[{"href":"https:\/\/agora.xtec.cat\/ceipcampselisis\/wp-json\/wp\/v2\/posts\/8109","targetHints":{"allow":["GET"]}}],"collection":[{"href":"https:\/\/agora.xtec.cat\/ceipcampselisis\/wp-json\/wp\/v2\/posts"}],"about":[{"href":"https:\/\/agora.xtec.cat\/ceipcampselisis\/wp-json\/wp\/v2\/types\/post"}],"author":[{"embeddable":true,"href":"https:\/\/agora.xtec.cat\/ceipcampselisis\/wp-json\/wp\/v2\/users\/3"}],"replies":[{"embeddable":true,"href":"https:\/\/agora.xtec.cat\/ceipcampselisis\/wp-json\/wp\/v2\/comments?post=8109"}],"version-history":[{"count":3,"href":"https:\/\/agora.xtec.cat\/ceipcampselisis\/wp-json\/wp\/v2\/posts\/8109\/revisions"}],"predecessor-version":[{"id":8114,"href":"https:\/\/agora.xtec.cat\/ceipcampselisis\/wp-json\/wp\/v2\/posts\/8109\/revisions\/8114"}],"wp:featuredmedia":[{"embeddable":true,"href":"https:\/\/agora.xtec.cat\/ceipcampselisis\/wp-json\/wp\/v2\/media\/8110"}],"wp:attachment":[{"href":"https:\/\/agora.xtec.cat\/ceipcampselisis\/wp-json\/wp\/v2\/media?parent=8109"}],"wp:term":[{"taxonomy":"category","embeddable":true,"href":"https:\/\/agora.xtec.cat\/ceipcampselisis\/wp-json\/wp\/v2\/categories?post=8109"},{"taxonomy":"post_tag","embeddable":true,"href":"https:\/\/agora.xtec.cat\/ceipcampselisis\/wp-json\/wp\/v2\/tags?post=8109"}],"curies":[{"name":"wp","href":"https:\/\/api.w.org\/{rel}","templated":true}]}}