{"id":7551,"date":"2022-05-23T11:06:26","date_gmt":"2022-05-23T09:06:26","guid":{"rendered":"https:\/\/agora.xtec.cat\/ceipcampselisis\/?p=7551"},"modified":"2022-05-23T11:06:26","modified_gmt":"2022-05-23T09:06:26","slug":"descobrim-el-poder-de-la-llum-8e-congres-anna-gene-5e-6e","status":"publish","type":"post","link":"https:\/\/agora.xtec.cat\/ceipcampselisis\/portada\/descobrim-el-poder-de-la-llum-8e-congres-anna-gene-5e-6e\/","title":{"rendered":"Descobrim el poder de la llum &#8211; 8\u00e8 Congr\u00e9s Anna Gen\u00e9 (5\u00e8\/6\u00e8)"},"content":{"rendered":"<p><span style=\"font-size: large;\">El 25 de maig tots els alumnes de cinqu\u00e8 i sis\u00e8 vam participar al 8\u00e8 congr\u00e9s Anna Gen\u00e9. En aquest congr\u00e9s vam presentar el nostre projecte anomenat: \u201cDescobrim el poder de la llum\u201d. <\/span><\/p>\n<p><span style=\"font-size: large;\">A m\u00e9s de la nostra escola, vam poder observar i aprendre d\u2019altres escoles com: Escola Pinyana, Parc del Saladar, entre d\u2019altres.\u00a0<\/span><span style=\"font-size: large;\">Hem viscut una experi\u00e8ncia genial i hem apr\u00e8s molt\u00edssim.\u00a0<\/span><span style=\"font-size: large;\">A continuaci\u00f3 us deixem amb diferents imatges i amb el v\u00eddeo de la nostra exposici\u00f3.<\/span><\/p>\n<p><a href=\"https:\/\/photos.app.goo.gl\/MxhQRVDs2x4k7H428\"><img loading=\"lazy\" decoding=\"async\" class=\"alignnone wp-image-7552 size-large\" src=\"https:\/\/agora.xtec.cat\/ceipcampselisis\/wp-content\/uploads\/usu884\/2022\/05\/congres-anna-gene-1024x472.jpg\" alt=\"\" width=\"1024\" height=\"472\" srcset=\"https:\/\/agora.xtec.cat\/ceipcampselisis\/wp-content\/uploads\/usu884\/2022\/05\/congres-anna-gene-1024x472.jpg 1024w, https:\/\/agora.xtec.cat\/ceipcampselisis\/wp-content\/uploads\/usu884\/2022\/05\/congres-anna-gene-300x138.jpg 300w, https:\/\/agora.xtec.cat\/ceipcampselisis\/wp-content\/uploads\/usu884\/2022\/05\/congres-anna-gene-768x354.jpg 768w, https:\/\/agora.xtec.cat\/ceipcampselisis\/wp-content\/uploads\/usu884\/2022\/05\/congres-anna-gene-1536x708.jpg 1536w, https:\/\/agora.xtec.cat\/ceipcampselisis\/wp-content\/uploads\/usu884\/2022\/05\/congres-anna-gene.jpg 1600w\" sizes=\"auto, (max-width: 1024px) 100vw, 1024px\" \/><\/a><\/p>\n<div class=\"ast-oembed-container \" style=\"height: 100%;\"><iframe loading=\"lazy\" title=\"8\u00e8 Congr\u00e9s Anna Gen\u00e9\" width=\"500\" height=\"281\" src=\"https:\/\/www.youtube.com\/embed\/cQXPDirDllI?feature=oembed\" frameborder=\"0\" allow=\"accelerometer; autoplay; clipboard-write; encrypted-media; gyroscope; picture-in-picture; web-share\" referrerpolicy=\"strict-origin-when-cross-origin\" allowfullscreen><\/iframe><\/div>\n","protected":false},"excerpt":{"rendered":"<p>El 25 de maig tots els alumnes de cinqu\u00e8 i sis\u00e8 vam participar al 8\u00e8 congr\u00e9s Anna Gen\u00e9. En aquest congr\u00e9s vam presentar el nostre projecte anomenat: \u201cDescobrim el poder de la llum\u201d. A m\u00e9s de la nostra escola, vam poder observar i aprendre d\u2019altres escoles com: Escola Pinyana, Parc del Saladar, entre d\u2019altres.\u00a0Hem viscut [&hellip;]<\/p>\n","protected":false},"author":3,"featured_media":7552,"comment_status":"open","ping_status":"closed","sticky":false,"template":"","format":"standard","meta":{"_bbp_topic_count":0,"_bbp_reply_count":0,"_bbp_total_topic_count":0,"_bbp_total_reply_count":0,"_bbp_voice_count":0,"_bbp_anonymous_reply_count":0,"_bbp_topic_count_hidden":0,"_bbp_reply_count_hidden":0,"_bbp_forum_subforum_count":0,"site-sidebar-layout":"default","site-content-layout":"","ast-site-content-layout":"","site-content-style":"default","site-sidebar-style":"default","ast-global-header-display":"","ast-banner-title-visibility":"","ast-main-header-display":"","ast-hfb-above-header-display":"","ast-hfb-below-header-display":"","ast-hfb-mobile-header-display":"","site-post-title":"","ast-breadcrumbs-content":"","ast-featured-img":"","footer-sml-layout":"","theme-transparent-header-meta":"","adv-header-id-meta":"","stick-header-meta":"","header-above-stick-meta":"","header-main-stick-meta":"","header-below-stick-meta":"","astra-migrate-meta-layouts":"default","ast-page-background-enabled":"default","ast-page-background-meta":{"desktop":{"background-color":"var(--ast-global-color-4)","background-image":"","background-repeat":"repeat","background-position":"center center","background-size":"auto","background-attachment":"scroll","background-type":"","background-media":"","overlay-type":"","overlay-color":"","overlay-opacity":"","overlay-gradient":""},"tablet":{"background-color":"","background-image":"","background-repeat":"repeat","background-position":"center center","background-size":"auto","background-attachment":"scroll","background-type":"","background-media":"","overlay-type":"","overlay-color":"","overlay-opacity":"","overlay-gradient":""},"mobile":{"background-color":"","background-image":"","background-repeat":"repeat","background-position":"center center","background-size":"auto","background-attachment":"scroll","background-type":"","background-media":"","overlay-type":"","overlay-color":"","overlay-opacity":"","overlay-gradient":""}},"ast-content-background-meta":{"desktop":{"background-color":"var(--ast-global-color-5)","background-image":"","background-repeat":"repeat","background-position":"center center","background-size":"auto","background-attachment":"scroll","background-type":"","background-media":"","overlay-type":"","overlay-color":"","overlay-opacity":"","overlay-gradient":""},"tablet":{"background-color":"var(--ast-global-color-5)","background-image":"","background-repeat":"repeat","background-position":"center center","background-size":"auto","background-attachment":"scroll","background-type":"","background-media":"","overlay-type":"","overlay-color":"","overlay-opacity":"","overlay-gradient":""},"mobile":{"background-color":"var(--ast-global-color-5)","background-image":"","background-repeat":"repeat","background-position":"center center","background-size":"auto","background-attachment":"scroll","background-type":"","background-media":"","overlay-type":"","overlay-color":"","overlay-opacity":"","overlay-gradient":""}},"footnotes":""},"categories":[14,70,85,4],"tags":[195],"class_list":["post-7551","post","type-post","status-publish","format-standard","has-post-thumbnail","hentry","category-6e-primaria","category-ambit-coneixement-del-medi","category-bones-practiques-educacio-primaria","category-portada","tag-congres-anna-gene"],"post_mailing_queue_ids":[],"_links":{"self":[{"href":"https:\/\/agora.xtec.cat\/ceipcampselisis\/wp-json\/wp\/v2\/posts\/7551","targetHints":{"allow":["GET"]}}],"collection":[{"href":"https:\/\/agora.xtec.cat\/ceipcampselisis\/wp-json\/wp\/v2\/posts"}],"about":[{"href":"https:\/\/agora.xtec.cat\/ceipcampselisis\/wp-json\/wp\/v2\/types\/post"}],"author":[{"embeddable":true,"href":"https:\/\/agora.xtec.cat\/ceipcampselisis\/wp-json\/wp\/v2\/users\/3"}],"replies":[{"embeddable":true,"href":"https:\/\/agora.xtec.cat\/ceipcampselisis\/wp-json\/wp\/v2\/comments?post=7551"}],"version-history":[{"count":1,"href":"https:\/\/agora.xtec.cat\/ceipcampselisis\/wp-json\/wp\/v2\/posts\/7551\/revisions"}],"predecessor-version":[{"id":7553,"href":"https:\/\/agora.xtec.cat\/ceipcampselisis\/wp-json\/wp\/v2\/posts\/7551\/revisions\/7553"}],"wp:featuredmedia":[{"embeddable":true,"href":"https:\/\/agora.xtec.cat\/ceipcampselisis\/wp-json\/wp\/v2\/media\/7552"}],"wp:attachment":[{"href":"https:\/\/agora.xtec.cat\/ceipcampselisis\/wp-json\/wp\/v2\/media?parent=7551"}],"wp:term":[{"taxonomy":"category","embeddable":true,"href":"https:\/\/agora.xtec.cat\/ceipcampselisis\/wp-json\/wp\/v2\/categories?post=7551"},{"taxonomy":"post_tag","embeddable":true,"href":"https:\/\/agora.xtec.cat\/ceipcampselisis\/wp-json\/wp\/v2\/tags?post=7551"}],"curies":[{"name":"wp","href":"https:\/\/api.w.org\/{rel}","templated":true}]}}